{"id":37435,"date":"2022-06-01T18:58:57","date_gmt":"2022-06-01T16:58:57","guid":{"rendered":"https:\/\/wbp.lublin.pl\/?p=37435"},"modified":"2022-06-14T12:42:18","modified_gmt":"2022-06-14T10:42:18","slug":"z-cyklu-kresowa-atlantyda-twierdze-rzeczypospolitej-spotkanie-autorskie-z-prof-stanislawem-slawomirem-nicieja","status":"publish","type":"post","link":"https:\/\/wbp.lublin.pl\/index.php\/2022\/06\/01\/z-cyklu-kresowa-atlantyda-twierdze-rzeczypospolitej-spotkanie-autorskie-z-prof-stanislawem-slawomirem-nicieja\/","title":{"rendered":"Z cyklu &#8222;Kresowa Atlantyda&#8221;- &#8222;Twierdze Rzeczypospolitej&#8221;- spotkanie autorskie z prof. Stanis\u0142awem S\u0142awomirem Niciej\u0105"},"content":{"rendered":"\n\n<div class=\"wp-block-image\">\n<figure class=\"aligncenter size-full\"><img data-dominant-color=\"c0b8b1\" data-has-transparency=\"false\" style=\"--dominant-color: #c0b8b1;\" decoding=\"async\" sizes=\"(max-width: 350px) 100vw, 350px\" src=\"https:\/\/wbp.lublin.pl\/wp-content\/uploads\/2022\/06\/okladka-TXVII-4-2.jpg\" alt=\"\" class=\"wp-image-37443 not-transparent\"\/><\/figure>\n<\/div>\n\n\n<p style=\"text-align: center;\"><strong>Wojew\u00f3dzka Biblioteka Publiczna im. Hieronima \u0141opaci\u0144skiego w Lublinie<br \/><\/strong>oraz\u00a0<strong>Dyskusyjny Klub Ksi\u0105\u017cki<\/strong>\u00a0<br \/>zapraszaj\u0105 na spotkanie autorskie<\/p>\n<p class=\"has-text-align-center\">\u00a0<\/p>\n<h3 style=\"text-align: center;\">Stanis\u0142aw S\u0142awomir Nicieja<\/h3>\n<h4 style=\"text-align: center;\"><strong>Tom XVII cyklu<\/strong><em><br \/>Kresowa Atlantyda<\/em><br \/><em>Historia i mitologia miast kresowych<\/em>\u00a0<\/h4>\n<h3 style=\"text-align: center;\"><em>Twierdze Rzeczypospolitej<\/em><\/h3>\n<h3 style=\"text-align: center;\"><strong>9 czerwca (czwartek) 2022, godz. 17.00<br \/>Galeria Biblioteki<br \/>Lublin, ul. Narutowicza 4<\/strong><\/h3>\n<h4 style=\"text-align: center;\"><strong>Spotkanie poprowadzi<\/strong>\u00a0dr Grzegorz Figiel<\/h4>\n<p style=\"text-align: center;\"><strong>Wst\u0119p wolny. Zapraszamy!<\/strong><\/p>\n<p style=\"text-align: center;\"><strong>Spotkanie &#8211; realizowane w ramach Dyskusyjnych Klub\u00f3w Ksi\u0105\u017cki &#8211; b\u0119dzie r\u00f3wnie\u017c transmitowane online na Facebooku WBP (otwartym dla wszystkich)<\/strong><\/p>\n<div class=\"wp-block-image\">\n<figure class=\"aligncenter size-large\"><img data-dominant-color=\"f1dee2\" data-has-transparency=\"false\" style=\"--dominant-color: #f1dee2;\" loading=\"lazy\" decoding=\"async\" class=\"wp-image-27411 jetpack-lazy-image jetpack-lazy-image--handled not-transparent\" src=\"https:\/\/i0.wp.com\/wbp.lublin.pl\/wp-content\/uploads\/2020\/11\/belka_2018-4.jpg?resize=887%2C189&amp;ssl=1\" sizes=\"auto, (max-width: 887px) 100vw, 887px\" srcset=\"https:\/\/i0.wp.com\/wbp.lublin.pl\/wp-content\/uploads\/2020\/11\/belka_2018-4.jpg?w=1920&amp;ssl=1 1920w, https:\/\/i0.wp.com\/wbp.lublin.pl\/wp-content\/uploads\/2020\/11\/belka_2018-4.jpg?resize=300%2C64&amp;ssl=1 300w, https:\/\/i0.wp.com\/wbp.lublin.pl\/wp-content\/uploads\/2020\/11\/belka_2018-4.jpg?resize=150%2C32&amp;ssl=1 150w, https:\/\/i0.wp.com\/wbp.lublin.pl\/wp-content\/uploads\/2020\/11\/belka_2018-4.jpg?resize=768%2C164&amp;ssl=1 768w, https:\/\/i0.wp.com\/wbp.lublin.pl\/wp-content\/uploads\/2020\/11\/belka_2018-4.jpg?resize=258%2C55&amp;ssl=1 258w, https:\/\/i0.wp.com\/wbp.lublin.pl\/wp-content\/uploads\/2020\/11\/belka_2018-4.jpg?resize=1536%2C327&amp;ssl=1 1536w, https:\/\/i0.wp.com\/wbp.lublin.pl\/wp-content\/uploads\/2020\/11\/belka_2018-4.jpg?resize=2048%2C436&amp;ssl=1 2048w, https:\/\/i0.wp.com\/wbp.lublin.pl\/wp-content\/uploads\/2020\/11\/belka_2018-4.jpg?resize=947%2C202&amp;ssl=1 947w, https:\/\/i0.wp.com\/wbp.lublin.pl\/wp-content\/uploads\/2020\/11\/belka_2018-4.jpg?resize=624%2C133&amp;ssl=1 624w, https:\/\/i0.wp.com\/wbp.lublin.pl\/wp-content\/uploads\/2020\/11\/belka_2018-4.jpg?w=1774&amp;ssl=1 1774w\" alt=\"Logo DKK\" width=\"887\" height=\"189\" data-recalc-dims=\"1\" data-lazy-loaded=\"1\" \/>\n<figcaption><\/figcaption>\n<\/figure>\n<\/div>\n<p><strong>Stanis\u0142aw S\u0142awomir Nicieja<\/strong> (ur. 4 pa\u017adziernika 1948 w Strzegomiu) \u2013\u00a0\u00a0historyk i historyk sztuki XIX i XX wieku, profesor nauk humanistycznych, by\u0142y rektor Uniwersytetu Opolskiego, senator V kadencji. Autor kilkudziesi\u0119ciu ksi\u0105\u017cek, licznych artyku\u0142\u00f3w, w tym\u00a0 kilkunastu prac temat Cmentarza \u0141yczakowskiego we Lwowie oraz wielotomowego cyklu \u201eKresowa Atlantyda. Historia i mitologia miast kresowych\u201d. Tom XVII tego\u017c cyklu, zatytu\u0142owany \u201eTwierdze Rzeczypospolitej. Kamieniec Podolski, Chocim, Okopy \u015awi\u0119tej Tr\u00f3jcy, Jaz\u0142owiec, Trembowla)\u201d, zosta\u0142 opublikowany w roku 2022.<\/p>\n<p><a href=\"https:\/\/stanislawnicieja.pl\/\">O autorze<\/a><\/p>\n\n\n\n<p class=\"has-text-align-center wp-block-paragraph\"><\/p>\n","protected":false},"excerpt":{"rendered":"<p>9 czerwca 2022, godz. 17. 00<br \/>\nGaleria Biblioteki<\/p>\n","protected":false},"author":7,"featured_media":37448,"comment_status":"closed","ping_status":"closed","sticky":false,"template":"","format":"standard","meta":{"_tec_requires_first_save":true,"_crdt_document":"","pgc_sgb_lightbox_settings":"","_EventAllDay":false,"_EventTimezone":"","_EventStartDate":"","_EventEndDate":"","_EventStartDateUTC":"","_EventEndDateUTC":"","_EventShowMap":false,"_EventShowMapLink":false,"_EventURL":"","_EventCost":"","_EventCostDescription":"","_EventCurrencySymbol":"","_EventCurrencyCode":"","_EventCurrencyPosition":"","_EventDateTimeSeparator":"","_EventTimeRangeSeparator":"","_EventOrganizerID":[],"_EventVenueID":[],"_OrganizerEmail":"","_OrganizerPhone":"","_OrganizerWebsite":"","_VenueAddress":"","_VenueCity":"","_VenueCountry":"","_VenueProvince":"","_VenueState":"","_VenueZip":"","_VenuePhone":"","_VenueURL":"","_VenueStateProvince":"","_VenueLat":"","_VenueLng":"","_VenueShowMap":false,"_VenueShowMapLink":false,"_tribe_blocks_recurrence_rules":"","_tribe_blocks_recurrence_description":"","_tribe_blocks_recurrence_exclusions":"","footnotes":""},"categories":[10,54,105],"tags":[],"class_list":["post-37435","post","type-post","status-publish","format-standard","has-post-thumbnail","hentry","category-aktualnosci","category-spotkania","category-aktualnosci-dkk"],"publishpress_future_action":{"enabled":false,"date":"2026-05-06 14:57:25","action":"change-status","newStatus":"draft","terms":[],"taxonomy":"category","extraData":[]},"publishpress_future_workflow_manual_trigger":{"enabledWorkflows":[]},"_links":{"self":[{"href":"https:\/\/wbp.lublin.pl\/index.php\/wp-json\/wp\/v2\/posts\/37435","targetHints":{"allow":["GET"]}}],"collection":[{"href":"https:\/\/wbp.lublin.pl\/index.php\/wp-json\/wp\/v2\/posts"}],"about":[{"href":"https:\/\/wbp.lublin.pl\/index.php\/wp-json\/wp\/v2\/types\/post"}],"author":[{"embeddable":true,"href":"https:\/\/wbp.lublin.pl\/index.php\/wp-json\/wp\/v2\/users\/7"}],"replies":[{"embeddable":true,"href":"https:\/\/wbp.lublin.pl\/index.php\/wp-json\/wp\/v2\/comments?post=37435"}],"version-history":[{"count":18,"href":"https:\/\/wbp.lublin.pl\/index.php\/wp-json\/wp\/v2\/posts\/37435\/revisions"}],"predecessor-version":[{"id":37459,"href":"https:\/\/wbp.lublin.pl\/index.php\/wp-json\/wp\/v2\/posts\/37435\/revisions\/37459"}],"wp:featuredmedia":[{"embeddable":true,"href":"https:\/\/wbp.lublin.pl\/index.php\/wp-json\/wp\/v2\/media\/37448"}],"wp:attachment":[{"href":"https:\/\/wbp.lublin.pl\/index.php\/wp-json\/wp\/v2\/media?parent=37435"}],"wp:term":[{"taxonomy":"category","embeddable":true,"href":"https:\/\/wbp.lublin.pl\/index.php\/wp-json\/wp\/v2\/categories?post=37435"},{"taxonomy":"post_tag","embeddable":true,"href":"https:\/\/wbp.lublin.pl\/index.php\/wp-json\/wp\/v2\/tags?post=37435"}],"curies":[{"name":"wp","href":"https:\/\/api.w.org\/{rel}","templated":true}]}}