{"id":38829,"date":"2022-07-19T14:44:54","date_gmt":"2022-07-19T12:44:54","guid":{"rendered":"https:\/\/wbp.lublin.pl\/?p=38829"},"modified":"2022-08-09T14:44:02","modified_gmt":"2022-08-09T12:44:02","slug":"xxviii-edycja-nagrody-im-anny-platto","status":"publish","type":"post","link":"https:\/\/wbp.lublin.pl\/index.php\/2022\/07\/19\/xxviii-edycja-nagrody-im-anny-platto\/","title":{"rendered":"XXVIII edycja Nagrody im. Anny Platto"},"content":{"rendered":"\n\n\n<figure class=\"wp-block-gallery has-nested-images columns-default is-cropped wp-block-gallery-1 is-layout-flex wp-block-gallery-is-layout-flex\">\n<figure class=\"wp-block-image size-full\"><img data-dominant-color=\"d2d2d0\" data-has-transparency=\"false\" style=\"--dominant-color: #d2d2d0;\" decoding=\"async\" sizes=\"(max-width: 939px) 100vw, 939px\" data-id=\"30947\" src=\"https:\/\/wbp.lublin.pl\/wp-content\/uploads\/2021\/08\/LogoWBPbt.jpg\" alt=\"\" class=\"wp-image-30947 not-transparent\"\/><\/figure>\n\n\n\n<figure class=\"wp-block-image size-full\"><img data-dominant-color=\"cacaca\" data-has-transparency=\"false\" style=\"--dominant-color: #cacaca;\" decoding=\"async\" sizes=\"(max-width: 1152px) 100vw, 1152px\" data-id=\"30946\" src=\"https:\/\/wbp.lublin.pl\/wp-content\/uploads\/2021\/08\/LOGO-tow-biblioteki.jpg\" alt=\"\" class=\"wp-image-30946 not-transparent\"\/><\/figure>\n\n\n\n<figure class=\"wp-block-image size-full\"><img data-dominant-color=\"f2807e\" data-has-transparency=\"false\" style=\"--dominant-color: #f2807e;\" decoding=\"async\" sizes=\"(max-width: 225px) 100vw, 225px\" data-id=\"30945\" src=\"https:\/\/wbp.lublin.pl\/wp-content\/uploads\/2021\/08\/logo-sbp.png\" alt=\"\" class=\"wp-image-30945 not-transparent\"\/><\/figure>\n<\/figure>\n\n\n\n<div style=\"height:45px\" aria-hidden=\"true\" class=\"wp-block-spacer\"><\/div>\n\n\n\n<p class=\"wp-block-paragraph\">Wojew\u00f3dzka Biblioteka Publiczna im. Hieronima \u0141opaci\u0144skiego w Lublinie, Stowarzyszenie Bibliotekarzy Polskich Zarz\u0105d Okr\u0119gu w Lublinie, Towarzystwo Biblioteki Publicznej im. Hieronima \u0141opaci\u0144skiego informuj\u0105, \u017ce <strong>wr\u0119czenie Nagrody im. Anny Platto odb\u0119dzie si\u0119 8 sierpnia 2022 r. w Galerii WBP o godz. 11.00.<\/strong><\/p>\n\n\n\n<p class=\"wp-block-paragraph\"><strong>Uroczysto\u015b\u0107 b\u0119dzie transmitowana na Facebooku WBP.<\/strong><br><\/p>\n\n\n\n<p class=\"has-text-align-center wp-block-paragraph\"><strong>Cykliczna audycja internetowa Biblioteki<\/strong><br><strong>Facebook WBP (otwarty dla wszystkich) &#8211; odcinek 131<\/strong><\/p>\n\n\n\n<p class=\"has-text-align-center wp-block-paragraph\"><strong>28 grudnia 2022, godz. 10.00<\/strong><\/p>\n\n\n\n<div style=\"height:9px\" aria-hidden=\"true\" class=\"wp-block-spacer\"><\/div>\n\n\n\n<p class=\"wp-block-paragraph\">Gal\u0119 XXVIII edycji Nagrody obj\u0105\u0142 Honorowym Patronatem Lech Sprawka Wojewoda Lubelski, Jaros\u0142aw Stawiarski Marsza\u0142ek Wojew\u00f3dztwa Lubelskiego, dr Krzysztof \u017buk Prezydent Miasta Lublin, dr Barbara Budy\u0144ska Przewodnicz\u0105ca Zarz\u0105du G\u0142\u00f3wnego Stowarzyszenia Bibliotekarzy Polskich. atronatu medialnego u\u017cyczy\u0142 portal internetowy Stowarzyszenia Bibliotekarzy Polskich sbp.pl.<\/p>\n\n\n\n<p class=\"wp-block-paragraph\"><strong>Nagroda im. Anny Platto<\/strong> &#8211; przyznawana od 1995 roku w dniu urodzin Patronki pracownikom bibliotek publicznych z wojew\u00f3dztwa lubelskiego, wyr\u00f3\u017cniaj\u0105cym si\u0119<br>w popularyzacji literatury dzieci\u0119co-m\u0142odzie\u017cowej oraz nowatorskich formach pracy<br>z m\u0142odymi czytelnikami. Pomys\u0142odawc\u0105 Nagrody by\u0142 dr Zdzis\u0142aw Biele\u0144 (obecnie emerytowany dyrektor ds. merytorycznych WBP), a przez XXV edycji Fundatork\u0105 Nagrody by\u0142a siostra Patronki \u2013 Miros\u0142awa Platto.<\/p>\n\n\n\n<div class=\"wp-block-media-text alignwide is-stacked-on-mobile\"><figure class=\"wp-block-media-text__media\"><img data-dominant-color=\"9b9996\" data-has-transparency=\"false\" style=\"--dominant-color: #9b9996;\" decoding=\"async\" src=\"https:\/\/wbp.lublin.pl\/wp-content\/uploads\/2021\/08\/w-sloncu.jpg\" alt=\"Anna Platto - Patronka Nagrody\" class=\"wp-image-30829 size-full not-transparent\"\/><\/figure><div class=\"wp-block-media-text__content\">\n<p class=\"wp-block-paragraph\"><strong>Anna Platto (8 VIII 1944 &#8211; 15 III 1995) <\/strong>\u2013 absolwentka filologii polskiej UMCS, kustosz, instruktor-metodyk w Wojew\u00f3dzkiej Bibliotece Publicznej im. Hieronima \u0141opaci\u0144skiego w Lublinie, wyk\u0142adowca w Studium Bibliotekarskim. Znawczyni literatury pi\u0119knej, a szczeg\u00f3lnie dzieci\u0119cej i m\u0142odzie\u017cowej. Wypracowa\u0142a nowoczesny model bibliotek dzieci\u0119cych, \u0142\u0105cz\u0105cych znajomo\u015b\u0107 ksi\u0105\u017cki z formami jej upowszechniania. Zajmowa\u0142a si\u0119 ich organizacj\u0105, profilowaniem dzia\u0142alno\u015bci, doradztwem metodycznym. Posiada\u0142a dar integrowania ludzi.<\/p>\n<\/div><\/div>\n\n\n\n<p class=\"wp-block-paragraph\"><\/p>\n\n\n\n<p class=\"wp-block-paragraph\"><strong>Do tegorocznej edycji Nagrody nominowane zosta\u0142y:<\/strong><\/p>\n\n\n\n<p class=\"wp-block-paragraph\"><strong>&#8211; Dorota G\u0142ogowska <\/strong>z Biblioteki Publicznej Gminy Nielisz (pow. zamojski),<\/p>\n\n\n\n<p class=\"wp-block-paragraph\">&#8211; <strong>Urszula Kowalczyk <\/strong>z Gminnej Biblioteki Publicznej w Me\u0142gwi (pow. \u015bwidnicki),<\/p>\n\n\n\n<p class=\"wp-block-paragraph\">&#8211; <strong>Joanna Puchacz<\/strong> z Miejskiej Biblioteki Publicznej w Tarnogrodzie (pow. bi\u0142gorajski),<\/p>\n\n\n\n<p class=\"wp-block-paragraph\">&#8211; <strong>Katarzyna Sud\u00f3\u0142<\/strong> z Filii nr 1 Miejskiej Biblioteki Publicznej w Kra\u015bniku.<\/p>\n\n\n\n<p class=\"wp-block-paragraph\"><strong>Wywiady oraz zdj\u0119cia z nominowanymi oraz Laureatk\u0105 Nagrody im. Anny Platto 2022 przewidziane s\u0105 ok. godz. 12.00.<\/strong><\/p>\n\n\n\n<p class=\"wp-block-paragraph\">Informacji udziela:<\/p>\n\n\n\n<p class=\"wp-block-paragraph\">Marzena Targo\u0144ska<br>Dzia\u0142 Instrukcyjno-Metodyczny WBP<\/p>\n\n\n\n<p class=\"wp-block-paragraph\">tel. <strong><a href=\"tel:815287420\" data-type=\"tel\" data-id=\"tel:815287420\">81&nbsp;52 87&nbsp;420<\/a><\/strong> lub  <strong><a href=\"tel:815287422\" data-type=\"tel\" data-id=\"tel:815287422\">81&nbsp;52 87&nbsp;422<\/a><\/strong><\/p>\n","protected":false},"excerpt":{"rendered":"<p>8 sierpnia 2022, godz. 11.00<br \/>\nGaleria Biblioteki<\/p>\n","protected":false},"author":9,"featured_media":30825,"comment_status":"closed","ping_status":"closed","sticky":false,"template":"","format":"standard","meta":{"_tec_requires_first_save":true,"_crdt_document":"","pgc_sgb_lightbox_settings":"","_EventAllDay":false,"_EventTimezone":"","_EventStartDate":"","_EventEndDate":"","_EventStartDateUTC":"","_EventEndDateUTC":"","_EventShowMap":false,"_EventShowMapLink":false,"_EventURL":"","_EventCost":"","_EventCostDescription":"","_EventCurrencySymbol":"","_EventCurrencyCode":"","_EventCurrencyPosition":"","_EventDateTimeSeparator":"","_EventTimeRangeSeparator":"","_EventOrganizerID":[],"_EventVenueID":[],"_OrganizerEmail":"","_OrganizerPhone":"","_OrganizerWebsite":"","_VenueAddress":"","_VenueCity":"","_VenueCountry":"","_VenueProvince":"","_VenueState":"","_VenueZip":"","_VenuePhone":"","_VenueURL":"","_VenueStateProvince":"","_VenueLat":"","_VenueLng":"","_VenueShowMap":false,"_VenueShowMapLink":false,"_tribe_blocks_recurrence_rules":"","_tribe_blocks_recurrence_description":"","_tribe_blocks_recurrence_exclusions":"","footnotes":""},"categories":[10],"tags":[],"class_list":["post-38829","post","type-post","status-publish","format-standard","has-post-thumbnail","hentry","category-aktualnosci"],"publishpress_future_action":{"enabled":false,"date":"2026-05-06 15:54:51","action":"change-status","newStatus":"draft","terms":[],"taxonomy":"category","extraData":[]},"publishpress_future_workflow_manual_trigger":{"enabledWorkflows":[]},"_links":{"self":[{"href":"https:\/\/wbp.lublin.pl\/index.php\/wp-json\/wp\/v2\/posts\/38829","targetHints":{"allow":["GET"]}}],"collection":[{"href":"https:\/\/wbp.lublin.pl\/index.php\/wp-json\/wp\/v2\/posts"}],"about":[{"href":"https:\/\/wbp.lublin.pl\/index.php\/wp-json\/wp\/v2\/types\/post"}],"author":[{"embeddable":true,"href":"https:\/\/wbp.lublin.pl\/index.php\/wp-json\/wp\/v2\/users\/9"}],"replies":[{"embeddable":true,"href":"https:\/\/wbp.lublin.pl\/index.php\/wp-json\/wp\/v2\/comments?post=38829"}],"version-history":[{"count":11,"href":"https:\/\/wbp.lublin.pl\/index.php\/wp-json\/wp\/v2\/posts\/38829\/revisions"}],"predecessor-version":[{"id":38996,"href":"https:\/\/wbp.lublin.pl\/index.php\/wp-json\/wp\/v2\/posts\/38829\/revisions\/38996"}],"wp:featuredmedia":[{"embeddable":true,"href":"https:\/\/wbp.lublin.pl\/index.php\/wp-json\/wp\/v2\/media\/30825"}],"wp:attachment":[{"href":"https:\/\/wbp.lublin.pl\/index.php\/wp-json\/wp\/v2\/media?parent=38829"}],"wp:term":[{"taxonomy":"category","embeddable":true,"href":"https:\/\/wbp.lublin.pl\/index.php\/wp-json\/wp\/v2\/categories?post=38829"},{"taxonomy":"post_tag","embeddable":true,"href":"https:\/\/wbp.lublin.pl\/index.php\/wp-json\/wp\/v2\/tags?post=38829"}],"curies":[{"name":"wp","href":"https:\/\/api.w.org\/{rel}","templated":true}]}}