{"id":40351,"date":"2022-09-14T08:33:51","date_gmt":"2022-09-14T06:33:51","guid":{"rendered":"https:\/\/wbp.lublin.pl\/?p=40351"},"modified":"2023-08-10T11:33:50","modified_gmt":"2023-08-10T09:33:50","slug":"rozwijamy-kompetencje-jezykowe-czyli-kurs-jezyka-angielskiego-w-sestu","status":"publish","type":"post","link":"https:\/\/wbp.lublin.pl\/index.php\/2022\/09\/14\/rozwijamy-kompetencje-jezykowe-czyli-kurs-jezyka-angielskiego-w-sestu\/","title":{"rendered":"Rozwijamy kompetencje j\u0119zykowe czyli kurs j\u0119zyka angielskiego w Sestu"},"content":{"rendered":"\n<p class=\"wp-block-paragraph\">Akredytowany projekt numer: 2021-1-PL01-KA121-ADU-000010256 w ramach programu Erasmus+,<br>akcja kluczowa 1: Mobilno\u015b\u0107 edukacyjna os\u00f3b<br>Numer akredytacji: 2020-1-PL01-KA120-ADU-096333<br>Cele projektu: rozw\u00f3j zawodowy oraz wzrost wiedzy dzi\u0119ki nabyciu kompetencji j\u0119zykowych przez<br>uczestnik\u00f3w projektu; rozwijanie wsp\u00f3\u0142pracy mi\u0119dzynarodowej oraz prze\u0142amywanie barier kulturowych;<br>zapoznanie si\u0119 z nowymi ofertami edukacyjnymi, w szczeg\u00f3lno\u015bci skierowanymi do obcokrajowc\u00f3w,<br>bezrobotnych i senior\u00f3w.<\/p>\n\n\n\n<p class=\"wp-block-paragraph\">W dniach 11-22 lipca 2022 roku, cztery osoby \u2013 pracownicy Wojew\u00f3dzkiej Biblioteki<br>Publicznej im. Hieronima \u0141opaci\u0144skiego w Lublinie \u2013 uczestniczyli w kursie j\u0119zyka<br>angielskiego na w\u0142oskiej wyspie Sardynia. Organizatorem kursu by\u0142a szko\u0142a j\u0119zyka<br>angielskiego I speak English w miejscowo\u015bci Sestu, kt\u00f3re jest po\u0142o\u017cone niedaleko stolicy<br>wyspy \u2013 Cagliari. Kurs by\u0142 cz\u0119\u015bci\u0105 projektu, realizowanego w ramach programu Erasmus+.<br>Celem wyjazdu by\u0142o rozszerzenie kompetencji i umiej\u0119tno\u015bci j\u0119zykowych uczestnik\u00f3w,<br>wymiana kulturowa oraz zdobycie mi\u0119dzynarodowych do\u015bwiadcze\u0144.<br>Uczestnicy byli bardzo zadowoleni ze szko\u0142y, kt\u00f3ra okaza\u0142a si\u0119 jak najbardziej<br>trafnym wyborem. I speak English Sestu to niewielka, rodzinna szko\u0142a j\u0119zyka angielskiego,<br>kt\u00f3ra oferuje kursy dla dzieci i doros\u0142ych na wszystkich poziomach zaawansowania. Zaj\u0119cia<br>prowadzone by\u0142y w przyjaznej i lu\u017anej atmosferze, ale w profesjonalny spos\u00f3b z<br>wykorzystaniem atrakcyjnych i r\u00f3\u017cnorodnych metod nauczania. Uczestnicy korzystali z<br>konwersatori\u00f3w, zaj\u0119\u0107 dotycz\u0105cych gramatyki, mieli te\u017c zadawane prace domowe.<br>Dysponowali te\u017c aplikacj\u0105, umo\u017cliwiaj\u0105c\u0105 dost\u0119p do podr\u0119cznika i innych materia\u0142\u00f3w do<br>nauki j\u0119zyka angielskiego. Lektorzy byli mili i kompetentni, ale jednocze\u015bnie wymagaj\u0105cy i<br>aktywizuj\u0105cy uczestnik\u00f3w. Pracownicy szko\u0142y anga\u017cowali si\u0119 nie tylko w proces nauczania,<br>s\u0142u\u017cyli r\u00f3wnie\u017c radami, co do aktywno\u015bci pozaszkolnych. Dzi\u0119ki temu, uczestnicy zwiedzili<br>pi\u0119kne Cagliari i zobaczyli pla\u017ce w okolicy, mieli tak\u017ce okazj\u0119 obcowa\u0107 z kultur\u0105 i kuchni\u0105<br>Sardy\u0144czyk\u00f3w.<br>Za\u0142o\u017cone cele projektu \u2013 wymiana kulturowa, doskonalenie kompetencji j\u0119zykowych<br>bibliotekarzy, zapoznanie si\u0119 z europejskimi modelami nauczania doros\u0142ych, otwarto\u015b\u0107 na<br>wielokulturow\u0105 edukacj\u0119 obywatelsk\u0105 i kszta\u0142cenie j\u0119zykowe \u2013 zosta\u0142y zrealizowane.<br>Uczestnicy wr\u00f3cili zadowoleni i z poczuciem, \u017ce nauczyli si\u0119 czego\u015b nowego, a ich<br>kompetencje j\u0119zykowe wzros\u0142y. Umiej\u0119tno\u015bci, kt\u00f3re nabyli, s\u0105 wykorzystywane przy<br>obs\u0142udze obcoj\u0119zycznych u\u017cytkownik\u00f3w Biblioteki, a tak\u017ce podczas wyjazd\u00f3w typu job<br>shadowing w ramach projektu.<\/p>\n\n\n\n<figure class=\"wp-block-gallery has-nested-images columns-default is-cropped wp-block-gallery-1 is-layout-flex wp-block-gallery-is-layout-flex\">\n<figure class=\"wp-block-image size-large\"><a href=\"https:\/\/wbp.lublin.pl\/wp-content\/uploads\/2022\/09\/306212380_802350281203351_513985480164138280_n.jpg\"><img data-dominant-color=\"948a84\" data-has-transparency=\"false\" style=\"--dominant-color: #948a84;\" decoding=\"async\" sizes=\"(max-width: 1438px) 100vw, 1438px\" data-id=\"40358\" src=\"https:\/\/wbp.lublin.pl\/wp-content\/uploads\/2022\/09\/306212380_802350281203351_513985480164138280_n-1438x1080.jpg\" alt=\"\" class=\"wp-image-40358 not-transparent\"\/><\/a><\/figure>\n\n\n\n<figure class=\"wp-block-image size-large\"><a href=\"https:\/\/wbp.lublin.pl\/wp-content\/uploads\/2022\/09\/306160126_599304724980528_226970977873422370_n.jpg\"><img data-dominant-color=\"746862\" data-has-transparency=\"false\" style=\"--dominant-color: #746862;\" decoding=\"async\" data-id=\"40357\" src=\"https:\/\/wbp.lublin.pl\/wp-content\/uploads\/2022\/09\/306160126_599304724980528_226970977873422370_n.jpg\" alt=\"\" class=\"wp-image-40357 not-transparent\"\/><\/a><\/figure>\n\n\n\n<figure class=\"wp-block-image size-large\"><a href=\"https:\/\/wbp.lublin.pl\/wp-content\/uploads\/2022\/09\/306153361_1205821519962949_467415512735009381_n.jpg\"><img data-dominant-color=\"8d8a86\" data-has-transparency=\"false\" style=\"--dominant-color: #8d8a86;\" decoding=\"async\" data-id=\"40356\" src=\"https:\/\/wbp.lublin.pl\/wp-content\/uploads\/2022\/09\/306153361_1205821519962949_467415512735009381_n.jpg\" alt=\"\" class=\"wp-image-40356 not-transparent\"\/><\/a><\/figure>\n\n\n\n<figure class=\"wp-block-image size-large\"><a href=\"https:\/\/wbp.lublin.pl\/wp-content\/uploads\/2022\/09\/306121439_598281782004094_5332803764760920682_n.jpg\"><img data-dominant-color=\"9e8f86\" data-has-transparency=\"false\" style=\"--dominant-color: #9e8f86;\" decoding=\"async\" data-id=\"40355\" src=\"https:\/\/wbp.lublin.pl\/wp-content\/uploads\/2022\/09\/306121439_598281782004094_5332803764760920682_n.jpg\" alt=\"\" class=\"wp-image-40355 not-transparent\"\/><\/a><\/figure>\n\n\n\n<figure class=\"wp-block-image size-large\"><a href=\"https:\/\/wbp.lublin.pl\/wp-content\/uploads\/2022\/09\/306113257_1272250716881740_1807544378942515066_n-1.jpg\"><img data-dominant-color=\"96938f\" data-has-transparency=\"false\" style=\"--dominant-color: #96938f;\" decoding=\"async\" data-id=\"40354\" src=\"https:\/\/wbp.lublin.pl\/wp-content\/uploads\/2022\/09\/306113257_1272250716881740_1807544378942515066_n-1.jpg\" alt=\"\" class=\"wp-image-40354 not-transparent\"\/><\/a><\/figure>\n\n\n\n<figure class=\"wp-block-image size-large\"><a href=\"https:\/\/wbp.lublin.pl\/wp-content\/uploads\/2022\/09\/293853004_611544870296716_2310220081284939276_n.jpg\"><img data-dominant-color=\"989191\" data-has-transparency=\"false\" style=\"--dominant-color: #989191;\" decoding=\"async\" data-id=\"40353\" src=\"https:\/\/wbp.lublin.pl\/wp-content\/uploads\/2022\/09\/293853004_611544870296716_2310220081284939276_n.jpg\" alt=\"\" class=\"wp-image-40353 not-transparent\"\/><\/a><\/figure>\n\n\n\n<figure class=\"wp-block-image size-large\"><a href=\"https:\/\/wbp.lublin.pl\/wp-content\/uploads\/2022\/09\/306747951_762105325071411_8266402932859622824_n.jpg\"><img data-dominant-color=\"936f66\" data-has-transparency=\"false\" style=\"--dominant-color: #936f66;\" decoding=\"async\" data-id=\"40352\" src=\"https:\/\/wbp.lublin.pl\/wp-content\/uploads\/2022\/09\/306747951_762105325071411_8266402932859622824_n.jpg\" alt=\"\" class=\"wp-image-40352 not-transparent\"\/><\/a><\/figure>\n<\/figure>\n","protected":false},"excerpt":{"rendered":"<p>Akredytowany projekt numer: 2021-1-PL01-KA121-ADU-000010256 w ramach programu Erasmus+,akcja kluczowa 1: Mobilno\u015b\u0107 edukacyjna os\u00f3bNumer akredytacji: 2020-1-PL01-KA120-ADU-096333Cele projektu: rozw\u00f3j zawodowy oraz wzrost wiedzy dzi\u0119ki nabyciu kompetencji j\u0119zykowych przezuczestnik\u00f3w projektu; rozwijanie wsp\u00f3\u0142pracy mi\u0119dzynarodowej [&hellip;]<\/p>\n","protected":false},"author":18,"featured_media":40358,"comment_status":"closed","ping_status":"closed","sticky":false,"template":"","format":"standard","meta":{"_tec_requires_first_save":true,"_crdt_document":"","pgc_sgb_lightbox_settings":"","_EventAllDay":false,"_EventTimezone":"","_EventStartDate":"","_EventEndDate":"","_EventStartDateUTC":"","_EventEndDateUTC":"","_EventShowMap":false,"_EventShowMapLink":false,"_EventURL":"","_EventCost":"","_EventCostDescription":"","_EventCurrencySymbol":"","_EventCurrencyCode":"","_EventCurrencyPosition":"","_EventDateTimeSeparator":"","_EventTimeRangeSeparator":"","_EventOrganizerID":[],"_EventVenueID":[],"_OrganizerEmail":"","_OrganizerPhone":"","_OrganizerWebsite":"","_VenueAddress":"","_VenueCity":"","_VenueCountry":"","_VenueProvince":"","_VenueState":"","_VenueZip":"","_VenuePhone":"","_VenueURL":"","_VenueStateProvince":"","_VenueLat":"","_VenueLng":"","_VenueShowMap":false,"_VenueShowMapLink":false,"_tribe_blocks_recurrence_rules":"","_tribe_blocks_recurrence_description":"","_tribe_blocks_recurrence_exclusions":"","footnotes":""},"categories":[1],"tags":[716],"class_list":["post-40351","post","type-post","status-publish","format-standard","has-post-thumbnail","hentry","category-bez-kategorii","tag-erasmusplus"],"publishpress_future_action":{"enabled":false,"date":"2026-05-06 17:35:50","action":"change-status","newStatus":"draft","terms":[],"taxonomy":"category","extraData":[]},"publishpress_future_workflow_manual_trigger":{"enabledWorkflows":[]},"_links":{"self":[{"href":"https:\/\/wbp.lublin.pl\/index.php\/wp-json\/wp\/v2\/posts\/40351","targetHints":{"allow":["GET"]}}],"collection":[{"href":"https:\/\/wbp.lublin.pl\/index.php\/wp-json\/wp\/v2\/posts"}],"about":[{"href":"https:\/\/wbp.lublin.pl\/index.php\/wp-json\/wp\/v2\/types\/post"}],"author":[{"embeddable":true,"href":"https:\/\/wbp.lublin.pl\/index.php\/wp-json\/wp\/v2\/users\/18"}],"replies":[{"embeddable":true,"href":"https:\/\/wbp.lublin.pl\/index.php\/wp-json\/wp\/v2\/comments?post=40351"}],"version-history":[{"count":2,"href":"https:\/\/wbp.lublin.pl\/index.php\/wp-json\/wp\/v2\/posts\/40351\/revisions"}],"predecessor-version":[{"id":40475,"href":"https:\/\/wbp.lublin.pl\/index.php\/wp-json\/wp\/v2\/posts\/40351\/revisions\/40475"}],"wp:featuredmedia":[{"embeddable":true,"href":"https:\/\/wbp.lublin.pl\/index.php\/wp-json\/wp\/v2\/media\/40358"}],"wp:attachment":[{"href":"https:\/\/wbp.lublin.pl\/index.php\/wp-json\/wp\/v2\/media?parent=40351"}],"wp:term":[{"taxonomy":"category","embeddable":true,"href":"https:\/\/wbp.lublin.pl\/index.php\/wp-json\/wp\/v2\/categories?post=40351"},{"taxonomy":"post_tag","embeddable":true,"href":"https:\/\/wbp.lublin.pl\/index.php\/wp-json\/wp\/v2\/tags?post=40351"}],"curies":[{"name":"wp","href":"https:\/\/api.w.org\/{rel}","templated":true}]}}