{"id":41234,"date":"2022-11-17T08:24:09","date_gmt":"2022-11-17T07:24:09","guid":{"rendered":"https:\/\/wbp.lublin.pl\/?p=41234"},"modified":"2022-12-27T13:34:18","modified_gmt":"2022-12-27T12:34:18","slug":"xvi-ogolnopolskie-biennale-tworczosci-plastycznej-nauczycieli","status":"publish","type":"post","link":"https:\/\/wbp.lublin.pl\/index.php\/2022\/11\/17\/xvi-ogolnopolskie-biennale-tworczosci-plastycznej-nauczycieli\/","title":{"rendered":"XVI Og\u00f3lnopolskie Biennale Tw\u00f3rczo\u015bci Plastycznej Nauczycieli"},"content":{"rendered":"\n<p>Wystawa &#8211; eksponowana w Galerii Biblioteki do ko\u0144ca grudnia 2022 &#8211; jest dost\u0119pna dla zwiedzaj\u0105cych od poniedzia\u0142ku do soboty w godzinach pracy Biblioteki. Wst\u0119p wolny. Zapraszamy!<\/p>\n\n\n\n<figure class=\"wp-block-image size-large is-resized\"><img data-dominant-color=\"8e877f\" data-has-transparency=\"false\" style=\"--dominant-color: #8e877f;\" loading=\"lazy\" decoding=\"async\" sizes=\"auto, (max-width: 764px) 100vw, 764px\" src=\"https:\/\/wbp.lublin.pl\/wp-content\/uploads\/2022\/11\/ostatnia-strona-katalogu-biennale-764x1080.webp\" alt=\"\" class=\"wp-image-41236 not-transparent\" width=\"764\" height=\"1080\" srcset=\"https:\/\/wbp.lublin.pl\/wp-content\/uploads\/2022\/11\/ostatnia-strona-katalogu-biennale-764x1080.webp 764w, https:\/\/wbp.lublin.pl\/wp-content\/uploads\/2022\/11\/ostatnia-strona-katalogu-biennale-424x600.webp 424w, https:\/\/wbp.lublin.pl\/wp-content\/uploads\/2022\/11\/ostatnia-strona-katalogu-biennale-283x400.webp 283w, https:\/\/wbp.lublin.pl\/wp-content\/uploads\/2022\/11\/ostatnia-strona-katalogu-biennale-768x1086.webp 768w, https:\/\/wbp.lublin.pl\/wp-content\/uploads\/2022\/11\/ostatnia-strona-katalogu-biennale-1086x1536.webp 1086w, https:\/\/wbp.lublin.pl\/wp-content\/uploads\/2022\/11\/ostatnia-strona-katalogu-biennale-1448x2048.webp 1448w, https:\/\/wbp.lublin.pl\/wp-content\/uploads\/2022\/11\/ostatnia-strona-katalogu-biennale-947x1340.webp 947w, https:\/\/wbp.lublin.pl\/wp-content\/uploads\/2022\/11\/ostatnia-strona-katalogu-biennale-624x883.webp 624w, https:\/\/wbp.lublin.pl\/wp-content\/uploads\/2022\/11\/ostatnia-strona-katalogu-biennale-scaled.webp 1810w\" \/><\/figure>\n\n\n\n<figure class=\"wp-block-image size-large\"><img data-dominant-color=\"fafafa\" data-has-transparency=\"false\" style=\"--dominant-color: #fafafa;\" loading=\"lazy\" decoding=\"async\" width=\"764\" height=\"1080\" sizes=\"auto, (max-width: 764px) 100vw, 764px\" src=\"https:\/\/wbp.lublin.pl\/wp-content\/uploads\/2022\/11\/ostatnia-strona-katalogu-biennale2-764x1080.webp\" alt=\"\" class=\"wp-image-41235 not-transparent\" srcset=\"https:\/\/wbp.lublin.pl\/wp-content\/uploads\/2022\/11\/ostatnia-strona-katalogu-biennale2-764x1080.webp 764w, https:\/\/wbp.lublin.pl\/wp-content\/uploads\/2022\/11\/ostatnia-strona-katalogu-biennale2-424x600.webp 424w, https:\/\/wbp.lublin.pl\/wp-content\/uploads\/2022\/11\/ostatnia-strona-katalogu-biennale2-283x400.webp 283w, https:\/\/wbp.lublin.pl\/wp-content\/uploads\/2022\/11\/ostatnia-strona-katalogu-biennale2-768x1086.webp 768w, https:\/\/wbp.lublin.pl\/wp-content\/uploads\/2022\/11\/ostatnia-strona-katalogu-biennale2-1086x1536.webp 1086w, https:\/\/wbp.lublin.pl\/wp-content\/uploads\/2022\/11\/ostatnia-strona-katalogu-biennale2-1448x2048.webp 1448w, https:\/\/wbp.lublin.pl\/wp-content\/uploads\/2022\/11\/ostatnia-strona-katalogu-biennale2-947x1340.webp 947w, https:\/\/wbp.lublin.pl\/wp-content\/uploads\/2022\/11\/ostatnia-strona-katalogu-biennale2-624x883.webp 624w, https:\/\/wbp.lublin.pl\/wp-content\/uploads\/2022\/11\/ostatnia-strona-katalogu-biennale2-scaled.webp 1810w\" \/><\/figure>\n","protected":false},"excerpt":{"rendered":"<p>Wystawa &#8211; eksponowana w Galerii Biblioteki do ko\u0144ca grudnia 2022 &#8211; jest dost\u0119pna dla zwiedzaj\u0105cych od poniedzia\u0142ku do soboty w godzinach pracy Biblioteki. Wst\u0119p wolny. Zapraszamy!<\/p>\n","protected":false},"author":7,"featured_media":41236,"comment_status":"closed","ping_status":"closed","sticky":false,"template":"","format":"standard","meta":{"_tec_requires_first_save":true,"_crdt_document":"","pgc_sgb_lightbox_settings":"","_EventAllDay":false,"_EventTimezone":"","_EventStartDate":"","_EventEndDate":"","_EventStartDateUTC":"","_EventEndDateUTC":"","_EventShowMap":false,"_EventShowMapLink":false,"_EventURL":"","_EventCost":"","_EventCostDescription":"","_EventCurrencySymbol":"","_EventCurrencyCode":"","_EventCurrencyPosition":"","_EventDateTimeSeparator":"","_EventTimeRangeSeparator":"","_EventOrganizerID":[],"_EventVenueID":[],"_OrganizerEmail":"","_OrganizerPhone":"","_OrganizerWebsite":"","_VenueAddress":"","_VenueCity":"","_VenueCountry":"","_VenueProvince":"","_VenueState":"","_VenueZip":"","_VenuePhone":"","_VenueURL":"","_VenueStateProvince":"","_VenueLat":"","_VenueLng":"","_VenueShowMap":false,"_VenueShowMapLink":false,"_tribe_blocks_recurrence_rules":"","_tribe_blocks_recurrence_description":"","_tribe_blocks_recurrence_exclusions":"","footnotes":""},"categories":[674,10,55],"tags":[],"class_list":["post-41234","post","type-post","status-publish","format-standard","has-post-thumbnail","hentry","category-rok-2022","category-aktualnosci","category-wystawy"],"publishpress_future_action":{"enabled":false,"date":"2026-05-06 16:01:51","action":"change-status","newStatus":"draft","terms":[],"taxonomy":"category","extraData":[]},"publishpress_future_workflow_manual_trigger":{"enabledWorkflows":[]},"_links":{"self":[{"href":"https:\/\/wbp.lublin.pl\/index.php\/wp-json\/wp\/v2\/posts\/41234","targetHints":{"allow":["GET"]}}],"collection":[{"href":"https:\/\/wbp.lublin.pl\/index.php\/wp-json\/wp\/v2\/posts"}],"about":[{"href":"https:\/\/wbp.lublin.pl\/index.php\/wp-json\/wp\/v2\/types\/post"}],"author":[{"embeddable":true,"href":"https:\/\/wbp.lublin.pl\/index.php\/wp-json\/wp\/v2\/users\/7"}],"replies":[{"embeddable":true,"href":"https:\/\/wbp.lublin.pl\/index.php\/wp-json\/wp\/v2\/comments?post=41234"}],"version-history":[{"count":2,"href":"https:\/\/wbp.lublin.pl\/index.php\/wp-json\/wp\/v2\/posts\/41234\/revisions"}],"predecessor-version":[{"id":41312,"href":"https:\/\/wbp.lublin.pl\/index.php\/wp-json\/wp\/v2\/posts\/41234\/revisions\/41312"}],"wp:featuredmedia":[{"embeddable":true,"href":"https:\/\/wbp.lublin.pl\/index.php\/wp-json\/wp\/v2\/media\/41236"}],"wp:attachment":[{"href":"https:\/\/wbp.lublin.pl\/index.php\/wp-json\/wp\/v2\/media?parent=41234"}],"wp:term":[{"taxonomy":"category","embeddable":true,"href":"https:\/\/wbp.lublin.pl\/index.php\/wp-json\/wp\/v2\/categories?post=41234"},{"taxonomy":"post_tag","embeddable":true,"href":"https:\/\/wbp.lublin.pl\/index.php\/wp-json\/wp\/v2\/tags?post=41234"}],"curies":[{"name":"wp","href":"https:\/\/api.w.org\/{rel}","templated":true}]}}