{"id":41763,"date":"2022-12-06T18:09:26","date_gmt":"2022-12-06T17:09:26","guid":{"rendered":"https:\/\/wbp.lublin.pl\/?p=41763"},"modified":"2026-02-05T09:28:27","modified_gmt":"2026-02-05T08:28:27","slug":"przedswiateczne-prezenty-w-poranku-u-hieronima","status":"publish","type":"post","link":"https:\/\/wbp.lublin.pl\/index.php\/2022\/12\/06\/przedswiateczne-prezenty-w-poranku-u-hieronima\/","title":{"rendered":"Przed\u015bwi\u0105teczne prezenty w &#8222;Poranku u Hieronima&#8221;"},"content":{"rendered":"\n<div class=\"wp-block-wpzoom-blocks-social-icons is-style-without-canvas-with-label\" style=\"--wpz-social-icons-block-item-font-size:40px;--wpz-social-icons-block-item-padding-horizontal:15px;--wpz-social-icons-block-item-padding-vertical:10px;--wpz-social-icons-block-item-margin-horizontal:0px;--wpz-social-icons-block-item-margin-vertical:0px;--wpz-social-icons-block-item-border-radius:50px;--wpz-social-icons-block-label-font-size:15px;--wpz-social-icons-block-label-color:inherit;--wpz-social-icons-block-label-color-hover:#f1f1f1;--wpz-social-icons-alignment:center\"><a href=\"https:\/\/www.facebook.com\/wbplublin\/\" class=\"social-icon-link\" title=\"Facebook\" target=\"_blank\" style=\"--wpz-social-icons-block-item-color:#4267b2;--wpz-social-icons-block-item-color-hover:#F89406\" rel=\"noopener\"><span class=\"social-icon socicon socicon-facebook\"><\/span><\/a><a href=\"https:\/\/wbp.lublin.pl\" class=\"social-icon-link\" title=\"WordPress\" target=\"_blank\" style=\"--wpz-social-icons-block-item-color:#1877F2;--wpz-social-icons-block-item-color-hover:#F89406\" rel=\"noopener\"><span class=\"social-icon socicon socicon-wordpress\"><\/span><\/a><a href=\"https:\/\/www.youtube.com\/@wbpwlublinie3710\/\" class=\"social-icon-link\" title=\"Youtube\" target=\"_blank\" style=\"--wpz-social-icons-block-item-color:#ff0000;--wpz-social-icons-block-item-color-hover:#F89406\" rel=\"noopener\"><span class=\"social-icon socicon socicon-youtube\"><\/span><\/a><\/div>\n\n\n\n<h2 class=\"wp-block-heading has-text-align-center\">7 grudnia 2022, godz. 10.00<\/h2>\n\n\n\n<h2 class=\"wp-block-heading has-text-align-center\">Cykliczna audycja internetowa Biblioteki<br>Facebook WBP (otwarty dla wszystkich)<\/h2>\n\n\n\n<p style=\"text-align: center;\"><strong>W programie:<\/strong><\/p>\n\n\n<div class=\"wp-block-image\">\n<figure class=\"alignleft size-large is-resized\"><img data-dominant-color=\"7e746d\" data-has-transparency=\"false\" loading=\"lazy\" decoding=\"async\" width=\"807\" height=\"1080\" sizes=\"auto, (max-width: 807px) 100vw, 807px\" src=\"https:\/\/wbp.lublin.pl\/wp-content\/uploads\/2022\/12\/wloczki_6-807x1080.webp\" alt=\"\" class=\"wp-image-41769 not-transparent\" style=\"--dominant-color: #7e746d; width:202px;height:270px\" srcset=\"https:\/\/wbp.lublin.pl\/wp-content\/uploads\/2022\/12\/wloczki_6-807x1080.webp 807w, https:\/\/wbp.lublin.pl\/wp-content\/uploads\/2022\/12\/wloczki_6-448x600.webp 448w, https:\/\/wbp.lublin.pl\/wp-content\/uploads\/2022\/12\/wloczki_6-299x400.webp 299w, https:\/\/wbp.lublin.pl\/wp-content\/uploads\/2022\/12\/wloczki_6-768x1028.webp 768w, https:\/\/wbp.lublin.pl\/wp-content\/uploads\/2022\/12\/wloczki_6-1148x1536.webp 1148w, https:\/\/wbp.lublin.pl\/wp-content\/uploads\/2022\/12\/wloczki_6-1531x2048.webp 1531w, https:\/\/wbp.lublin.pl\/wp-content\/uploads\/2022\/12\/wloczki_6-947x1267.webp 947w, https:\/\/wbp.lublin.pl\/wp-content\/uploads\/2022\/12\/wloczki_6-624x835.webp 624w, https:\/\/wbp.lublin.pl\/wp-content\/uploads\/2022\/12\/wloczki_6-scaled.webp 1913w\" \/><\/figure>\n<\/div>\n\n\n<p class=\"wp-block-paragraph\"><\/p>\n\n\n\n<p class=\"wp-block-paragraph\"><\/p>\n\n\n\n<p class=\"wp-block-paragraph\"><\/p>\n\n\n\n<p class=\"wp-block-paragraph\">Jak co roku grupa <strong>Otulanie w\u0142\u00f3czk\u0105 <\/strong>przygotowuje prezent dla mieszka\u0144c\u00f3w Lublina \u2013 centrum zdobi\u0105 miko\u0142ajkowe czapki wykonane r\u0119cznie przez cz\u0142onkinie grupy, za\u015b po mie\u015bcie kursuje specjalnie udekorowany trolejbus. W tym roku czapki pojawi\u0142y si\u0119 tak\u017ce na ogrodzeniu naszej Biblioteki. Nie tylko o tych projektach opowie w programie <strong>Ewa Molik<\/strong>, za\u0142o\u017cycielka grupy <strong>Otulanie w\u0142\u00f3czk\u0105.<\/strong><a href=\"https:\/\/www.facebook.com\/otulaniewloczka\">Otulanie w\u0142\u00f3czk\u0105 &#8211; Facebook<\/a><\/p>\n\n\n\n<p class=\"wp-block-paragraph\">Fot. <strong>Ewa Molik<\/strong><\/p>\n\n\n\n<p class=\"wp-block-paragraph\"><\/p>\n\n\n\n<p class=\"wp-block-paragraph\"><\/p>\n\n\n\n<hr class=\"wp-block-separator has-alpha-channel-opacity\"\/>\n\n\n\n<p class=\"wp-block-paragraph\"><\/p>\n\n\n<div class=\"wp-block-image\">\n<figure class=\"alignleft size-large is-resized\"><img data-dominant-color=\"75372b\" data-has-transparency=\"false\" loading=\"lazy\" decoding=\"async\" width=\"961\" height=\"1080\" sizes=\"auto, (max-width: 961px) 100vw, 961px\" src=\"https:\/\/wbp.lublin.pl\/wp-content\/uploads\/2022\/11\/Okladka_www-961x1080.webp\" alt=\"\" class=\"wp-image-41524 not-transparent\" style=\"--dominant-color: #75372b; width:240px;height:270px\" srcset=\"https:\/\/wbp.lublin.pl\/wp-content\/uploads\/2022\/11\/Okladka_www-961x1080.webp 961w, https:\/\/wbp.lublin.pl\/wp-content\/uploads\/2022\/11\/Okladka_www-534x600.webp 534w, https:\/\/wbp.lublin.pl\/wp-content\/uploads\/2022\/11\/Okladka_www-356x400.webp 356w, https:\/\/wbp.lublin.pl\/wp-content\/uploads\/2022\/11\/Okladka_www-768x863.webp 768w, https:\/\/wbp.lublin.pl\/wp-content\/uploads\/2022\/11\/Okladka_www-947x1064.webp 947w, https:\/\/wbp.lublin.pl\/wp-content\/uploads\/2022\/11\/Okladka_www-624x701.webp 624w, https:\/\/wbp.lublin.pl\/wp-content\/uploads\/2022\/11\/Okladka_www.webp 1270w\" \/><\/figure>\n<\/div>\n\n\n<p class=\"wp-block-paragraph\"><\/p>\n\n\n\n<p class=\"wp-block-paragraph\"><em><strong>\u201eTam, gdzie kwitn\u0105 kasztany\u201d<\/strong>&nbsp;to ksi\u0105\u017cka biograficzna, opisuj\u0105ca histori\u0119 kilku pokole\u0144 na tle r\u00f3\u017cnych wydarze\u0144 historycznych. (\u2026) Ksi\u0105\u017cka wiernie odzwierciedla r\u00f3\u017cne zdarzenia, przemiany kulturowe, obyczajowe i historyczne, jakie zachodzi\u0142y we wszystkich obszarach \u017cycia naszego kraju. (\u2026) Jest to ksi\u0105\u017cka dla ka\u017cdego, tak\u017ce z uwagi na prosty, niekiedy bardzo emocjonalny j\u0119zyk (\u2026). A mo\u017ce biografia ta oka\u017ce si\u0119 regionalnym bestsellerem?<\/em><\/p>\n\n\n\n<p class=\"wp-block-paragraph\"><br>S\u0142owa <strong>Ireny Pawusiak-Sosn\u00f3wk<\/strong>i wprowadzaj\u0105 czytelnik\u00f3w w klimat ksi\u0105\u017cki autorstwa prof. <strong>J\u00f3zefa Zaj\u0105ca<\/strong> <strong>&#8222;Tam, gdzie kwitn\u0105 kasztany&#8221;<\/strong>.  Autor ksi\u0105\u017cki osobi\u015bcie zaprosi Pa\u0144stwa na sw\u00f3j wiecz\u00f3r autorski (8 grudnia w Bibliotece), a w rozmowie &#8222;Porankowej&#8221; &#8211; b\u0119d\u0105cej przedsmakiem tego spotkania &#8211; ujawni kilka wa\u017cnych temat\u00f3w, kt\u00f3re ksi\u0105\u017cka podejmuje.<\/p>\n\n\n\n\n\n<p class=\"wp-block-paragraph\"><\/p>\n\n\n\n<p class=\"wp-block-paragraph\">Zapraszaj\u0105: <strong>Dorota Mo\u015bcibrodzka<\/strong> i <strong>Ewa Hadrian<\/strong><\/p>\n\n\n\n<p class=\"wp-block-paragraph\">Odcinki archiwalne s\u0105 dost\u0119pne na kanale YouTube Biblioteki<\/p>\n\n\n\n<figure class=\"wp-block-embed is-type-video is-provider-youtube wp-block-embed-youtube wp-embed-aspect-16-9 wp-has-aspect-ratio\"><div class=\"wp-block-embed__wrapper\">\n<iframe loading=\"lazy\" title=\"Poranek u Hieronima - odc. 128\" width=\"887\" height=\"499\" src=\"https:\/\/www.youtube.com\/embed\/9ahXhoCGmg0?feature=oembed\" frameborder=\"0\" allow=\"accelerometer; autoplay; clipboard-write; encrypted-media; gyroscope; picture-in-picture; web-share\" referrerpolicy=\"strict-origin-when-cross-origin\" allowfullscreen><\/iframe>\n<\/div><\/figure>\n\n\n\n<p class=\"has-text-align-center wp-block-paragraph\"><strong>Zapraszamy!<\/strong><\/p>\n\n\n\n<p class=\"has-text-align-right wp-block-paragraph\"><em>Dzia\u0142 Informacji i Promocji<\/em><\/p>\n","protected":false},"excerpt":{"rendered":"<p>7 grudnia 2022, godz. 10.00<br \/>\nFacebook WBP 9otwarty dla wszystkich)<\/p>\n","protected":false},"author":7,"featured_media":41768,"comment_status":"closed","ping_status":"closed","sticky":false,"template":"","format":"standard","meta":{"_tec_requires_first_save":true,"_crdt_document":"","pgc_sgb_lightbox_settings":"","_EventAllDay":false,"_EventTimezone":"","_EventStartDate":"","_EventEndDate":"","_EventStartDateUTC":"","_EventEndDateUTC":"","_EventShowMap":false,"_EventShowMapLink":false,"_EventURL":"","_EventCost":"","_EventCostDescription":"","_EventCurrencySymbol":"","_EventCurrencyCode":"","_EventCurrencyPosition":"","_EventDateTimeSeparator":"","_EventTimeRangeSeparator":"","_EventOrganizerID":[],"_EventVenueID":[],"_OrganizerEmail":"","_OrganizerPhone":"","_OrganizerWebsite":"","_VenueAddress":"","_VenueCity":"","_VenueCountry":"","_VenueProvince":"","_VenueState":"","_VenueZip":"","_VenuePhone":"","_VenueURL":"","_VenueStateProvince":"","_VenueLat":"","_VenueLng":"","_VenueShowMap":false,"_VenueShowMapLink":false,"_tribe_blocks_recurrence_rules":"","_tribe_blocks_recurrence_description":"","_tribe_blocks_recurrence_exclusions":"","footnotes":""},"categories":[674,638,10],"tags":[],"class_list":["post-41763","post","type-post","status-publish","format-standard","has-post-thumbnail","hentry","category-rok-2022","category-poranek-u-hieronima","category-aktualnosci"],"publishpress_future_action":{"enabled":false,"date":"2026-05-06 22:07:17","action":"change-status","newStatus":"draft","terms":[],"taxonomy":"category","extraData":[]},"publishpress_future_workflow_manual_trigger":{"enabledWorkflows":[]},"_links":{"self":[{"href":"https:\/\/wbp.lublin.pl\/index.php\/wp-json\/wp\/v2\/posts\/41763","targetHints":{"allow":["GET"]}}],"collection":[{"href":"https:\/\/wbp.lublin.pl\/index.php\/wp-json\/wp\/v2\/posts"}],"about":[{"href":"https:\/\/wbp.lublin.pl\/index.php\/wp-json\/wp\/v2\/types\/post"}],"author":[{"embeddable":true,"href":"https:\/\/wbp.lublin.pl\/index.php\/wp-json\/wp\/v2\/users\/7"}],"replies":[{"embeddable":true,"href":"https:\/\/wbp.lublin.pl\/index.php\/wp-json\/wp\/v2\/comments?post=41763"}],"version-history":[{"count":12,"href":"https:\/\/wbp.lublin.pl\/index.php\/wp-json\/wp\/v2\/posts\/41763\/revisions"}],"predecessor-version":[{"id":78809,"href":"https:\/\/wbp.lublin.pl\/index.php\/wp-json\/wp\/v2\/posts\/41763\/revisions\/78809"}],"wp:featuredmedia":[{"embeddable":true,"href":"https:\/\/wbp.lublin.pl\/index.php\/wp-json\/wp\/v2\/media\/41768"}],"wp:attachment":[{"href":"https:\/\/wbp.lublin.pl\/index.php\/wp-json\/wp\/v2\/media?parent=41763"}],"wp:term":[{"taxonomy":"category","embeddable":true,"href":"https:\/\/wbp.lublin.pl\/index.php\/wp-json\/wp\/v2\/categories?post=41763"},{"taxonomy":"post_tag","embeddable":true,"href":"https:\/\/wbp.lublin.pl\/index.php\/wp-json\/wp\/v2\/tags?post=41763"}],"curies":[{"name":"wp","href":"https:\/\/api.w.org\/{rel}","templated":true}]}}