{"id":42290,"date":"2023-01-02T15:34:35","date_gmt":"2023-01-02T14:34:35","guid":{"rendered":"https:\/\/wbp.lublin.pl\/?p=42290"},"modified":"2026-02-05T09:09:39","modified_gmt":"2026-02-05T08:09:39","slug":"na-szczescie-na-zdrowie-na-ten-nowy-rok-2023-czyli-noworoczny-poranek-u-hieronima","status":"publish","type":"post","link":"https:\/\/wbp.lublin.pl\/index.php\/2023\/01\/02\/na-szczescie-na-zdrowie-na-ten-nowy-rok-2023-czyli-noworoczny-poranek-u-hieronima\/","title":{"rendered":"Na szcz\u0119\u015bcie, na zdrowie, na ten Nowy Rok 2023, czyli noworoczny &#8222;Poranek u Hieronima&#8221;"},"content":{"rendered":"\n\n<div class=\"wp-block-image\">\n<figure class=\"aligncenter size-large is-resized\"><img data-dominant-color=\"817c6e\" data-has-transparency=\"false\" loading=\"lazy\" decoding=\"async\" width=\"668\" height=\"1080\" sizes=\"auto, (max-width: 668px) 100vw, 668px\" src=\"https:\/\/wbp.lublin.pl\/wp-content\/uploads\/2023\/01\/Kominiarz.-polona.pl_-668x1080.webp\" alt=\"\" class=\"wp-image-42303 not-transparent\" style=\"--dominant-color: #817c6e; width:334px;height:540px\" srcset=\"https:\/\/wbp.lublin.pl\/wp-content\/uploads\/2023\/01\/Kominiarz.-polona.pl_-668x1080.webp 668w, https:\/\/wbp.lublin.pl\/wp-content\/uploads\/2023\/01\/Kominiarz.-polona.pl_-371x600.webp 371w, https:\/\/wbp.lublin.pl\/wp-content\/uploads\/2023\/01\/Kominiarz.-polona.pl_-247x400.webp 247w, https:\/\/wbp.lublin.pl\/wp-content\/uploads\/2023\/01\/Kominiarz.-polona.pl_-768x1241.webp 768w, https:\/\/wbp.lublin.pl\/wp-content\/uploads\/2023\/01\/Kominiarz.-polona.pl_-950x1536.webp 950w, https:\/\/wbp.lublin.pl\/wp-content\/uploads\/2023\/01\/Kominiarz.-polona.pl_-1267x2048.webp 1267w, https:\/\/wbp.lublin.pl\/wp-content\/uploads\/2023\/01\/Kominiarz.-polona.pl_-947x1531.webp 947w, https:\/\/wbp.lublin.pl\/wp-content\/uploads\/2023\/01\/Kominiarz.-polona.pl_-624x1009.webp 624w, https:\/\/wbp.lublin.pl\/wp-content\/uploads\/2023\/01\/Kominiarz.-polona.pl_-scaled.webp 1584w\" \/><\/figure>\n<\/div>\n\n\n\n\n<div class=\"wp-block-wpzoom-blocks-social-icons is-style-without-canvas-with-label\" style=\"--wpz-social-icons-block-item-font-size:40px;--wpz-social-icons-block-item-padding-horizontal:15px;--wpz-social-icons-block-item-padding-vertical:10px;--wpz-social-icons-block-item-margin-horizontal:0px;--wpz-social-icons-block-item-margin-vertical:0px;--wpz-social-icons-block-item-border-radius:50px;--wpz-social-icons-block-label-font-size:15px;--wpz-social-icons-block-label-color:inherit;--wpz-social-icons-block-label-color-hover:#f1f1f1;--wpz-social-icons-alignment:center\"><a href=\"https:\/\/www.facebook.com\/wbplublin\/\" class=\"social-icon-link\" title=\"Facebook\" target=\"_blank\" style=\"--wpz-social-icons-block-item-color:#4267b2;--wpz-social-icons-block-item-color-hover:#F89406\" rel=\"noopener\"><span class=\"social-icon socicon socicon-facebook\"><\/span><\/a><a href=\"https:\/\/wbp.lublin.pl\" class=\"social-icon-link\" title=\"WordPress\" target=\"_blank\" style=\"--wpz-social-icons-block-item-color:#1877F2;--wpz-social-icons-block-item-color-hover:#F89406\" rel=\"noopener\"><span class=\"social-icon socicon socicon-wordpress\"><\/span><\/a><a href=\"https:\/\/www.youtube.com\/@wbpwlublinie3710\/\" class=\"social-icon-link\" title=\"Youtube\" target=\"_blank\" style=\"--wpz-social-icons-block-item-color:#ff0000;--wpz-social-icons-block-item-color-hover:#F89406\" rel=\"noopener\"><span class=\"social-icon socicon socicon-youtube\"><\/span><\/a><\/div>\n\n\n\n<p class=\"has-text-align-center wp-block-paragraph\"><strong>Cykliczna audycja internetowa Biblioteki<\/strong><\/p>\n\n\n\n<p class=\"has-text-align-center wp-block-paragraph\"><strong>Facebook WBP (otwarty dla wszystkich) &#8211; odcinek 132<\/strong><\/p>\n\n\n\n<p class=\"has-text-align-center wp-block-paragraph\"><strong>4 stycznia 2023, godz. 10.00<\/strong><\/p>\n\n\n\n<p class=\"wp-block-paragraph\"><\/p>\n\n\n<div class=\"wp-block-image\">\n<figure class=\"aligncenter size-full\"><img data-dominant-color=\"aaa8a7\" data-has-transparency=\"true\" style=\"--dominant-color: #aaa8a7;\" decoding=\"async\" sizes=\"(max-width: 238px) 100vw, 238px\" src=\"https:\/\/wbp.lublin.pl\/wp-content\/uploads\/2023\/01\/logo.png\" alt=\"\" class=\"wp-image-42295 has-transparency\"\/><\/figure>\n<\/div>\n\n\n<ul>\n<li><strong>Na szcz\u0119\u015bcie, na zdrowie, na ten Nowy Rok!<\/strong><\/li>\n<\/ul>\n<p>Szcz\u0119\u015bcie&nbsp; do <strong>&#8222;Poranka u Hieronima&#8221; <\/strong>przyniesie <strong>Piotr Szacmajer <\/strong>&#8211; <strong>Mistrz Kominiarski<\/strong> i <strong>Zast\u0119pca Prezesa<\/strong> <strong>Sp\u00f3\u0142dzielni Pracy Kominiarzy w Lublinie<\/strong>, z kt\u00f3rym porozmawiamy o fachu kominiarskim, bezpiecze\u0144stwie dom\u00f3w i instytucji g\u0142\u00f3wnie w okresie zimowym, ale przede wszystkim o noworocznych tradycjach kominiarskich i kominiarskich kalendarzach<\/p>\n\n\n\n<p class=\"wp-block-paragraph\"><a href=\"http:\/\/www.kominiarze.lublin.pl\/index.html\">Sp\u00f3\u0142dzielnia Pracy Kominiarzy w Lublinie<\/a><\/p>\n\n\n\n<hr class=\"wp-block-separator has-alpha-channel-opacity\"\/>\n\n\n<div class=\"wp-block-image is-style-rounded\">\n<figure class=\"aligncenter size-large is-resized\"><img data-dominant-color=\"6c4d3b\" data-has-transparency=\"false\" loading=\"lazy\" decoding=\"async\" width=\"810\" height=\"1080\" sizes=\"auto, (max-width: 810px) 100vw, 810px\" src=\"https:\/\/wbp.lublin.pl\/wp-content\/uploads\/2023\/01\/IMG_20230102_124326-810x1080.webp\" alt=\"\" class=\"wp-image-42299 not-transparent\" style=\"--dominant-color: #6c4d3b; width:203px;height:270px\" srcset=\"https:\/\/wbp.lublin.pl\/wp-content\/uploads\/2023\/01\/IMG_20230102_124326-810x1080.webp 810w, https:\/\/wbp.lublin.pl\/wp-content\/uploads\/2023\/01\/IMG_20230102_124326-450x600.webp 450w, https:\/\/wbp.lublin.pl\/wp-content\/uploads\/2023\/01\/IMG_20230102_124326-300x400.webp 300w, https:\/\/wbp.lublin.pl\/wp-content\/uploads\/2023\/01\/IMG_20230102_124326-768x1024.webp 768w, https:\/\/wbp.lublin.pl\/wp-content\/uploads\/2023\/01\/IMG_20230102_124326-1152x1536.webp 1152w, https:\/\/wbp.lublin.pl\/wp-content\/uploads\/2023\/01\/IMG_20230102_124326-947x1263.webp 947w, https:\/\/wbp.lublin.pl\/wp-content\/uploads\/2023\/01\/IMG_20230102_124326-624x832.webp 624w, https:\/\/wbp.lublin.pl\/wp-content\/uploads\/2023\/01\/IMG_20230102_124326.webp 1536w\" \/><figcaption class=\"wp-element-caption\"><em><strong>Maria i Epikur<\/strong><\/em> <br>(dla przyjaci\u00f3\u0142<em><strong> Epi\u015b<\/strong><\/em>)<br>archiwum prywatne <br>M. Pleskaczy\u0144skiej<\/figcaption><\/figure>\n<\/div>\n\n\n<ul>\n<li dir=\"auto\"><strong>A co na to filozofia, czyli o strachu i o nadziei, z jak\u0105 wchodzimy w kolejny rok<\/strong><\/li>\n<\/ul>\n<p>Go\u015bciem &#8222;Poranka u Hieronima&#8221; b\u0119dzie dr <strong>Maria Pleskaczy\u0144ska<\/strong>, doktor filozofii, badaczka pami\u0119ci, entuzjastka dydaktyki. Obecnie pracuje w Prywatnej Szkole im. A. Einsteina w Wilanowie, gdzie uczy etyki oraz prowadzi klub filozofowania. Cz\u0142onkini Komisji Kszta\u0142cenia w zakresie Filozofii i Etyki Komitetu Nauk Filozoficznych PAN oraz stowarzyszenia Phronesis<\/p>\n<p style=\"text-align: center;\">Zaprasza ekipa Studia WBP!<\/p>\n\n\n\n<hr class=\"wp-block-separator has-alpha-channel-opacity\"\/>\n\n\n\n<p class=\"wp-block-paragraph\">Ilustracje:<\/p>\n\n\n\n<p class=\"wp-block-paragraph\">fot. ilustracyjne: pixabay.com<\/p>\n\n\n\n<p class=\"wp-block-paragraph\">Poczt\u00f3wka noworoczna (ante 1921), \u017ar\u00f3d\u0142o: polona.pl<\/p>\n\n\n\n<p class=\"wp-block-paragraph\"><\/p>\n\n\n\n<p class=\"wp-block-paragraph\">Odcinki archiwalne s\u0105 dost\u0119pne na kanale YouTube Biblioteki<\/p>\n\n\n\n<figure class=\"wp-block-embed is-type-video is-provider-youtube wp-block-embed-youtube wp-embed-aspect-16-9 wp-has-aspect-ratio\"><div class=\"wp-block-embed__wrapper\">\n<iframe loading=\"lazy\" title=\"Poranek u Hieronima - odc. 132\" width=\"887\" height=\"499\" src=\"https:\/\/www.youtube.com\/embed\/RbHm6y757n8?feature=oembed\" frameborder=\"0\" allow=\"accelerometer; autoplay; clipboard-write; encrypted-media; gyroscope; picture-in-picture; web-share\" referrerpolicy=\"strict-origin-when-cross-origin\" allowfullscreen><\/iframe>\n<\/div><\/figure>\n\n\n\n<p class=\"has-text-align-center wp-block-paragraph\"><strong>Zapraszamy!<\/strong><\/p>\n\n\n\n<p class=\"has-text-align-right wp-block-paragraph\"><em>Dzia\u0142 Informacji i Promocji<\/em><\/p>\n","protected":false},"excerpt":{"rendered":"<p>4 stycznia 2023, godz. 10.00<\/p>\n","protected":false},"author":7,"featured_media":42304,"comment_status":"closed","ping_status":"closed","sticky":false,"template":"","format":"standard","meta":{"_tec_requires_first_save":true,"_crdt_document":"","pgc_sgb_lightbox_settings":"","_EventAllDay":false,"_EventTimezone":"","_EventStartDate":"","_EventEndDate":"","_EventStartDateUTC":"","_EventEndDateUTC":"","_EventShowMap":false,"_EventShowMapLink":false,"_EventURL":"","_EventCost":"","_EventCostDescription":"","_EventCurrencySymbol":"","_EventCurrencyCode":"","_EventCurrencyPosition":"","_EventDateTimeSeparator":"","_EventTimeRangeSeparator":"","_EventOrganizerID":[],"_EventVenueID":[],"_OrganizerEmail":"","_OrganizerPhone":"","_OrganizerWebsite":"","_VenueAddress":"","_VenueCity":"","_VenueCountry":"","_VenueProvince":"","_VenueState":"","_VenueZip":"","_VenuePhone":"","_VenueURL":"","_VenueStateProvince":"","_VenueLat":"","_VenueLng":"","_VenueShowMap":false,"_VenueShowMapLink":false,"_tribe_blocks_recurrence_rules":"","_tribe_blocks_recurrence_description":"","_tribe_blocks_recurrence_exclusions":"","footnotes":""},"categories":[679,638,10],"tags":[],"class_list":["post-42290","post","type-post","status-publish","format-standard","has-post-thumbnail","hentry","category-rok-2023","category-poranek-u-hieronima","category-aktualnosci"],"publishpress_future_action":{"enabled":false,"date":"2026-05-04 09:22:48","action":"change-status","newStatus":"draft","terms":[],"taxonomy":"category","extraData":[]},"publishpress_future_workflow_manual_trigger":{"enabledWorkflows":[]},"_links":{"self":[{"href":"https:\/\/wbp.lublin.pl\/index.php\/wp-json\/wp\/v2\/posts\/42290","targetHints":{"allow":["GET"]}}],"collection":[{"href":"https:\/\/wbp.lublin.pl\/index.php\/wp-json\/wp\/v2\/posts"}],"about":[{"href":"https:\/\/wbp.lublin.pl\/index.php\/wp-json\/wp\/v2\/types\/post"}],"author":[{"embeddable":true,"href":"https:\/\/wbp.lublin.pl\/index.php\/wp-json\/wp\/v2\/users\/7"}],"replies":[{"embeddable":true,"href":"https:\/\/wbp.lublin.pl\/index.php\/wp-json\/wp\/v2\/comments?post=42290"}],"version-history":[{"count":24,"href":"https:\/\/wbp.lublin.pl\/index.php\/wp-json\/wp\/v2\/posts\/42290\/revisions"}],"predecessor-version":[{"id":78800,"href":"https:\/\/wbp.lublin.pl\/index.php\/wp-json\/wp\/v2\/posts\/42290\/revisions\/78800"}],"wp:featuredmedia":[{"embeddable":true,"href":"https:\/\/wbp.lublin.pl\/index.php\/wp-json\/wp\/v2\/media\/42304"}],"wp:attachment":[{"href":"https:\/\/wbp.lublin.pl\/index.php\/wp-json\/wp\/v2\/media?parent=42290"}],"wp:term":[{"taxonomy":"category","embeddable":true,"href":"https:\/\/wbp.lublin.pl\/index.php\/wp-json\/wp\/v2\/categories?post=42290"},{"taxonomy":"post_tag","embeddable":true,"href":"https:\/\/wbp.lublin.pl\/index.php\/wp-json\/wp\/v2\/tags?post=42290"}],"curies":[{"name":"wp","href":"https:\/\/api.w.org\/{rel}","templated":true}]}}