{"id":42428,"date":"2023-01-09T22:52:53","date_gmt":"2023-01-09T21:52:53","guid":{"rendered":"https:\/\/wbp.lublin.pl\/?p=42428"},"modified":"2026-02-04T19:49:21","modified_gmt":"2026-02-04T18:49:21","slug":"rozmaitosci-muzealne-i-regionalne-w-poranku-u-hieronima","status":"publish","type":"post","link":"https:\/\/wbp.lublin.pl\/index.php\/2023\/01\/09\/rozmaitosci-muzealne-i-regionalne-w-poranku-u-hieronima\/","title":{"rendered":"Rozmaito\u015bci muzealne i &#8230; regionalne w &#8222;Poranku u Hieronima&#8221;"},"content":{"rendered":"\n\n\n<div class=\"wp-block-wpzoom-blocks-social-icons is-style-without-canvas-with-label\" style=\"--wpz-social-icons-block-item-font-size:40px;--wpz-social-icons-block-item-padding-horizontal:15px;--wpz-social-icons-block-item-padding-vertical:10px;--wpz-social-icons-block-item-margin-horizontal:0px;--wpz-social-icons-block-item-margin-vertical:0px;--wpz-social-icons-block-item-border-radius:50px;--wpz-social-icons-block-label-font-size:15px;--wpz-social-icons-block-label-color:inherit;--wpz-social-icons-block-label-color-hover:#f1f1f1;--wpz-social-icons-alignment:center\"><a href=\"https:\/\/www.facebook.com\/wbplublin\/\" class=\"social-icon-link\" title=\"Facebook\" target=\"_blank\" style=\"--wpz-social-icons-block-item-color:#4267b2;--wpz-social-icons-block-item-color-hover:#F89406\" rel=\"noopener\"><span class=\"social-icon socicon socicon-facebook\"><\/span><\/a><a href=\"https:\/\/wbp.lublin.pl\" class=\"social-icon-link\" title=\"WordPress\" target=\"_blank\" style=\"--wpz-social-icons-block-item-color:#1877F2;--wpz-social-icons-block-item-color-hover:#F89406\" rel=\"noopener\"><span class=\"social-icon socicon socicon-wordpress\"><\/span><\/a><a href=\"https:\/\/www.youtube.com\/@wbpwlublinie3710\/\" class=\"social-icon-link\" title=\"Youtube\" target=\"_blank\" style=\"--wpz-social-icons-block-item-color:#ff0000;--wpz-social-icons-block-item-color-hover:#F89406\" rel=\"noopener\"><span class=\"social-icon socicon socicon-youtube\"><\/span><\/a><\/div>\n\n\n\n<p class=\"has-text-align-center wp-block-paragraph\"><strong>Rozmaito\u015bci muzealne i &#8230; regionalne w &#8222;Poranku u Hieronima&#8221;<\/strong><\/p>\n\n\n\n<p class=\"wp-block-paragraph\"><\/p>\n\n\n\n<p class=\"has-text-align-center wp-block-paragraph\"><strong>Cykliczna audycja internetowa Biblioteki<\/strong><\/p>\n\n\n\n<p class=\"has-text-align-center wp-block-paragraph\"><strong>Facebook WBP (otwarty dla wszystkich) &#8211; odcinek 133<\/strong><\/p>\n\n\n\n<p class=\"has-text-align-center wp-block-paragraph\"><strong> 11 stycznia 2023, godz. 10.00<\/strong><\/p>\n\n\n\n<p class=\"has-text-align-center wp-block-paragraph\"><\/p>\n\n\n\n<ul class=\"wp-block-list\">\n<li>W programie: <strong>Nowe zbiory<\/strong> <strong>\u201eDomu Kuncewicz\u00f3w\u201d &#8211; oddzia\u0142u Muzeum Nadwi\u015bla\u0144skiego w Kazimierzu Dolnym<\/strong><\/li>\n<\/ul>\n\n\n\n<p class=\"wp-block-paragraph\">Tu\u017c przed \u015bwi\u0119tami wyj\u0105tkowy prezent trafi\u0142 ze Stan\u00f3w Zjednoczonych do <strong>\u201eDomu Kuncewicz\u00f3w\u201d &#8211; oddzia\u0142u Muzeum Nadwi\u015bla\u0144skiego w Kazimierzu Dolnym<\/strong>. To dokumenty, zdj\u0119cia, ksi\u0105\u017cki i inne pami\u0105tki z domu wnuka <strong>Marii i Jerzego Kuncewicz\u00f3w \u2013 Aleksandra<\/strong>. A co istotniejsze, wraz z pozyskaniem tych cennych pami\u0105tek zosta\u0142y uregulowane tak\u017ce prawa autorskie do tw\u00f3rczo\u015bci Marii i Jerzego Kuncewicz\u00f3w.<\/p>\n\n\n\n<p class=\"wp-block-paragraph\"><\/p>\n\n\n\n<figure class=\"wp-block-gallery has-nested-images columns-default is-cropped wp-block-gallery-1 is-layout-flex wp-block-gallery-is-layout-flex\">\n<figure class=\"wp-block-image size-full is-style-default\"><img data-dominant-color=\"968071\" data-has-transparency=\"false\" style=\"--dominant-color: #968071;\" decoding=\"async\" sizes=\"(max-width: 334px) 100vw, 334px\" data-id=\"42449\" src=\"https:\/\/wbp.lublin.pl\/wp-content\/uploads\/2023\/01\/Lorentowicz_2-2.png\" alt=\"\" class=\"wp-image-42449 not-transparent\"\/><figcaption class=\"wp-element-caption\">Dzie\u0142a Ireny Lorentowicz, kt\u00f3re trafi\u0142y do Domu Kuncewicz\u00f3w<\/figcaption><\/figure>\n\n\n\n<figure class=\"wp-block-image size-large\"><img data-dominant-color=\"bd826c\" data-has-transparency=\"false\" style=\"--dominant-color: #bd826c;\" decoding=\"async\" data-id=\"42445\" src=\"https:\/\/wbp.lublin.pl\/wp-content\/uploads\/2023\/01\/Lorentowicz3-jpg.webp\" alt=\"\" class=\"wp-image-42445 not-transparent\"\/><figcaption class=\"wp-element-caption\">Dzie\u0142a Ireny Lorentowicz, kt\u00f3re trafi\u0142y do Domu Kuncewicz\u00f3w<\/figcaption><\/figure>\n<\/figure>\n\n\n\n\n\n<p class=\"wp-block-paragraph\"><\/p>\n\n\n\n<p class=\"wp-block-paragraph\">Trwaj\u0105cy ponad 4 lata \u2013 od &nbsp;chwili \u015bmierci Aleksandra, wnuka Kuncewicz\u00f3w \u2013 &nbsp;proces pozyskiwania spu\u015bcizny rodziny Kuncewicz\u00f3w zosta\u0142 zako\u0144czony dzi\u0119ki zaanga\u017cowaniu i \u017cyczliwo\u015bci wielu os\u00f3b i instytucji, zar\u00f3wno w Polsce, jak i w Stanach Zjednoczonych. &nbsp;Przed \u015bwi\u0119tami Bo\u017cego Narodzenia 2022 roku blisko p\u00f3\u0142tonowy \u0142adunek dotar\u0142 do Polski. Obecnie trwa inwentaryzacja pozyskanych zbior\u00f3w. Najcenniejsze z nich zostan\u0105 wkr\u00f3tce zaprezentowane we wn\u0119trzach willi &#8222;Pod Wiewi\u00f3rk\u0105&#8221;, czyli w domu rodzinnym Marii i Jerzego Kuncewicz\u00f3w oraz na blogu oddzia\u0142u Muzeum Nadwi\u015bla\u0144skiego &#8222;Dom Kuncewicz\u00f3w&#8221; <a href=\"http:\/\/www.narynkuusiascwkazimierzu.pl\">www.narynkuusiascwkazimierzu.pl<\/a><\/p>\n\n\n\n<p class=\"wp-block-paragraph\">O tej niezwyk\u0142ej historii porozmawiany z <strong>Monik\u0105 Januszek-Surdack\u0105<\/strong>, kt\u00f3ra zawiaduje \u201eDomem Kuncewicz\u00f3w\u201d w Kazimierzu Dolnym<\/p>\n\n\n\n<ul>\n<li><strong>Zaproszenia:<\/strong><\/li>\n<\/ul>\n\n\n<div class=\"wp-block-image\">\n<figure class=\"aligncenter size-large is-resized\"><img data-dominant-color=\"e0d2b9\" data-has-transparency=\"false\" loading=\"lazy\" decoding=\"async\" width=\"1051\" height=\"1080\" sizes=\"auto, (max-width: 1051px) 100vw, 1051px\" src=\"https:\/\/wbp.lublin.pl\/wp-content\/uploads\/2023\/01\/Bez-nazwy-2-1051x1080.webp\" alt=\"\" class=\"wp-image-42349 not-transparent\" style=\"--dominant-color: #e0d2b9; width:263px;height:270px\" srcset=\"https:\/\/wbp.lublin.pl\/wp-content\/uploads\/2023\/01\/Bez-nazwy-2-1051x1080.webp 1051w, https:\/\/wbp.lublin.pl\/wp-content\/uploads\/2023\/01\/Bez-nazwy-2-584x600.webp 584w, https:\/\/wbp.lublin.pl\/wp-content\/uploads\/2023\/01\/Bez-nazwy-2-389x400.webp 389w, https:\/\/wbp.lublin.pl\/wp-content\/uploads\/2023\/01\/Bez-nazwy-2-768x789.webp 768w, https:\/\/wbp.lublin.pl\/wp-content\/uploads\/2023\/01\/Bez-nazwy-2-1494x1536.webp 1494w, https:\/\/wbp.lublin.pl\/wp-content\/uploads\/2023\/01\/Bez-nazwy-2-1993x2048.webp 1993w, https:\/\/wbp.lublin.pl\/wp-content\/uploads\/2023\/01\/Bez-nazwy-2-947x973.webp 947w, https:\/\/wbp.lublin.pl\/wp-content\/uploads\/2023\/01\/Bez-nazwy-2-624x641.webp 624w\" \/><figcaption class=\"wp-element-caption\">Rysunek Mariana Kratochwila<\/figcaption><\/figure>\n<\/div>\n\n\n<p class=\"wp-block-paragraph\">Zaprosimy na wystaw\u0119, kt\u00f3ra ju\u017c od czwartku, 12 stycznia, zago\u015bci w Galerii Biblioteki.&nbsp; Na ekspozycji pt. &#8222;<strong style=\"font-size: revert; text-align: center; color: initial;\">Marian Kratochwil (1906-1997) KRESY W SERCU I NA EMIGRACJI&#8221; <\/strong>zostanie zaprezentowanych ponad 60 prac M. Kratochwila pochodz\u0105cych<span style=\"font-size: revert; text-align: center; color: initial;\">&nbsp;z prywatnej kolekcji <strong>dr Jana S\u0119ka<\/strong> \u2013 <strong>Prezesa Fundacji Villa Polonia<\/strong>. <\/span>Wystawa po raz pierwszy by\u0142a eksponowana w Muzeum Niepodleg\u0142o\u015bci w Warszawie w roku 2022,&nbsp;ekspozycja w Wojew\u00f3dzkiej Bibliotece Publicznej im. Hieronima \u0141opaci\u0144skiego w Lublinie jest drug\u0105 publiczn\u0105 prezentacj\u0105 kolekcji prac Mariana Kratochwila w Polsce.<\/p>\n\n\n\n<p class=\"wp-block-paragraph\">Na wystaw\u0119 zaprosi Pa\u0144stwa  <strong>dr Jan S\u0119k<\/strong> &#8211; w\u0142a\u015bciciel kolekcji<\/p>\n\n\n\n<p class=\"wp-block-paragraph\"><\/p>\n\n\n<div class=\"wp-block-image\">\n<figure class=\"aligncenter size-full is-resized\"><img data-dominant-color=\"306698\" data-has-transparency=\"true\" decoding=\"async\" sizes=\"(max-width: 360px) 100vw, 360px\" src=\"https:\/\/wbp.lublin.pl\/wp-content\/uploads\/2023\/01\/278886963a1a45363cf4.png\" alt=\"\" class=\"wp-image-42439 has-transparency\" style=\"--dominant-color: #306698; width:180px;height:180px\"\/><\/figure>\n<\/div>\n\n\n<p class=\"wp-block-paragraph\"><\/p>\n\n\n\n<p class=\"wp-block-paragraph\"><strong>Centrum Historii Lokalnej i Regionalnej przy Instytucie UMCS rozpoczyna cykl wyk\u0142ad\u00f3w po\u015bwi\u0119conych Lubelskiemu. <\/strong><br>O idei przedsi\u0119wzi\u0119cia oraz o pierwszym z zaplanowanych wyk\u0142ad\u00f3w porozmawiamy z <strong>dr hab. Andrzejem Przegali\u0144skim, prof. UMCS<\/strong>.&nbsp;<\/p>\n\n\n\n<p class=\"wp-block-paragraph\"><\/p>\n\n\n<div class=\"wp-block-image is-style-rounded\">\n<figure class=\"aligncenter size-full is-resized\"><img data-dominant-color=\"cf4336\" data-has-transparency=\"false\" decoding=\"async\" sizes=\"(max-width: 836px) 100vw, 836px\" src=\"https:\/\/wbp.lublin.pl\/wp-content\/uploads\/2023\/01\/ddkk-1-jpg.webp\" alt=\"\" class=\"wp-image-42460 not-transparent\" style=\"--dominant-color: #cf4336; width:418px;height:188px\"\/><\/figure>\n<\/div>\n\n\n<p class=\"wp-block-paragraph\"><strong>\u201eDobre ksi\u0105\u017cki dobra kawa\u201d<\/strong> <br>W zwi\u0105zku ze wznowieniem cyklu spotka\u0144 <strong>Dyskusyjnego Klubu Ksi\u0105\u017cki<\/strong> serdecznie zapraszamy wszystkich mi\u0142o\u015bnik\u00f3w literatury do naszej Biblioteki na spotkanie, w trakcie kt\u00f3rego b\u0119dziemy dyskutowa\u0107 o ostatnio przeczytanej ksi\u0105\u017cce i wymienia\u0107 si\u0119 swoimi przemy\u015bleniami. Serdecznie zapraszamy <strong>11 stycznia 2023 r. (\u015broda), godz. 16.00<\/strong>. W programie podamy szczeg\u00f3\u0142y!<\/p>\n\n\n\n<p class=\"wp-block-paragraph\">Na spotkanie zaprosi Pa\u0144stwa <strong>Joanna Za\u0142\u0119cka-Maleska<\/strong> &#8211; koordynatorka spotka\u0144 w Bibliotece<\/p>\n\n\n\n<hr class=\"wp-block-separator has-alpha-channel-opacity\"\/>\n\n\n\n<p class=\"wp-block-paragraph\">fot. ilustracyjne: pixabay.com<\/p>\n\n\n\n<p class=\"wp-block-paragraph\">Odcinki archiwalne s\u0105 dost\u0119pne na kanale YouTube Biblioteki<\/p>\n","protected":false},"excerpt":{"rendered":"<p>11 stycznia 2023, godz. 10.00<br \/>\nFacebook WBP (otwarty dla wszystkich)<\/p>\n","protected":false},"author":7,"featured_media":42438,"comment_status":"closed","ping_status":"closed","sticky":false,"template":"","format":"standard","meta":{"_tec_requires_first_save":true,"_crdt_document":"","pgc_sgb_lightbox_settings":"","_EventAllDay":false,"_EventTimezone":"","_EventStartDate":"","_EventEndDate":"","_EventStartDateUTC":"","_EventEndDateUTC":"","_EventShowMap":false,"_EventShowMapLink":false,"_EventURL":"","_EventCost":"","_EventCostDescription":"","_EventCurrencySymbol":"","_EventCurrencyCode":"","_EventCurrencyPosition":"","_EventDateTimeSeparator":"","_EventTimeRangeSeparator":"","_EventOrganizerID":[],"_EventVenueID":[],"_OrganizerEmail":"","_OrganizerPhone":"","_OrganizerWebsite":"","_VenueAddress":"","_VenueCity":"","_VenueCountry":"","_VenueProvince":"","_VenueState":"","_VenueZip":"","_VenuePhone":"","_VenueURL":"","_VenueStateProvince":"","_VenueLat":"","_VenueLng":"","_VenueShowMap":false,"_VenueShowMapLink":false,"_tribe_blocks_recurrence_rules":"","_tribe_blocks_recurrence_description":"","_tribe_blocks_recurrence_exclusions":"","footnotes":""},"categories":[679,638,10],"tags":[],"class_list":["post-42428","post","type-post","status-publish","format-standard","has-post-thumbnail","hentry","category-rok-2023","category-poranek-u-hieronima","category-aktualnosci"],"publishpress_future_action":{"enabled":false,"date":"2026-05-04 09:22:41","action":"change-status","newStatus":"draft","terms":[],"taxonomy":"category","extraData":[]},"publishpress_future_workflow_manual_trigger":{"enabledWorkflows":[]},"_links":{"self":[{"href":"https:\/\/wbp.lublin.pl\/index.php\/wp-json\/wp\/v2\/posts\/42428","targetHints":{"allow":["GET"]}}],"collection":[{"href":"https:\/\/wbp.lublin.pl\/index.php\/wp-json\/wp\/v2\/posts"}],"about":[{"href":"https:\/\/wbp.lublin.pl\/index.php\/wp-json\/wp\/v2\/types\/post"}],"author":[{"embeddable":true,"href":"https:\/\/wbp.lublin.pl\/index.php\/wp-json\/wp\/v2\/users\/7"}],"replies":[{"embeddable":true,"href":"https:\/\/wbp.lublin.pl\/index.php\/wp-json\/wp\/v2\/comments?post=42428"}],"version-history":[{"count":25,"href":"https:\/\/wbp.lublin.pl\/index.php\/wp-json\/wp\/v2\/posts\/42428\/revisions"}],"predecessor-version":[{"id":78796,"href":"https:\/\/wbp.lublin.pl\/index.php\/wp-json\/wp\/v2\/posts\/42428\/revisions\/78796"}],"wp:featuredmedia":[{"embeddable":true,"href":"https:\/\/wbp.lublin.pl\/index.php\/wp-json\/wp\/v2\/media\/42438"}],"wp:attachment":[{"href":"https:\/\/wbp.lublin.pl\/index.php\/wp-json\/wp\/v2\/media?parent=42428"}],"wp:term":[{"taxonomy":"category","embeddable":true,"href":"https:\/\/wbp.lublin.pl\/index.php\/wp-json\/wp\/v2\/categories?post=42428"},{"taxonomy":"post_tag","embeddable":true,"href":"https:\/\/wbp.lublin.pl\/index.php\/wp-json\/wp\/v2\/tags?post=42428"}],"curies":[{"name":"wp","href":"https:\/\/api.w.org\/{rel}","templated":true}]}}