{"id":42494,"date":"2023-01-16T16:25:19","date_gmt":"2023-01-16T15:25:19","guid":{"rendered":"https:\/\/wbp.lublin.pl\/?p=42494"},"modified":"2023-01-30T15:32:28","modified_gmt":"2023-01-30T14:32:28","slug":"ferie-zimowe-2023-w-bibliotece","status":"publish","type":"post","link":"https:\/\/wbp.lublin.pl\/index.php\/2023\/01\/16\/ferie-zimowe-2023-w-bibliotece\/","title":{"rendered":"Ferie zimowe 2023 w Bibliotece"},"content":{"rendered":"\n\n\n<p class=\"wp-block-paragraph\"><\/p>\n\n\n\n<p class=\"has-text-align-center wp-block-paragraph\"><strong>Ferie zimowe 2023<\/strong><\/p>\n\n\n<div class=\"wp-block-image is-style-rounded\">\n<figure class=\"aligncenter size-large is-resized\"><img data-dominant-color=\"8e95a5\" data-has-transparency=\"false\" style=\"--dominant-color: #8e95a5;\" loading=\"lazy\" decoding=\"async\" sizes=\"auto, (max-width: 1495px) 100vw, 1495px\" src=\"https:\/\/wbp.lublin.pl\/wp-content\/uploads\/2023\/01\/a-childs-drawing-ge54cb7750_1920-1-1495x1080.webp\" alt=\"\" class=\"wp-image-42499 not-transparent\" width=\"374\" height=\"270\" srcset=\"https:\/\/wbp.lublin.pl\/wp-content\/uploads\/2023\/01\/a-childs-drawing-ge54cb7750_1920-1-1495x1080.webp 1495w, https:\/\/wbp.lublin.pl\/wp-content\/uploads\/2023\/01\/a-childs-drawing-ge54cb7750_1920-1-600x433.webp 600w, https:\/\/wbp.lublin.pl\/wp-content\/uploads\/2023\/01\/a-childs-drawing-ge54cb7750_1920-1-400x289.webp 400w, https:\/\/wbp.lublin.pl\/wp-content\/uploads\/2023\/01\/a-childs-drawing-ge54cb7750_1920-1-768x555.webp 768w, https:\/\/wbp.lublin.pl\/wp-content\/uploads\/2023\/01\/a-childs-drawing-ge54cb7750_1920-1-1536x1110.webp 1536w, https:\/\/wbp.lublin.pl\/wp-content\/uploads\/2023\/01\/a-childs-drawing-ge54cb7750_1920-1-947x684.webp 947w, https:\/\/wbp.lublin.pl\/wp-content\/uploads\/2023\/01\/a-childs-drawing-ge54cb7750_1920-1-624x451.webp 624w, https:\/\/wbp.lublin.pl\/wp-content\/uploads\/2023\/01\/a-childs-drawing-ge54cb7750_1920-1.webp 1920w\" \/><\/figure>\n<\/div>\n\n\n<p class=\"has-text-align-center wp-block-paragraph\"><strong>Wojew\u00f3dzka Biblioteka Publiczna im. Hieronima \u0141opaci\u0144skiego<\/strong> <br>zaprasza na zaj\u0119cia dla dzieci ph.&nbsp;<\/p>\n\n\n\n<p class=\"has-text-align-center wp-block-paragraph\"><strong>&#8222;Obraz&nbsp;wierszem&nbsp;i&nbsp;zagadk\u0105&nbsp;malowany&#8221;<\/strong> <\/p>\n\n\n\n<p class=\"has-text-align-center wp-block-paragraph\">Uczestnicy zaj\u0119\u0107 wsp\u00f3lnie stworz\u0105&nbsp;abstrakcyjny obraz r\u00f3\u017cnymi technikami, <br>literatura podpowie i wska\u017ce kierunek, <br>a nieograniczona wyobra\u017ania i tw\u00f3rcza inwencja pozwol\u0105 na dobr\u0105 zabaw\u0119!<\/p>\n\n\n<div class=\"wp-block-image is-style-rounded\">\n<figure class=\"aligncenter size-large is-resized\"><img data-dominant-color=\"927e8a\" data-has-transparency=\"false\" style=\"--dominant-color: #927e8a;\" loading=\"lazy\" decoding=\"async\" sizes=\"auto, (max-width: 1080px) 100vw, 1080px\" src=\"https:\/\/wbp.lublin.pl\/wp-content\/uploads\/2023\/01\/background-g485e5dfd9_1920-1080x1080.webp\" alt=\"\" class=\"wp-image-42500 not-transparent\" width=\"270\" height=\"270\" srcset=\"https:\/\/wbp.lublin.pl\/wp-content\/uploads\/2023\/01\/background-g485e5dfd9_1920-1080x1080.webp 1080w, https:\/\/wbp.lublin.pl\/wp-content\/uploads\/2023\/01\/background-g485e5dfd9_1920-600x600.webp 600w, https:\/\/wbp.lublin.pl\/wp-content\/uploads\/2023\/01\/background-g485e5dfd9_1920-400x400.webp 400w, https:\/\/wbp.lublin.pl\/wp-content\/uploads\/2023\/01\/background-g485e5dfd9_1920-768x768.webp 768w, https:\/\/wbp.lublin.pl\/wp-content\/uploads\/2023\/01\/background-g485e5dfd9_1920-1536x1536.webp 1536w, https:\/\/wbp.lublin.pl\/wp-content\/uploads\/2023\/01\/background-g485e5dfd9_1920-947x947.webp 947w, https:\/\/wbp.lublin.pl\/wp-content\/uploads\/2023\/01\/background-g485e5dfd9_1920-624x624.webp 624w, https:\/\/wbp.lublin.pl\/wp-content\/uploads\/2023\/01\/background-g485e5dfd9_1920.webp 1920w\" \/><\/figure>\n<\/div>\n\n\n<p class=\"has-text-align-center wp-block-paragraph\">Miejsce spotka\u0144: <strong>Oddzia\u0142 dla Dzieci WBP im. H \u0141opaci\u0144skiego w Lublinie<\/strong><\/p>\n\n\n\n<p class=\"has-text-align-center wp-block-paragraph\">Terminy: <strong>23 (poniedzia\u0142ek), 25, 26, 27, 28 (\u015broda &#8211; sobota) stycznia 2023, godz. 10.30-12.30<\/strong><\/p>\n\n\n\n<p class=\"has-text-align-center wp-block-paragraph\">Organizacja i prowadzenie spotka\u0144: <strong>Joanna \u017belazowska <\/strong><br><strong>&#8211; Oddzia\u0142 dla Dzieci WBP im. H \u0141opaci\u0144skiego w Lublinie<\/strong><br>tel. kontaktowy: 81-528-74-42<\/p>\n\n\n\n<p class=\"has-text-align-center wp-block-paragraph\">Wst\u0119p wolny!<\/p>\n\n\n\n<hr class=\"wp-block-separator has-alpha-channel-opacity\"\/>\n\n\n\n<p class=\"wp-block-paragraph\"><\/p>\n\n\n<div class=\"wp-block-image is-style-rounded\">\n<figure class=\"aligncenter size-large is-resized\"><img data-dominant-color=\"6f6c7d\" data-has-transparency=\"false\" style=\"--dominant-color: #6f6c7d;\" loading=\"lazy\" decoding=\"async\" sizes=\"auto, (max-width: 1440px) 100vw, 1440px\" src=\"https:\/\/wbp.lublin.pl\/wp-content\/uploads\/2023\/01\/por-1-1440x1080.webp\" alt=\"\" class=\"wp-image-42497 not-transparent\" width=\"360\" height=\"270\" srcset=\"https:\/\/wbp.lublin.pl\/wp-content\/uploads\/2023\/01\/por-1-1440x1080.webp 1440w, https:\/\/wbp.lublin.pl\/wp-content\/uploads\/2023\/01\/por-1-600x450.webp 600w, https:\/\/wbp.lublin.pl\/wp-content\/uploads\/2023\/01\/por-1-400x300.webp 400w, https:\/\/wbp.lublin.pl\/wp-content\/uploads\/2023\/01\/por-1-768x576.webp 768w, https:\/\/wbp.lublin.pl\/wp-content\/uploads\/2023\/01\/por-1-1536x1152.webp 1536w, https:\/\/wbp.lublin.pl\/wp-content\/uploads\/2023\/01\/por-1-2048x1536.webp 2048w, https:\/\/wbp.lublin.pl\/wp-content\/uploads\/2023\/01\/por-1-947x710.webp 947w, https:\/\/wbp.lublin.pl\/wp-content\/uploads\/2023\/01\/por-1-624x468.webp 624w\" \/><\/figure>\n<\/div>\n\n\n<p class=\"has-text-align-center wp-block-paragraph\"><strong>25 stycznia 2023 (\u015broda), godz. 10.00, w ramach cotygodniowej audycji internetowej WBP, <br>wyemitujemy specjalny &#8222;Poranek u Hieronima&#8221;&nbsp; po\u015bwi\u0119cony dzieciom!&nbsp;<\/strong><\/p>\n\n\n\n<p class=\"has-text-align-center wp-block-paragraph\">Miejsce wydarzenia: <strong>Facebook WBP (otwarty dla wszystkich)<\/strong><\/p>\n\n\n\n<p class=\"has-text-align-center wp-block-paragraph\">Organizacja wydarzenia: <strong>Dzia\u0142 Informacji i Promocji WBP &#8211; Studio WBP<\/strong><\/p>\n\n\n\n<p class=\"has-text-align-center wp-block-paragraph\">Zapraszamy do ogl\u0105dania i udzia\u0142u!<\/p>\n\n\n\n<hr class=\"wp-block-separator has-alpha-channel-opacity\"\/>\n\n\n<div class=\"wp-block-image is-style-rounded\">\n<figure class=\"aligncenter size-large is-resized\"><img data-dominant-color=\"c8dcea\" data-has-transparency=\"false\" style=\"--dominant-color: #c8dcea;\" loading=\"lazy\" decoding=\"async\" sizes=\"auto, (max-width: 1528px) 100vw, 1528px\" src=\"https:\/\/wbp.lublin.pl\/wp-content\/uploads\/2023\/01\/trees-g1fd0e37aa_1920-1-1528x1080.webp\" alt=\"\" class=\"wp-image-42503 not-transparent\" width=\"382\" height=\"270\" srcset=\"https:\/\/wbp.lublin.pl\/wp-content\/uploads\/2023\/01\/trees-g1fd0e37aa_1920-1-1528x1080.webp 1528w, https:\/\/wbp.lublin.pl\/wp-content\/uploads\/2023\/01\/trees-g1fd0e37aa_1920-1-600x424.webp 600w, https:\/\/wbp.lublin.pl\/wp-content\/uploads\/2023\/01\/trees-g1fd0e37aa_1920-1-400x283.webp 400w, https:\/\/wbp.lublin.pl\/wp-content\/uploads\/2023\/01\/trees-g1fd0e37aa_1920-1-768x543.webp 768w, https:\/\/wbp.lublin.pl\/wp-content\/uploads\/2023\/01\/trees-g1fd0e37aa_1920-1-1536x1086.webp 1536w, https:\/\/wbp.lublin.pl\/wp-content\/uploads\/2023\/01\/trees-g1fd0e37aa_1920-1-947x669.webp 947w, https:\/\/wbp.lublin.pl\/wp-content\/uploads\/2023\/01\/trees-g1fd0e37aa_1920-1-624x441.webp 624w, https:\/\/wbp.lublin.pl\/wp-content\/uploads\/2023\/01\/trees-g1fd0e37aa_1920-1.webp 1920w\" \/><\/figure>\n<\/div>\n\n\n<p class=\"wp-block-paragraph\"><\/p>\n\n\n\n<p class=\"has-text-align-center wp-block-paragraph\"><strong>Pomys\u0142y na ferie w zaprzyja\u017anionych instytucjach wojew\u00f3dztwa lubelskiego i Lublina:<\/strong><\/p>\n\n\n\n<p class=\"wp-block-paragraph\"><a href=\"https:\/\/www.lubelskie.pl\/aktua...\/ferie-zimowe-w-lubelskiem\/\">https:\/\/www.lubelskie.pl\/aktua&#8230;\/ferie-zimowe-w-lubelskiem\/<\/a><\/p>\n\n\n\n<p class=\"wp-block-paragraph\"><a href=\"https:\/\/lublin.eu\/sport\/zima-w-miescie\/\">https:\/\/lublin.eu\/sport\/zima-w-miescie\/<\/a><\/p>\n\n\n\n<p class=\"wp-block-paragraph\"><\/p>\n\n\n\n<p class=\"wp-block-paragraph\"><\/p>\n\n\n\n<p class=\"wp-block-paragraph\">fot. ilustracyjne: pixabay.com; fot. studio WBP &#8211; <strong>Dorota Mo\u015bcibrodzka<\/strong><\/p>\n","protected":false},"excerpt":{"rendered":"<p>Zapraszamy! Zobacz, co u nas w ferie s\u0142ycha\u0107!<\/p>\n","protected":false},"author":7,"featured_media":42501,"comment_status":"closed","ping_status":"closed","sticky":false,"template":"","format":"standard","meta":{"_tec_requires_first_save":true,"_crdt_document":"","pgc_sgb_lightbox_settings":"","_EventAllDay":false,"_EventTimezone":"","_EventStartDate":"","_EventEndDate":"","_EventStartDateUTC":"","_EventEndDateUTC":"","_EventShowMap":false,"_EventShowMapLink":false,"_EventURL":"","_EventCost":"","_EventCostDescription":"","_EventCurrencySymbol":"","_EventCurrencyCode":"","_EventCurrencyPosition":"","_EventDateTimeSeparator":"","_EventTimeRangeSeparator":"","_EventOrganizerID":[],"_EventVenueID":[],"_OrganizerEmail":"","_OrganizerPhone":"","_OrganizerWebsite":"","_VenueAddress":"","_VenueCity":"","_VenueCountry":"","_VenueProvince":"","_VenueState":"","_VenueZip":"","_VenuePhone":"","_VenueURL":"","_VenueStateProvince":"","_VenueLat":"","_VenueLng":"","_VenueShowMap":false,"_VenueShowMapLink":false,"_tribe_blocks_recurrence_rules":"","_tribe_blocks_recurrence_description":"","_tribe_blocks_recurrence_exclusions":"","footnotes":""},"categories":[664,679,638,537,10,90],"tags":[],"class_list":["post-42494","post","type-post","status-publish","format-standard","has-post-thumbnail","hentry","category-oddzial-dla-dzieci","category-rok-2023","category-poranek-u-hieronima","category-archiwum-wydarzen","category-aktualnosci","category-imprezy"],"publishpress_future_action":{"enabled":false,"date":"2026-05-07 21:00:00","action":"change-status","newStatus":"draft","terms":[],"taxonomy":"category","extraData":[]},"publishpress_future_workflow_manual_trigger":{"enabledWorkflows":[]},"_links":{"self":[{"href":"https:\/\/wbp.lublin.pl\/index.php\/wp-json\/wp\/v2\/posts\/42494","targetHints":{"allow":["GET"]}}],"collection":[{"href":"https:\/\/wbp.lublin.pl\/index.php\/wp-json\/wp\/v2\/posts"}],"about":[{"href":"https:\/\/wbp.lublin.pl\/index.php\/wp-json\/wp\/v2\/types\/post"}],"author":[{"embeddable":true,"href":"https:\/\/wbp.lublin.pl\/index.php\/wp-json\/wp\/v2\/users\/7"}],"replies":[{"embeddable":true,"href":"https:\/\/wbp.lublin.pl\/index.php\/wp-json\/wp\/v2\/comments?post=42494"}],"version-history":[{"count":4,"href":"https:\/\/wbp.lublin.pl\/index.php\/wp-json\/wp\/v2\/posts\/42494\/revisions"}],"predecessor-version":[{"id":42505,"href":"https:\/\/wbp.lublin.pl\/index.php\/wp-json\/wp\/v2\/posts\/42494\/revisions\/42505"}],"wp:featuredmedia":[{"embeddable":true,"href":"https:\/\/wbp.lublin.pl\/index.php\/wp-json\/wp\/v2\/media\/42501"}],"wp:attachment":[{"href":"https:\/\/wbp.lublin.pl\/index.php\/wp-json\/wp\/v2\/media?parent=42494"}],"wp:term":[{"taxonomy":"category","embeddable":true,"href":"https:\/\/wbp.lublin.pl\/index.php\/wp-json\/wp\/v2\/categories?post=42494"},{"taxonomy":"post_tag","embeddable":true,"href":"https:\/\/wbp.lublin.pl\/index.php\/wp-json\/wp\/v2\/tags?post=42494"}],"curies":[{"name":"wp","href":"https:\/\/api.w.org\/{rel}","templated":true}]}}