{"id":42770,"date":"2023-02-06T00:29:01","date_gmt":"2023-02-05T23:29:01","guid":{"rendered":"https:\/\/wbp.lublin.pl\/?p=42770"},"modified":"2026-02-04T19:31:17","modified_gmt":"2026-02-04T18:31:17","slug":"o-sile-podcastow-czyli-nowe-media-w-poranku-u-hieronima","status":"publish","type":"post","link":"https:\/\/wbp.lublin.pl\/index.php\/2023\/02\/06\/o-sile-podcastow-czyli-nowe-media-w-poranku-u-hieronima\/","title":{"rendered":"O sile podcast\u00f3w, czyli nowe media w &#8222;Poranku u Hieronima&#8221;"},"content":{"rendered":"\n<div class=\"wp-block-wpzoom-blocks-social-icons is-style-without-canvas-with-label\" style=\"--wpz-social-icons-block-item-font-size:40px;--wpz-social-icons-block-item-padding-horizontal:15px;--wpz-social-icons-block-item-padding-vertical:10px;--wpz-social-icons-block-item-margin-horizontal:0px;--wpz-social-icons-block-item-margin-vertical:0px;--wpz-social-icons-block-item-border-radius:50px;--wpz-social-icons-block-label-font-size:15px;--wpz-social-icons-block-label-color:inherit;--wpz-social-icons-block-label-color-hover:#f1f1f1;--wpz-social-icons-alignment:center\"><a href=\"https:\/\/www.facebook.com\/wbplublin\/\" class=\"social-icon-link\" title=\"Facebook\" target=\"_blank\" style=\"--wpz-social-icons-block-item-color:#4267b2;--wpz-social-icons-block-item-color-hover:#F89406\" rel=\"noopener\"><span class=\"social-icon socicon socicon-facebook\"><\/span><\/a><a href=\"https:\/\/wbp.lublin.pl\" class=\"social-icon-link\" title=\"WordPress\" target=\"_blank\" style=\"--wpz-social-icons-block-item-color:#1877F2;--wpz-social-icons-block-item-color-hover:#F89406\" rel=\"noopener\"><span class=\"social-icon socicon socicon-wordpress\"><\/span><\/a><a href=\"https:\/\/www.youtube.com\/@wbpwlublinie3710\/\" class=\"social-icon-link\" title=\"Youtube\" target=\"_blank\" style=\"--wpz-social-icons-block-item-color:#ff0000;--wpz-social-icons-block-item-color-hover:#F89406\" rel=\"noopener\"><span class=\"social-icon socicon socicon-youtube\"><\/span><\/a><\/div>\n\n\n\n<h3 class=\"wp-block-heading has-text-align-center\">O sile podcast\u00f3w, czyli nowe media w \u201ePoranku u Hieronima\u201d<\/h3>\n\n\n\n<h3 class=\"wp-block-heading has-text-align-center\"><strong>Cykliczna audycja internetowa Biblioteki<\/strong><\/h3>\n\n\n\n<h3 class=\"wp-block-heading has-text-align-center\"><strong>Facebook WBP (otwarty dla wszystkich) \u2013 odcinek 137<\/strong><\/h3>\n\n\n\n<h3 class=\"wp-block-heading has-text-align-center\"><strong>8 lutego 2023, godz. 10.00<\/strong><\/h3>\n\n\n\n<ul class=\"wp-block-list\">\n<li>Na kilka chwil przed <strong>\u015awiatowym Dniem Radia<\/strong> spotkamy si\u0119 z <strong>\u0141ukaszem Wojtusikiem <\/strong>\u2013 dziennikarzem, cz\u0142owiekiem radia i sceny, tw\u00f3rc\u0105 podcastu <strong>Alfabet Wojtusika<\/strong>. M\u00f3wi o sobie, \u017ce \u017cyje z rozmawiania z lud\u017ami i \u017ce nie potrafi nie czyta\u0107. W programie zastanowimy si\u0119, sk\u0105d bierze si\u0119 popularno\u015b\u0107 podcast\u00f3w i czy potrzeba rozmowy i czytania ksi\u0105\u017cek musi by\u0107 wrodzona, czy mo\u017cna je rozbudzi\u0107 z wiekiem. Zdradzimy tak\u017ce, z jakiego powodu \u0141ukasz Wojtusik odwiedzi\u0142 tym razem Lublin.<br><br><a href=\"https:\/\/www.facebook.com\/AlfabetWojtusika\">Alfabet Wojtusika<\/a><br><br><br><strong>\u0141ukasz Wojtusik<\/strong> w Wypo\u017cyczalni WBP (fot. <strong>Dorota Mo\u015bcibrodzka<\/strong>)<\/li>\n<\/ul>\n\n\n<div class=\"wp-block-image\">\n<figure class=\"aligncenter size-large is-resized\"><img data-dominant-color=\"64574d\" data-has-transparency=\"false\" loading=\"lazy\" decoding=\"async\" width=\"1080\" height=\"1080\" sizes=\"auto, (max-width: 1080px) 100vw, 1080px\" src=\"https:\/\/wbp.lublin.pl\/wp-content\/uploads\/2023\/02\/Wojtusik_WBP-1080x1080.webp\" alt=\"\" class=\"wp-image-42781 not-transparent\" style=\"--dominant-color: #64574d; width:540px;height:540px\" srcset=\"https:\/\/wbp.lublin.pl\/wp-content\/uploads\/2023\/02\/Wojtusik_WBP-1080x1080.webp 1080w, https:\/\/wbp.lublin.pl\/wp-content\/uploads\/2023\/02\/Wojtusik_WBP-600x600.webp 600w, https:\/\/wbp.lublin.pl\/wp-content\/uploads\/2023\/02\/Wojtusik_WBP-400x400.webp 400w, https:\/\/wbp.lublin.pl\/wp-content\/uploads\/2023\/02\/Wojtusik_WBP-768x768.webp 768w, https:\/\/wbp.lublin.pl\/wp-content\/uploads\/2023\/02\/Wojtusik_WBP-947x947.webp 947w, https:\/\/wbp.lublin.pl\/wp-content\/uploads\/2023\/02\/Wojtusik_WBP-624x624.webp 624w, https:\/\/wbp.lublin.pl\/wp-content\/uploads\/2023\/02\/Wojtusik_WBP.webp 1440w\" \/><\/figure>\n<\/div>\n\n\n<hr class=\"wp-block-separator has-alpha-channel-opacity\"\/>\n\n\n<div class=\"wp-block-image\">\n<figure class=\"aligncenter size-full is-resized\"><img data-dominant-color=\"887b72\" data-has-transparency=\"false\" decoding=\"async\" sizes=\"(max-width: 1920px) 100vw, 1920px\" src=\"https:\/\/wbp.lublin.pl\/wp-content\/uploads\/2022\/06\/IMG_2474.jpg\" alt=\"\" class=\"wp-image-37682 not-transparent\" style=\"--dominant-color: #887b72; width:480px;height:270px\"\/><figcaption class=\"wp-element-caption\">Prof. dr hab. <strong>Iwona Hofman<\/strong> <br>&#8211; wyst\u0105pienie na konferencji jubileuszowej WBP w 2022 r.  <br>(fot. <strong>Dorota Mo\u015bcibrodzka<\/strong>)<\/figcaption><\/figure>\n<\/div>\n\n\n<ul class=\"wp-block-list\">\n<li><strong>Influenserzy i blogerzy w kolejce po uniwersytecki indeks, czyli \u015bwiadome media na UMCS. <\/strong><br><strong>Nowe media<\/strong> &#8211; tak\u0105 nazw\u0119 b\u0119dzie nosi\u0142 nowy kierunek studi\u00f3w w <strong>Uniwersytecie Marii Curie-Sk\u0142odowskiej w<\/strong> <strong>Lublinie. <\/strong>Go\u015bciem<strong> &#8222;Poranka u Hieronima&#8221; <\/strong>b\u0119dzie <strong>prof. dr hab. Iwona Hofman, dyrektor Instytutu Nauk o Komunikacji Spo\u0142ecznej i Mediach UMCS.<\/strong> <strong>Nowe media<\/strong> b\u0119d\u0105 kierunkiem studi\u00f3w niestacjonarnych drugiego stopnia w lubelskiej uczelni. Zapytamy o powody utworzenia nowego kierunku, o umiej\u0119tno\u015bci, kt\u00f3re nab\u0119d\u0105 studenci oraz o to, czym s\u0105 \u015bwiadome media.<br><br><\/li>\n<\/ul>\n\n\n\n<p class=\"wp-block-paragraph\">Zapraszaj\u0105:\u00a0<strong>Dorota Mo\u015bcibrodzka<\/strong>\u00a0i\u00a0<strong>Ewa Hadrian<\/strong>\u00a0<\/p>\n\n\n\n<p class=\"wp-block-paragraph\">Odcinki archiwalne s\u0105 dost\u0119pne na kanale YouTube Biblioteki<\/p>\n\n\n\n<figure class=\"wp-block-embed is-type-video is-provider-youtube wp-block-embed-youtube wp-embed-aspect-16-9 wp-has-aspect-ratio\"><div class=\"wp-block-embed__wrapper\">\n<iframe loading=\"lazy\" title=\"Poranek u Hieronima - odc. 137\" width=\"887\" height=\"499\" src=\"https:\/\/www.youtube.com\/embed\/bh9LVgPACn4?feature=oembed\" frameborder=\"0\" allow=\"accelerometer; autoplay; clipboard-write; encrypted-media; gyroscope; picture-in-picture; web-share\" referrerpolicy=\"strict-origin-when-cross-origin\" allowfullscreen><\/iframe>\n<\/div><\/figure>\n\n\n\n<p class=\"has-text-align-center wp-block-paragraph\"><strong>Zapraszamy!<\/strong><\/p>\n\n\n\n<p class=\"has-text-align-right wp-block-paragraph\"><em>Dzia\u0142 informacji i Promocji<\/em><\/p>\n","protected":false},"excerpt":{"rendered":"<p>8 lutego 2023, godz. 10.00<br \/>\nFacebook WBP (otwarty dla wszystkich)<\/p>\n","protected":false},"author":7,"featured_media":42772,"comment_status":"closed","ping_status":"closed","sticky":false,"template":"","format":"standard","meta":{"_tec_requires_first_save":true,"_crdt_document":"","pgc_sgb_lightbox_settings":"","_EventAllDay":false,"_EventTimezone":"","_EventStartDate":"","_EventEndDate":"","_EventStartDateUTC":"","_EventEndDateUTC":"","_EventShowMap":false,"_EventShowMapLink":false,"_EventURL":"","_EventCost":"","_EventCostDescription":"","_EventCurrencySymbol":"","_EventCurrencyCode":"","_EventCurrencyPosition":"","_EventDateTimeSeparator":"","_EventTimeRangeSeparator":"","_EventOrganizerID":[],"_EventVenueID":[],"_OrganizerEmail":"","_OrganizerPhone":"","_OrganizerWebsite":"","_VenueAddress":"","_VenueCity":"","_VenueCountry":"","_VenueProvince":"","_VenueState":"","_VenueZip":"","_VenuePhone":"","_VenueURL":"","_VenueStateProvince":"","_VenueLat":"","_VenueLng":"","_VenueShowMap":false,"_VenueShowMapLink":false,"_tribe_blocks_recurrence_rules":"","_tribe_blocks_recurrence_description":"","_tribe_blocks_recurrence_exclusions":"","footnotes":""},"categories":[679,638,10],"tags":[],"class_list":["post-42770","post","type-post","status-publish","format-standard","has-post-thumbnail","hentry","category-rok-2023","category-poranek-u-hieronima","category-aktualnosci"],"publishpress_future_action":{"enabled":false,"date":"2026-05-06 17:42:00","action":"change-status","newStatus":"draft","terms":[],"taxonomy":"category","extraData":[]},"publishpress_future_workflow_manual_trigger":{"enabledWorkflows":[]},"_links":{"self":[{"href":"https:\/\/wbp.lublin.pl\/index.php\/wp-json\/wp\/v2\/posts\/42770","targetHints":{"allow":["GET"]}}],"collection":[{"href":"https:\/\/wbp.lublin.pl\/index.php\/wp-json\/wp\/v2\/posts"}],"about":[{"href":"https:\/\/wbp.lublin.pl\/index.php\/wp-json\/wp\/v2\/types\/post"}],"author":[{"embeddable":true,"href":"https:\/\/wbp.lublin.pl\/index.php\/wp-json\/wp\/v2\/users\/7"}],"replies":[{"embeddable":true,"href":"https:\/\/wbp.lublin.pl\/index.php\/wp-json\/wp\/v2\/comments?post=42770"}],"version-history":[{"count":21,"href":"https:\/\/wbp.lublin.pl\/index.php\/wp-json\/wp\/v2\/posts\/42770\/revisions"}],"predecessor-version":[{"id":78787,"href":"https:\/\/wbp.lublin.pl\/index.php\/wp-json\/wp\/v2\/posts\/42770\/revisions\/78787"}],"wp:featuredmedia":[{"embeddable":true,"href":"https:\/\/wbp.lublin.pl\/index.php\/wp-json\/wp\/v2\/media\/42772"}],"wp:attachment":[{"href":"https:\/\/wbp.lublin.pl\/index.php\/wp-json\/wp\/v2\/media?parent=42770"}],"wp:term":[{"taxonomy":"category","embeddable":true,"href":"https:\/\/wbp.lublin.pl\/index.php\/wp-json\/wp\/v2\/categories?post=42770"},{"taxonomy":"post_tag","embeddable":true,"href":"https:\/\/wbp.lublin.pl\/index.php\/wp-json\/wp\/v2\/tags?post=42770"}],"curies":[{"name":"wp","href":"https:\/\/api.w.org\/{rel}","templated":true}]}}