{"id":42874,"date":"2023-02-13T10:01:12","date_gmt":"2023-02-13T09:01:12","guid":{"rendered":"https:\/\/wbp.lublin.pl\/?p=42874"},"modified":"2026-02-04T19:28:12","modified_gmt":"2026-02-04T18:28:12","slug":"z-wieza-eiffla-w-tle-czyli-francuski-poranek-u-hieronima","status":"publish","type":"post","link":"https:\/\/wbp.lublin.pl\/index.php\/2023\/02\/13\/z-wieza-eiffla-w-tle-czyli-francuski-poranek-u-hieronima\/","title":{"rendered":"Z wie\u017c\u0105 Eiffla w tle, czyli francuski &#8222;Poranek u Hieronima&#8221;"},"content":{"rendered":"\n<p class=\"wp-block-paragraph\"><\/p>\n\n\n\n<div class=\"wp-block-wpzoom-blocks-social-icons is-style-without-canvas-with-label\" style=\"--wpz-social-icons-block-item-font-size:40px;--wpz-social-icons-block-item-padding-horizontal:15px;--wpz-social-icons-block-item-padding-vertical:10px;--wpz-social-icons-block-item-margin-horizontal:0px;--wpz-social-icons-block-item-margin-vertical:0px;--wpz-social-icons-block-item-border-radius:50px;--wpz-social-icons-block-label-font-size:15px;--wpz-social-icons-block-label-color:inherit;--wpz-social-icons-block-label-color-hover:#f1f1f1;--wpz-social-icons-alignment:center\"><a href=\"https:\/\/www.facebook.com\/wbplublin\/\" class=\"social-icon-link\" title=\"Facebook\" target=\"_blank\" style=\"--wpz-social-icons-block-item-color:#4267b2;--wpz-social-icons-block-item-color-hover:#F89406\" rel=\"noopener\"><span class=\"social-icon socicon socicon-facebook\"><\/span><\/a><a href=\"https:\/\/wbp.lublin.pl\" class=\"social-icon-link\" title=\"WordPress\" target=\"_blank\" style=\"--wpz-social-icons-block-item-color:#1877F2;--wpz-social-icons-block-item-color-hover:#F89406\" rel=\"noopener\"><span class=\"social-icon socicon socicon-wordpress\"><\/span><\/a><a href=\"https:\/\/www.youtube.com\/@wbpwlublinie3710\/\" class=\"social-icon-link\" title=\"Youtube\" target=\"_blank\" style=\"--wpz-social-icons-block-item-color:#ff0000;--wpz-social-icons-block-item-color-hover:#F89406\" rel=\"noopener\"><span class=\"social-icon socicon socicon-youtube\"><\/span><\/a><\/div>\n\n\n\n<h3 class=\"wp-block-heading has-text-align-center\">Z wie\u017c\u0105 Eiffla w tle, czyli francuski \u201ePoranek u Hieronima\u201d<\/h3>\n\n\n\n<h3 class=\"wp-block-heading has-text-align-center\"><strong>Cykliczna audycja internetowa Biblioteki<\/strong><\/h3>\n\n\n\n<h3 class=\"wp-block-heading has-text-align-center\"><strong>Facebook WBP (otwarty dla wszystkich) \u2013 odcinek 13<\/strong>8<\/h3>\n\n\n\n<h3 class=\"wp-block-heading has-text-align-center\"><strong>15 lutego 2023, godz. 10.00<\/strong><\/h3>\n\n\n<div class=\"wp-block-image\">\n<figure class=\"aligncenter size-large is-resized\"><img data-dominant-color=\"161415\" data-has-transparency=\"false\" decoding=\"async\" sizes=\"(max-width: 1372px) 100vw, 1372px\" src=\"https:\/\/wbp.lublin.pl\/wp-content\/uploads\/2023\/02\/Lublin-1-1372x1080.png\" alt=\"\" class=\"wp-image-42884 not-transparent\" style=\"--dominant-color: #161415; width:343px;height:270px\"\/><\/figure>\n<\/div>\n\n\n<ul>\n<li class=\"gwp3a80511c_MsoNormal\"><span class=\"gwp3a80511c_size\">W &#8222;Poranku u Hieronima&#8221; opowiemy o jubileuszu 40-lecia <strong>Alliance Fran\u00e7aise w Lublinie<\/strong>. O pocz\u0105tkach za\u0142o\u017cenia szko\u0142y i Stowarzyszenia AF, o popularyzacji j\u0119zyka i kultury francuskiej opowiedz\u0105: <strong>Justyna Pasternak<\/strong> &#8211; Dyrektor Alliance Fran\u00e7aise w Lublinie, <strong>El\u017cbieta \u0141azowska-Cwalina<\/strong> &#8211; Prezes Stowarzyszenia Alliance Fran\u00e7aise oraz <strong>Kazimierz Dery\u0142o<\/strong> \u2013 wsp\u00f3\u0142za\u0142o\u017cyciel i wieloletni Dyrektor Alliance Fran\u00e7aise. Nasi go\u015bcie zaprosz\u0105 tak\u017ce na wydarzenia jubileuszowe, m.in. wyj\u0105tkowy koncert oraz warsztaty kulinarne.<\/span><\/li>\n<\/ul>\n<div><a href=\"https:\/\/lublin.afpolska.pl\/\" target=\"_blank\" rel=\"noopener noreferrer\" data-saferedirecturl=\"https:\/\/zasobygwp.pl\/redirect?sig=6b1a291314a491d83c89d72482fa76a019e6da1e4085b352c9a307ba99079e26&amp;url=aHR0cHM6Ly9sdWJsaW4uYWZwb2xza2EucGwv&amp;platform=desktop&amp;brand=wp\">Alliance Fran\u00e7aise<\/a><\/div>\n<div>&nbsp;<\/div>\n<div><a href=\"https:\/\/www.facebook.com\/profile.php?id=100070058867569\" target=\"_blank\" rel=\"noopener noreferrer\" data-saferedirecturl=\"https:\/\/zasobygwp.pl\/redirect?sig=1415e29eba44103c21a4bb223ea4f23e8805f9860d50f8b890454068a8338a7b&amp;url=aHR0cHM6Ly93d3cuZmFjZWJvb2suY29tL3Byb2ZpbGUucGhwP2lkPTEwMDA3MDA1ODg2NzU2OQ==&amp;platform=desktop&amp;brand=wp\">Alliance Fran\u00e7aise _Facebook<\/a><\/div>\n\n\n\n<hr class=\"wp-block-separator has-alpha-channel-opacity\"\/>\n\n\n<ul>\n<li>W drugiej cz\u0119\u015bci programu pozostaniemy w klimacie francuskim zapraszaj\u0105c na wystaw\u0119 <strong>\u201eMiasto na miar\u0119. Portrety paryskie\u201d Doroty Mo\u015bcibrodzkiej<\/strong>. Wystawa zosta\u0142a zrealizowana w ramach obchod\u00f3w jubileuszu AF w Lublinie<\/li>\n<\/ul>\n\n<div class=\"wp-block-image\">\n<figure class=\"aligncenter size-full is-resized\"><img data-dominant-color=\"3c6167\" data-has-transparency=\"false\" decoding=\"async\" sizes=\"(max-width: 1194px) 100vw, 1194px\" src=\"https:\/\/wbp.lublin.pl\/wp-content\/uploads\/2023\/02\/29-jpg.webp\" alt=\"\" class=\"wp-image-42904 not-transparent\" style=\"--dominant-color: #3c6167; width:597px;height:400px\"\/><figcaption class=\"wp-element-caption\"><strong>Autoportret<\/strong><\/figcaption><\/figure>\n<\/div>\n\n\n<p><strong>Dorota Mo\u015bcibrodzka<\/strong> \u2013 fotograf, poetka, t\u0142umacz j\u0119zyka rosyjskiego.&nbsp;&nbsp;Stypendystka&nbsp;&nbsp;Ministra Kultury i Dziedzictwa Narodowego w roku 2019 i 2023 w dziedzinie sztuk wizualnych. Uczy\u0142a si\u0119 w Lubelskiej Szkole Fotografii,&nbsp;&nbsp;Akademii Fotografii w Warszawie oraz w Pracowni Fotografii Centrum Kultury w Lublinie. Zajmuje si\u0119 fotografi\u0105 srebrow\u0105 \u2013 autorsk\u0105 i archiwaln\u0105.&nbsp;<\/p>\n\n\n<div class=\"wp-block-image\">\n<figure class=\"aligncenter size-full is-resized\"><img data-dominant-color=\"65685e\" data-has-transparency=\"false\" decoding=\"async\" sizes=\"(max-width: 1612px) 100vw, 1612px\" src=\"https:\/\/wbp.lublin.pl\/wp-content\/uploads\/2023\/02\/100-jpg.webp\" alt=\"\" class=\"wp-image-42887 not-transparent\" style=\"--dominant-color: #65685e; width:806px;height:540px\"\/><figcaption class=\"wp-element-caption\">Fot. <strong>Dorota Mo\u015bcibrodzka<\/strong><\/figcaption><\/figure>\n<\/div>\n\n<div class=\"wp-block-image\">\n<figure class=\"aligncenter size-full is-resized\"><img data-dominant-color=\"978a7b\" data-has-transparency=\"false\" decoding=\"async\" sizes=\"(max-width: 1612px) 100vw, 1612px\" src=\"https:\/\/wbp.lublin.pl\/wp-content\/uploads\/2023\/02\/12-jpg.webp\" alt=\"\" class=\"wp-image-42885 not-transparent\" style=\"--dominant-color: #978a7b; width:806px;height:540px\"\/><figcaption class=\"wp-element-caption\">Fot. <strong>Dorota Mo\u015bcibrodzka<\/strong><\/figcaption><\/figure>\n<\/div>\n\n<div class=\"wp-block-image\">\n<figure class=\"aligncenter size-large is-resized\"><img data-dominant-color=\"6a564c\" data-has-transparency=\"false\" loading=\"lazy\" decoding=\"async\" width=\"724\" height=\"1080\" sizes=\"auto, (max-width: 724px) 100vw, 724px\" src=\"https:\/\/wbp.lublin.pl\/wp-content\/uploads\/2023\/02\/24-724x1080.webp\" alt=\"\" class=\"wp-image-42886 not-transparent\" style=\"--dominant-color: #6a564c; width:362px;height:540px\" srcset=\"https:\/\/wbp.lublin.pl\/wp-content\/uploads\/2023\/02\/24-724x1080.webp 724w, https:\/\/wbp.lublin.pl\/wp-content\/uploads\/2023\/02\/24-402x600.webp 402w, https:\/\/wbp.lublin.pl\/wp-content\/uploads\/2023\/02\/24-268x400.webp 268w, https:\/\/wbp.lublin.pl\/wp-content\/uploads\/2023\/02\/24-768x1146.webp 768w, https:\/\/wbp.lublin.pl\/wp-content\/uploads\/2023\/02\/24-1030x1536.webp 1030w, https:\/\/wbp.lublin.pl\/wp-content\/uploads\/2023\/02\/24-947x1413.webp 947w, https:\/\/wbp.lublin.pl\/wp-content\/uploads\/2023\/02\/24-624x931.webp 624w, https:\/\/wbp.lublin.pl\/wp-content\/uploads\/2023\/02\/24.webp 1080w\" \/><figcaption class=\"wp-element-caption\">Fot. <strong>Dorota Mo\u015bcibrodzka<\/strong><\/figcaption><\/figure>\n<\/div>\n\n\n<p class=\"wp-block-paragraph\">Rozmowy poprowadz\u0105: <strong>Dorota Mo\u015bcibrodzka<\/strong> i <strong>Ewa Hadrian<\/strong><\/p>\n\n\n\n<p class=\"has-text-align-center wp-block-paragraph\"><strong>Za wie\u017c\u0119 Eiffla w Studiu WBP dzi\u0119kujemy Bo\u017cenie i Andrzejowi Ro\u017ckom<\/strong><\/p>\n\n\n\n<p class=\"wp-block-paragraph\"><\/p>\n\n\n<div class=\"wp-block-image\">\n<figure class=\"aligncenter size-full\"><img data-dominant-color=\"bba279\" data-has-transparency=\"true\" style=\"--dominant-color: #bba279;\" decoding=\"async\" sizes=\"(max-width: 233px) 100vw, 233px\" src=\"https:\/\/wbp.lublin.pl\/wp-content\/uploads\/2021\/12\/logo.png\" alt=\"\" class=\"wp-image-33769 has-transparency\"\/><\/figure>\n<\/div>\n\n\n<p style=\"text-align: center;\"><a href=\"https:\/\/fotorozek.lublin.pl\/\" target=\"_blank\" rel=\"noopener\">Foto Ro\u017cek<\/a><\/p>\n\n\n\n<p class=\"wp-block-paragraph\">Odcinki archiwalne s\u0105 dost\u0119pne na kanale YouTube Biblioteki<\/p>\n\n\n\n<figure class=\"wp-block-embed is-type-video is-provider-youtube wp-block-embed-youtube wp-embed-aspect-16-9 wp-has-aspect-ratio\"><div class=\"wp-block-embed__wrapper\">\n<iframe loading=\"lazy\" title=\"Poranek u Hieronima - odc. 138\" width=\"887\" height=\"499\" src=\"https:\/\/www.youtube.com\/embed\/QqZ29_ycjVM?feature=oembed\" frameborder=\"0\" allow=\"accelerometer; autoplay; clipboard-write; encrypted-media; gyroscope; picture-in-picture; web-share\" referrerpolicy=\"strict-origin-when-cross-origin\" allowfullscreen><\/iframe>\n<\/div><\/figure>\n\n\n\n<p class=\"has-text-align-center wp-block-paragraph\"><strong>Zapraszamy!<\/strong><\/p>\n\n\n\n<p class=\"has-text-align-right wp-block-paragraph\"><em>Dzia\u0142 Informacji i Promocji<\/em><\/p>\n","protected":false},"excerpt":{"rendered":"<p>15 lutego 2023, godz. 10.00<br \/>\nFacebook WBP (otwarty dla wszystkich)<\/p>\n","protected":false},"author":7,"featured_media":42884,"comment_status":"closed","ping_status":"closed","sticky":false,"template":"","format":"standard","meta":{"_tec_requires_first_save":true,"_crdt_document":"","pgc_sgb_lightbox_settings":"","_EventAllDay":false,"_EventTimezone":"","_EventStartDate":"","_EventEndDate":"","_EventStartDateUTC":"","_EventEndDateUTC":"","_EventShowMap":false,"_EventShowMapLink":false,"_EventURL":"","_EventCost":"","_EventCostDescription":"","_EventCurrencySymbol":"","_EventCurrencyCode":"","_EventCurrencyPosition":"","_EventDateTimeSeparator":"","_EventTimeRangeSeparator":"","_EventOrganizerID":[],"_EventVenueID":[],"_OrganizerEmail":"","_OrganizerPhone":"","_OrganizerWebsite":"","_VenueAddress":"","_VenueCity":"","_VenueCountry":"","_VenueProvince":"","_VenueState":"","_VenueZip":"","_VenuePhone":"","_VenueURL":"","_VenueStateProvince":"","_VenueLat":"","_VenueLng":"","_VenueShowMap":false,"_VenueShowMapLink":false,"_tribe_blocks_recurrence_rules":"","_tribe_blocks_recurrence_description":"","_tribe_blocks_recurrence_exclusions":"","footnotes":""},"categories":[679,638,10],"tags":[],"class_list":["post-42874","post","type-post","status-publish","format-standard","has-post-thumbnail","hentry","category-rok-2023","category-poranek-u-hieronima","category-aktualnosci"],"publishpress_future_action":{"enabled":false,"date":"2026-05-06 17:42:50","action":"change-status","newStatus":"draft","terms":[],"taxonomy":"category","extraData":[]},"publishpress_future_workflow_manual_trigger":{"enabledWorkflows":[]},"_links":{"self":[{"href":"https:\/\/wbp.lublin.pl\/index.php\/wp-json\/wp\/v2\/posts\/42874","targetHints":{"allow":["GET"]}}],"collection":[{"href":"https:\/\/wbp.lublin.pl\/index.php\/wp-json\/wp\/v2\/posts"}],"about":[{"href":"https:\/\/wbp.lublin.pl\/index.php\/wp-json\/wp\/v2\/types\/post"}],"author":[{"embeddable":true,"href":"https:\/\/wbp.lublin.pl\/index.php\/wp-json\/wp\/v2\/users\/7"}],"replies":[{"embeddable":true,"href":"https:\/\/wbp.lublin.pl\/index.php\/wp-json\/wp\/v2\/comments?post=42874"}],"version-history":[{"count":20,"href":"https:\/\/wbp.lublin.pl\/index.php\/wp-json\/wp\/v2\/posts\/42874\/revisions"}],"predecessor-version":[{"id":78784,"href":"https:\/\/wbp.lublin.pl\/index.php\/wp-json\/wp\/v2\/posts\/42874\/revisions\/78784"}],"wp:featuredmedia":[{"embeddable":true,"href":"https:\/\/wbp.lublin.pl\/index.php\/wp-json\/wp\/v2\/media\/42884"}],"wp:attachment":[{"href":"https:\/\/wbp.lublin.pl\/index.php\/wp-json\/wp\/v2\/media?parent=42874"}],"wp:term":[{"taxonomy":"category","embeddable":true,"href":"https:\/\/wbp.lublin.pl\/index.php\/wp-json\/wp\/v2\/categories?post=42874"},{"taxonomy":"post_tag","embeddable":true,"href":"https:\/\/wbp.lublin.pl\/index.php\/wp-json\/wp\/v2\/tags?post=42874"}],"curies":[{"name":"wp","href":"https:\/\/api.w.org\/{rel}","templated":true}]}}