{"id":43095,"date":"2023-02-28T17:46:52","date_gmt":"2023-02-28T16:46:52","guid":{"rendered":"https:\/\/wbp.lublin.pl\/?p=43095"},"modified":"2026-02-04T15:14:07","modified_gmt":"2026-02-04T14:14:07","slug":"o-opowiadaniu-historii-w-poranku-u-hieronima","status":"publish","type":"post","link":"https:\/\/wbp.lublin.pl\/index.php\/2023\/02\/28\/o-opowiadaniu-historii-w-poranku-u-hieronima\/","title":{"rendered":"O opowiadaniu historii w \u201ePoranku u Hieronima\u201d"},"content":{"rendered":"\n<h3 class=\"wp-block-heading has-text-align-center\">O opowiadaniu historii w \u201ePoranku u Hieronima\u201d <\/h3>\n\n\n\n<div class=\"wp-block-wpzoom-blocks-social-icons is-style-without-canvas-with-label\" style=\"--wpz-social-icons-block-item-font-size:40px;--wpz-social-icons-block-item-padding-horizontal:15px;--wpz-social-icons-block-item-padding-vertical:10px;--wpz-social-icons-block-item-margin-horizontal:0px;--wpz-social-icons-block-item-margin-vertical:0px;--wpz-social-icons-block-item-border-radius:50px;--wpz-social-icons-block-label-font-size:15px;--wpz-social-icons-block-label-color:inherit;--wpz-social-icons-block-label-color-hover:#f1f1f1;--wpz-social-icons-alignment:center\"><a href=\"https:\/\/www.facebook.com\/wbplublin\/\" class=\"social-icon-link\" title=\"Facebook\" target=\"_blank\" style=\"--wpz-social-icons-block-item-color:#4267b2;--wpz-social-icons-block-item-color-hover:#F89406\" rel=\"noopener\"><span class=\"social-icon socicon socicon-facebook\"><\/span><\/a><a href=\"https:\/\/wbp.lublin.pl\" class=\"social-icon-link\" title=\"WordPress\" target=\"_blank\" style=\"--wpz-social-icons-block-item-color:#1877F2;--wpz-social-icons-block-item-color-hover:#F89406\" rel=\"noopener\"><span class=\"social-icon socicon socicon-wordpress\"><\/span><\/a><a href=\"https:\/\/www.youtube.com\/@wbpwlublinie3710\/\" class=\"social-icon-link\" title=\"Youtube\" target=\"_blank\" style=\"--wpz-social-icons-block-item-color:#ff0000;--wpz-social-icons-block-item-color-hover:#F89406\" rel=\"noopener\"><span class=\"social-icon socicon socicon-youtube\"><\/span><\/a><\/div>\n\n\n\n<h3 class=\"wp-block-heading has-text-align-center\"><strong>Cykliczna audycja internetowa Biblioteki<\/strong><\/h3>\n\n\n\n<h3 class=\"wp-block-heading has-text-align-center\"><strong>Facebook WBP (otwarty dla wszystkich) \u2013 odcinek 1<\/strong>40<\/h3>\n\n\n\n<h3 class=\"wp-block-heading has-text-align-center\"><strong>1 marca 2023, godz. 10.00<\/strong><\/h3>\n\n\n<div class=\"wp-block-image\">\n<figure class=\"aligncenter size-large is-resized\"><img data-dominant-color=\"6a6c71\" data-has-transparency=\"false\" loading=\"lazy\" decoding=\"async\" width=\"672\" height=\"1080\" sizes=\"auto, (max-width: 672px) 100vw, 672px\" src=\"https:\/\/wbp.lublin.pl\/wp-content\/uploads\/2023\/02\/maria_barr-672x1080.webp\" alt=\"\" class=\"wp-image-43103 not-transparent\" style=\"--dominant-color: #6a6c71; width:168px;height:270px\" srcset=\"https:\/\/wbp.lublin.pl\/wp-content\/uploads\/2023\/02\/maria_barr-672x1080.webp 672w, https:\/\/wbp.lublin.pl\/wp-content\/uploads\/2023\/02\/maria_barr-373x600.webp 373w, https:\/\/wbp.lublin.pl\/wp-content\/uploads\/2023\/02\/maria_barr-249x400.webp 249w, https:\/\/wbp.lublin.pl\/wp-content\/uploads\/2023\/02\/maria_barr-624x1003.webp 624w, https:\/\/wbp.lublin.pl\/wp-content\/uploads\/2023\/02\/maria_barr.webp 750w\" \/><figcaption class=\"wp-element-caption\">Maria Barr <br>(fot. 1943 rok, \u017ar\u00f3d\u0142o: archiwum IPN)<\/figcaption><\/figure>\n<\/div>\n\n\n<p>W programie:<\/p>\n<ul>\n<li><strong>Historia jednej fotografii, czyli o &#8222;Dziewczynie ze zdj\u0119cia&#8221;<\/strong><\/li>\n<\/ul>\n<p>Film <strong>\u201eDziewczyna ze zdj\u0119cia&#8221;<\/strong> w re\u017cyserii <b>Bogny Bender-Motyki<\/b> otrzyma\u0142 nominacj\u0119 na <strong>III Festiwalu Kultury Narodowej<\/strong> w kategorii \u201eFilm i serial dokumentalny&#8221;.&nbsp;<\/p>\n<p><a href=\"https:\/\/fkn.tvp.pl\/66138025\/dziewczyna-ze-zdjecia-2022-rez-bogna-bendermotyka\" target=\"_blank\" rel=\"noopener\">Dziewczyna ze zdj\u0119cia<\/a><\/p>\n<div class=\"extraInfoNews\">\n<div class=\"imagesBox\">\n<div class=\"img\">\n<figure style=\"width: 286px\" class=\"wp-caption alignnone\"><a title=\"&nbsp;\" href=\"https:\/\/s5.tvp.pl\/images\/e\/d\/5\/uid_ed5266838af64671bd41272d975feb6a_width_700_play_0_pos_525_gs_0.jpg\" rel=\"lightbox[62978843]\"><img loading=\"lazy\" decoding=\"async\" class=\"bl\" src=\"https:\/\/s5.tvp.pl\/images\/e\/d\/5\/uid_ed5266838af64671bd41272d975feb6a_width_286_play_0_pos_201_gs_0.jpg\" alt=\"&nbsp;\" width=\"286\" height=\"161\"><\/a><figcaption class=\"wp-caption-text\">Maria Barr (1943 r.)<\/figcaption><\/figure>\n<p><span style=\"color: initial;\">Film dokumentalny opowiada histori\u0119 poszukiwa\u0144 m\u0142odej dziewczyny w mundurze, kt\u00f3rej czarno-bia\u0142e zdj\u0119cie znajdowa\u0142o si\u0119 w zbiorach Instytutu Pami\u0119ci Narodowej. IPN upubliczni\u0142 zdj\u0119cie w mediach spo\u0142eczno\u015bciowych, w akcj\u0119 poszukiwania w\u0142\u0105czy\u0142o si\u0119 tysi\u0105ce os\u00f3b. Bardzo szybko okaza\u0142o si\u0119, \u017ce fotografia przedstawia <\/span><strong style=\"color: initial;\">Mari\u0119 Barr-Grabowsk\u0105 (z domu Ch\u0142usewicz)<\/strong><span style=\"color: initial;\">, \u017con\u0119 lotnika RAF <\/span><strong style=\"color: initial;\">Philipa Rexa Barra <\/strong><span style=\"color: initial;\">(mia\u0142 polskie korzenie, by\u0142 pilotem, dow\u00f3dc\u0105 jednostki w 107. Dywizjonie RAF i zgin\u0105\u0142 w listopadzie 1942 r. nad Belgi\u0105, gdzie jest pochowany), c\u00f3rk\u0119 <\/span><strong style=\"color: initial;\">Benedykta Ch\u0142usewicza<\/strong><span style=\"color: initial;\"> &#8211; pu\u0142kownika wojska II Rzeczypospolitej, jednego z dow\u00f3dc\u00f3w w bitwie o Narwik w 1940 roku. <\/span><\/p>\n<p><span style=\"color: initial;\">Fotografia zosta\u0142a wykonana w czerwcu 1943 roku pod pa\u0142acem Buckingham w czasie wa\u017cnego wydarzenia. <\/span><span style=\"color: initial;\">O tym wydarzeniu, o powojennych losach Marii Barr i kulisach powstania filmu porozmawiamy z re\u017cyserk\u0105 filmowej opowie\u015bci <\/span><strong style=\"color: initial;\">Bogn\u0105 Bender-Motyk\u0105<\/strong><span style=\"color: initial;\">.<\/span><\/p>\n<\/div>\n<\/div>\n<\/div>\n<div id=\"intertext1\">\n<div class=\"txt n\">&nbsp;<\/div>\n<\/div>\n\n\n\n<hr class=\"wp-block-separator has-alpha-channel-opacity\"\/>\n\n\n\n<p class=\"wp-block-paragraph\"><\/p>\n\n\n<div class=\"wp-block-image\">\n<figure class=\"aligncenter size-full is-resized\"><img data-dominant-color=\"71655d\" data-has-transparency=\"false\" decoding=\"async\" sizes=\"(max-width: 1021px) 100vw, 1021px\" src=\"https:\/\/wbp.lublin.pl\/wp-content\/uploads\/2023\/02\/Baner-bez-logotypow-2-jpg.webp\" alt=\"\" class=\"wp-image-43125 not-transparent\" style=\"--dominant-color: #71655d; width:511px;height:258px\"\/><\/figure>\n<\/div>\n\n\n<ul>\n<li><strong>Nie tylko Kopernik, czyli rozmowa z Ireneuszem Rolewskim o Matejce<\/strong>, <strong>bitwie pod K\u0142uszynem i &#8230; malowaniu dusz<\/strong>. <strong>Go\u015bciem specjalnym programu b\u0119dzie pianistka Tan Rolewska &#8211; \u017cona Ireneusza<\/strong>, kt\u00f3ra opowie o swoich ulubionych kompozytorach muzyki polskiej.<br><br>27 lutego 2023 roku w Bibliotece odby\u0142 si\u0119 wernisa\u017c wystawy <strong>&#8222;Astronom Kopernik, czyli rozmowa z Bogiem. Pokaz kopii obrazu Jana Matejki pedzla Ireneusza Rolewskiego. <\/strong><br>Prezentowany efekt pracy&nbsp;<strong>Ireneusza Rolewskiego<\/strong>&nbsp;\u2013 kopia obrazu&nbsp;<strong>Jana Matejki<\/strong>&nbsp;<strong>\u201eAstronom Kopernik, czyli rozmowa z Bogiem\u201d<\/strong>&nbsp;\u2013 powsta\u0142 dzi\u0119ki projektowi wsp\u00f3\u0142finansowanemu przez Miasto Skierniewice oraz Fundacj\u0119 Orlen. <br>Format orygina\u0142u obrazu to 225 x 315 cm. Kopia jest przygotowana zgodnie z obowi\u0105zuj\u0105cymi przepisami dotycz\u0105cymi kopiowania dzie\u0142 \u2013 ma zmieniony wymiar (215 x 300 cm) i jeden z wybranych detali. <br>Pierwszy publiczny pokaz obrazu mia\u0142 miejsce w Skierniewicach w dniach 16-22 lutego 2023 roku. Obraz, po prezentacji w Lublinie w dniach 27 lutego \u2013 25 marca 2023 roku, znajdzie si\u0119 w Parlamencie Europejskim w Brukseli, by popularyzowa\u0107 w mi\u0119dzynarodowym \u015brodowisku polskie dziedzictwo kulturowe oraz osi\u0105gni\u0119cia polskiej nauki.<\/li>\n<\/ul>\n\n\n\n<p>Zapraszamy!<\/p>\n<p>fot. ilustracyjne: pixabay.com<\/p>\n<p>\u00a0<\/p>\n\n\n\n<p class=\"wp-block-paragraph\">Odcinki archiwalne s\u0105 dost\u0119pne na kanale YouTube Biblioteki<\/p>\n\n\n\n<figure class=\"wp-block-embed is-type-video is-provider-youtube wp-block-embed-youtube wp-embed-aspect-16-9 wp-has-aspect-ratio\"><div class=\"wp-block-embed__wrapper\">\n<iframe loading=\"lazy\" title=\"Poranek u Hieronima - odc. 140\" width=\"887\" height=\"499\" src=\"https:\/\/www.youtube.com\/embed\/21J-RTWrzho?feature=oembed\" frameborder=\"0\" allow=\"accelerometer; autoplay; clipboard-write; encrypted-media; gyroscope; picture-in-picture; web-share\" referrerpolicy=\"strict-origin-when-cross-origin\" allowfullscreen><\/iframe>\n<\/div><\/figure>\n\n\n\n<p class=\"has-text-align-center wp-block-paragraph\"><strong>Zapraszamy!<\/strong><\/p>\n\n\n\n<p class=\"has-text-align-right wp-block-paragraph\"><em>Dzia\u0142 Informacji i Promocji<\/em><\/p>\n","protected":false},"excerpt":{"rendered":"<p>1 marca 2023, godz. 10.00<br \/>\nFacebook WBP (otwarty dla wszystkich)<\/p>\n","protected":false},"author":7,"featured_media":43129,"comment_status":"closed","ping_status":"closed","sticky":false,"template":"","format":"standard","meta":{"_tec_requires_first_save":true,"_crdt_document":"","pgc_sgb_lightbox_settings":"","_EventAllDay":false,"_EventTimezone":"","_EventStartDate":"","_EventEndDate":"","_EventStartDateUTC":"","_EventEndDateUTC":"","_EventShowMap":false,"_EventShowMapLink":false,"_EventURL":"","_EventCost":"","_EventCostDescription":"","_EventCurrencySymbol":"","_EventCurrencyCode":"","_EventCurrencyPosition":"","_EventDateTimeSeparator":"","_EventTimeRangeSeparator":"","_EventOrganizerID":[],"_EventVenueID":[],"_OrganizerEmail":"","_OrganizerPhone":"","_OrganizerWebsite":"","_VenueAddress":"","_VenueCity":"","_VenueCountry":"","_VenueProvince":"","_VenueState":"","_VenueZip":"","_VenuePhone":"","_VenueURL":"","_VenueStateProvince":"","_VenueLat":"","_VenueLng":"","_VenueShowMap":false,"_VenueShowMapLink":false,"_tribe_blocks_recurrence_rules":"","_tribe_blocks_recurrence_description":"","_tribe_blocks_recurrence_exclusions":"","footnotes":""},"categories":[679,638,10],"tags":[],"class_list":["post-43095","post","type-post","status-publish","format-standard","has-post-thumbnail","hentry","category-rok-2023","category-poranek-u-hieronima","category-aktualnosci"],"publishpress_future_action":{"enabled":false,"date":"2026-05-06 11:43:45","action":"change-status","newStatus":"draft","terms":[],"taxonomy":"category","extraData":[]},"publishpress_future_workflow_manual_trigger":{"enabledWorkflows":[]},"_links":{"self":[{"href":"https:\/\/wbp.lublin.pl\/index.php\/wp-json\/wp\/v2\/posts\/43095","targetHints":{"allow":["GET"]}}],"collection":[{"href":"https:\/\/wbp.lublin.pl\/index.php\/wp-json\/wp\/v2\/posts"}],"about":[{"href":"https:\/\/wbp.lublin.pl\/index.php\/wp-json\/wp\/v2\/types\/post"}],"author":[{"embeddable":true,"href":"https:\/\/wbp.lublin.pl\/index.php\/wp-json\/wp\/v2\/users\/7"}],"replies":[{"embeddable":true,"href":"https:\/\/wbp.lublin.pl\/index.php\/wp-json\/wp\/v2\/comments?post=43095"}],"version-history":[{"count":22,"href":"https:\/\/wbp.lublin.pl\/index.php\/wp-json\/wp\/v2\/posts\/43095\/revisions"}],"predecessor-version":[{"id":78779,"href":"https:\/\/wbp.lublin.pl\/index.php\/wp-json\/wp\/v2\/posts\/43095\/revisions\/78779"}],"wp:featuredmedia":[{"embeddable":true,"href":"https:\/\/wbp.lublin.pl\/index.php\/wp-json\/wp\/v2\/media\/43129"}],"wp:attachment":[{"href":"https:\/\/wbp.lublin.pl\/index.php\/wp-json\/wp\/v2\/media?parent=43095"}],"wp:term":[{"taxonomy":"category","embeddable":true,"href":"https:\/\/wbp.lublin.pl\/index.php\/wp-json\/wp\/v2\/categories?post=43095"},{"taxonomy":"post_tag","embeddable":true,"href":"https:\/\/wbp.lublin.pl\/index.php\/wp-json\/wp\/v2\/tags?post=43095"}],"curies":[{"name":"wp","href":"https:\/\/api.w.org\/{rel}","templated":true}]}}