{"id":43134,"date":"2023-02-28T18:35:26","date_gmt":"2023-02-28T17:35:26","guid":{"rendered":"https:\/\/wbp.lublin.pl\/?p=43134"},"modified":"2023-03-27T09:23:28","modified_gmt":"2023-03-27T07:23:28","slug":"wystawa-astronom-kopernik-czyli-rozmowa-z-bogiem-pokaz-kopii-dziela-jana-matejki-autorstwa-ireneusza-rolewskiego-przygotowanej-z-okazji-550-rocznicy-urodzin-mikolaja-kopernika","status":"publish","type":"post","link":"https:\/\/wbp.lublin.pl\/index.php\/2023\/02\/28\/wystawa-astronom-kopernik-czyli-rozmowa-z-bogiem-pokaz-kopii-dziela-jana-matejki-autorstwa-ireneusza-rolewskiego-przygotowanej-z-okazji-550-rocznicy-urodzin-mikolaja-kopernika\/","title":{"rendered":"Zapraszamy na wystaw\u0119 \u201eAstronom Kopernik, czyli rozmowa z Bogiem\u201d"},"content":{"rendered":"\n<p class=\"wp-block-paragraph\"><\/p>\n\n\n\n<p class=\"has-text-align-center wp-block-paragraph\">Zapraszamy na wystaw\u0119<\/p>\n\n\n\n<p class=\"has-text-align-center wp-block-paragraph\">\u201e<strong>Astronom Kopernik, czyli rozmowa z Bogiem\u201d<br>Pokaz kopii dzie\u0142a Jana Matejki autorstwa Ireneusza Rolewskiego<br>&nbsp;przygotowanej z okazji 550. rocznicy urodzin Miko\u0142aja Kopernika<\/strong><\/p>\n\n\n\n<p class=\"has-text-align-center wp-block-paragraph\"><strong>Pokaz obrazu wzbogacaj\u0105 zbiory<\/strong><br><strong>Wojew\u00f3dzkiej Biblioteki Publicznej im. Hieronima \u0141opaci\u0144skiego w Lublinie,<br>Biblioteki Uniwersyteckiej Katolickiego Uniwersytetu Lubelskiego Jana Paw\u0142a II,<\/strong><br><strong>Centrum Bada\u0144 Kosmicznych PAN<\/strong><br>oraz<br><strong>Zbigniewa Nestorowicza<\/strong><\/p>\n\n\n\n<p class=\"has-text-align-center wp-block-paragraph\"><strong>Wystawa b\u0119dzie czynna do 25 marca 2023 roku w godzinach pracy Biblioteki. <\/strong><br><strong>Wst\u0119p wolny. Zapraszamy!<\/strong><\/p>\n\n\n\n<p class=\"has-text-align-left wp-block-paragraph\">Prezentowany efekt pracy <strong>Ireneusza Rolewskiego<\/strong> \u2013 kopia obrazu <strong>Jana Matejki<\/strong> <strong>\u201eAstronom Kopernik, czyli rozmowa z Bogiem\u201d<\/strong>  \u2013 powsta\u0142 dzi\u0119ki projektowi wsp\u00f3\u0142finansowanemu przez<strong> Miasto Skierniewice<\/strong> oraz <strong>Fundacj\u0119 Orlen<\/strong>. <br>Format orygina\u0142u obrazu to 225 x 315 cm. Kopia jest przygotowana zgodnie z obowi\u0105zuj\u0105cymi przepisami dotycz\u0105cymi kopiowania dzie\u0142 &#8211; ma zmieniony wymiar (215 x 300 cm) i jeden z wybranych detali.  <\/p>\n\n\n\n<p class=\"has-text-align-left wp-block-paragraph\">Pierwszy publiczny pokaz obrazu mia\u0142 miejsce w Skierniewicach w dniach 16-22 lutego 2023 roku. <strong>Obraz, po prezentacji w Lublinie w dniach 27 lutego \u2013 25 marca 2023 roku, znajdzie si\u0119 w Parlamencie Europejskim w Brukseli, by popularyzowa\u0107 w mi\u0119dzynarodowym \u015brodowisku polskie dziedzictwo kulturowe oraz osi\u0105gni\u0119cia polskiej nauki.<\/strong><\/p>\n\n\n\n<p class=\"wp-block-paragraph\"><\/p>\n\n\n\n<figure class=\"wp-block-image size-large is-style-rounded\"><img data-dominant-color=\"3d3f37\" data-has-transparency=\"false\" style=\"--dominant-color: #3d3f37;\" loading=\"lazy\" decoding=\"async\" width=\"1625\" height=\"1080\" sizes=\"auto, (max-width: 1625px) 100vw, 1625px\" src=\"https:\/\/wbp.lublin.pl\/wp-content\/uploads\/2023\/02\/NDF_2990-1625x1080.webp\" alt=\"\" class=\"wp-image-43146 not-transparent\" srcset=\"https:\/\/wbp.lublin.pl\/wp-content\/uploads\/2023\/02\/NDF_2990-1625x1080.webp 1625w, https:\/\/wbp.lublin.pl\/wp-content\/uploads\/2023\/02\/NDF_2990-600x399.webp 600w, https:\/\/wbp.lublin.pl\/wp-content\/uploads\/2023\/02\/NDF_2990-400x266.webp 400w, https:\/\/wbp.lublin.pl\/wp-content\/uploads\/2023\/02\/NDF_2990-768x510.webp 768w, https:\/\/wbp.lublin.pl\/wp-content\/uploads\/2023\/02\/NDF_2990-1536x1021.webp 1536w, https:\/\/wbp.lublin.pl\/wp-content\/uploads\/2023\/02\/NDF_2990-2048x1361.webp 2048w, https:\/\/wbp.lublin.pl\/wp-content\/uploads\/2023\/02\/NDF_2990-947x629.webp 947w, https:\/\/wbp.lublin.pl\/wp-content\/uploads\/2023\/02\/NDF_2990-624x415.webp 624w, https:\/\/wbp.lublin.pl\/wp-content\/uploads\/2023\/02\/NDF_2990-84x56.webp 84w\" \/><\/figure>\n\n\n\n<p class=\"has-text-align-center wp-block-paragraph\"><strong>Ireneusz Rolewski przed kopi\u0105 obrazu Jana Matejki &#8222;Astronom Kopernik, czyli rozmowa z Bogiem&#8221;<\/strong><\/p>\n\n\n\n<figure class=\"wp-block-gallery has-nested-images columns-default is-cropped wp-block-gallery-1 is-layout-flex wp-block-gallery-is-layout-flex\">\n<figure class=\"wp-block-image size-large\"><img data-dominant-color=\"7e8397\" data-has-transparency=\"false\" style=\"--dominant-color: #7e8397;\" loading=\"lazy\" decoding=\"async\" width=\"1625\" height=\"1080\" sizes=\"auto, (max-width: 1625px) 100vw, 1625px\" data-id=\"43138\" src=\"https:\/\/wbp.lublin.pl\/wp-content\/uploads\/2023\/02\/NDF_3003-1625x1080.webp\" alt=\"\" class=\"wp-image-43138 not-transparent\" srcset=\"https:\/\/wbp.lublin.pl\/wp-content\/uploads\/2023\/02\/NDF_3003-1625x1080.webp 1625w, https:\/\/wbp.lublin.pl\/wp-content\/uploads\/2023\/02\/NDF_3003-600x399.webp 600w, https:\/\/wbp.lublin.pl\/wp-content\/uploads\/2023\/02\/NDF_3003-400x266.webp 400w, https:\/\/wbp.lublin.pl\/wp-content\/uploads\/2023\/02\/NDF_3003-768x510.webp 768w, https:\/\/wbp.lublin.pl\/wp-content\/uploads\/2023\/02\/NDF_3003-1536x1021.webp 1536w, https:\/\/wbp.lublin.pl\/wp-content\/uploads\/2023\/02\/NDF_3003-2048x1361.webp 2048w, https:\/\/wbp.lublin.pl\/wp-content\/uploads\/2023\/02\/NDF_3003-947x629.webp 947w, https:\/\/wbp.lublin.pl\/wp-content\/uploads\/2023\/02\/NDF_3003-624x415.webp 624w, https:\/\/wbp.lublin.pl\/wp-content\/uploads\/2023\/02\/NDF_3003-84x56.webp 84w\" \/><\/figure>\n\n\n\n<figure class=\"wp-block-image size-large\"><img data-dominant-color=\"7e8397\" data-has-transparency=\"false\" style=\"--dominant-color: #7e8397;\" loading=\"lazy\" decoding=\"async\" width=\"1625\" height=\"1080\" sizes=\"auto, (max-width: 1625px) 100vw, 1625px\" data-id=\"43139\" src=\"https:\/\/wbp.lublin.pl\/wp-content\/uploads\/2023\/02\/NDF_3003-1-1625x1080.webp\" alt=\"\" class=\"wp-image-43139 not-transparent\" srcset=\"https:\/\/wbp.lublin.pl\/wp-content\/uploads\/2023\/02\/NDF_3003-1-1625x1080.webp 1625w, https:\/\/wbp.lublin.pl\/wp-content\/uploads\/2023\/02\/NDF_3003-1-600x399.webp 600w, https:\/\/wbp.lublin.pl\/wp-content\/uploads\/2023\/02\/NDF_3003-1-400x266.webp 400w, https:\/\/wbp.lublin.pl\/wp-content\/uploads\/2023\/02\/NDF_3003-1-768x510.webp 768w, https:\/\/wbp.lublin.pl\/wp-content\/uploads\/2023\/02\/NDF_3003-1-1536x1021.webp 1536w, https:\/\/wbp.lublin.pl\/wp-content\/uploads\/2023\/02\/NDF_3003-1-2048x1361.webp 2048w, https:\/\/wbp.lublin.pl\/wp-content\/uploads\/2023\/02\/NDF_3003-1-947x629.webp 947w, https:\/\/wbp.lublin.pl\/wp-content\/uploads\/2023\/02\/NDF_3003-1-624x415.webp 624w, https:\/\/wbp.lublin.pl\/wp-content\/uploads\/2023\/02\/NDF_3003-1-84x56.webp 84w\" \/><\/figure>\n<\/figure>\n\n\n\n<p class=\"has-text-align-center wp-block-paragraph\"><strong>Wystawa w Galerii Biblioteki<\/strong><\/p>\n\n\n\n<figure class=\"wp-block-gallery has-nested-images columns-default is-cropped wp-block-gallery-2 is-layout-flex wp-block-gallery-is-layout-flex\">\n<figure class=\"wp-block-image size-large\"><img data-dominant-color=\"656b7f\" data-has-transparency=\"false\" style=\"--dominant-color: #656b7f;\" loading=\"lazy\" decoding=\"async\" width=\"1625\" height=\"1080\" sizes=\"auto, (max-width: 1625px) 100vw, 1625px\" data-id=\"43140\" src=\"https:\/\/wbp.lublin.pl\/wp-content\/uploads\/2023\/02\/NDF_3004-1625x1080.webp\" alt=\"\" class=\"wp-image-43140 not-transparent\" srcset=\"https:\/\/wbp.lublin.pl\/wp-content\/uploads\/2023\/02\/NDF_3004-1625x1080.webp 1625w, https:\/\/wbp.lublin.pl\/wp-content\/uploads\/2023\/02\/NDF_3004-600x399.webp 600w, https:\/\/wbp.lublin.pl\/wp-content\/uploads\/2023\/02\/NDF_3004-400x266.webp 400w, https:\/\/wbp.lublin.pl\/wp-content\/uploads\/2023\/02\/NDF_3004-768x510.webp 768w, https:\/\/wbp.lublin.pl\/wp-content\/uploads\/2023\/02\/NDF_3004-1536x1021.webp 1536w, https:\/\/wbp.lublin.pl\/wp-content\/uploads\/2023\/02\/NDF_3004-2048x1361.webp 2048w, https:\/\/wbp.lublin.pl\/wp-content\/uploads\/2023\/02\/NDF_3004-947x629.webp 947w, https:\/\/wbp.lublin.pl\/wp-content\/uploads\/2023\/02\/NDF_3004-624x415.webp 624w, https:\/\/wbp.lublin.pl\/wp-content\/uploads\/2023\/02\/NDF_3004-84x56.webp 84w\" \/><\/figure>\n\n\n\n<figure class=\"wp-block-image size-large\"><img data-dominant-color=\"928298\" data-has-transparency=\"false\" style=\"--dominant-color: #928298;\" loading=\"lazy\" decoding=\"async\" width=\"718\" height=\"1080\" sizes=\"auto, (max-width: 718px) 100vw, 718px\" data-id=\"43141\" src=\"https:\/\/wbp.lublin.pl\/wp-content\/uploads\/2023\/02\/NDF_3005-718x1080.webp\" alt=\"\" class=\"wp-image-43141 not-transparent\" srcset=\"https:\/\/wbp.lublin.pl\/wp-content\/uploads\/2023\/02\/NDF_3005-718x1080.webp 718w, https:\/\/wbp.lublin.pl\/wp-content\/uploads\/2023\/02\/NDF_3005-399x600.webp 399w, https:\/\/wbp.lublin.pl\/wp-content\/uploads\/2023\/02\/NDF_3005-266x400.webp 266w, https:\/\/wbp.lublin.pl\/wp-content\/uploads\/2023\/02\/NDF_3005-768x1156.webp 768w, https:\/\/wbp.lublin.pl\/wp-content\/uploads\/2023\/02\/NDF_3005-1021x1536.webp 1021w, https:\/\/wbp.lublin.pl\/wp-content\/uploads\/2023\/02\/NDF_3005-1361x2048.webp 1361w, https:\/\/wbp.lublin.pl\/wp-content\/uploads\/2023\/02\/NDF_3005-947x1425.webp 947w, https:\/\/wbp.lublin.pl\/wp-content\/uploads\/2023\/02\/NDF_3005-624x939.webp 624w, https:\/\/wbp.lublin.pl\/wp-content\/uploads\/2023\/02\/NDF_3005-scaled.webp 1701w\" \/><\/figure>\n<\/figure>\n\n\n\n<p class=\"has-text-align-center wp-block-paragraph\"><strong>Wystawa w Galerii Biblioteki<\/strong><\/p>\n\n\n\n<figure class=\"wp-block-gallery has-nested-images columns-default is-cropped wp-block-gallery-3 is-layout-flex wp-block-gallery-is-layout-flex\">\n<figure class=\"wp-block-image size-large\"><img data-dominant-color=\"706c6e\" data-has-transparency=\"false\" style=\"--dominant-color: #706c6e;\" loading=\"lazy\" decoding=\"async\" width=\"1625\" height=\"1080\" sizes=\"auto, (max-width: 1625px) 100vw, 1625px\" data-id=\"43142\" src=\"https:\/\/wbp.lublin.pl\/wp-content\/uploads\/2023\/02\/NDF_3006-1625x1080.webp\" alt=\"\" class=\"wp-image-43142 not-transparent\" srcset=\"https:\/\/wbp.lublin.pl\/wp-content\/uploads\/2023\/02\/NDF_3006-1625x1080.webp 1625w, https:\/\/wbp.lublin.pl\/wp-content\/uploads\/2023\/02\/NDF_3006-600x399.webp 600w, https:\/\/wbp.lublin.pl\/wp-content\/uploads\/2023\/02\/NDF_3006-400x266.webp 400w, https:\/\/wbp.lublin.pl\/wp-content\/uploads\/2023\/02\/NDF_3006-768x510.webp 768w, https:\/\/wbp.lublin.pl\/wp-content\/uploads\/2023\/02\/NDF_3006-1536x1021.webp 1536w, https:\/\/wbp.lublin.pl\/wp-content\/uploads\/2023\/02\/NDF_3006-2048x1361.webp 2048w, https:\/\/wbp.lublin.pl\/wp-content\/uploads\/2023\/02\/NDF_3006-947x629.webp 947w, https:\/\/wbp.lublin.pl\/wp-content\/uploads\/2023\/02\/NDF_3006-624x415.webp 624w, https:\/\/wbp.lublin.pl\/wp-content\/uploads\/2023\/02\/NDF_3006-84x56.webp 84w\" \/><\/figure>\n\n\n\n<figure class=\"wp-block-image size-large\"><img data-dominant-color=\"887b76\" data-has-transparency=\"false\" style=\"--dominant-color: #887b76;\" loading=\"lazy\" decoding=\"async\" width=\"1625\" height=\"1080\" sizes=\"auto, (max-width: 1625px) 100vw, 1625px\" data-id=\"43143\" src=\"https:\/\/wbp.lublin.pl\/wp-content\/uploads\/2023\/02\/NDF_3007-1625x1080.webp\" alt=\"\" class=\"wp-image-43143 not-transparent\" srcset=\"https:\/\/wbp.lublin.pl\/wp-content\/uploads\/2023\/02\/NDF_3007-1625x1080.webp 1625w, https:\/\/wbp.lublin.pl\/wp-content\/uploads\/2023\/02\/NDF_3007-600x399.webp 600w, https:\/\/wbp.lublin.pl\/wp-content\/uploads\/2023\/02\/NDF_3007-400x266.webp 400w, https:\/\/wbp.lublin.pl\/wp-content\/uploads\/2023\/02\/NDF_3007-768x510.webp 768w, https:\/\/wbp.lublin.pl\/wp-content\/uploads\/2023\/02\/NDF_3007-1536x1021.webp 1536w, https:\/\/wbp.lublin.pl\/wp-content\/uploads\/2023\/02\/NDF_3007-2048x1361.webp 2048w, https:\/\/wbp.lublin.pl\/wp-content\/uploads\/2023\/02\/NDF_3007-947x629.webp 947w, https:\/\/wbp.lublin.pl\/wp-content\/uploads\/2023\/02\/NDF_3007-624x415.webp 624w, https:\/\/wbp.lublin.pl\/wp-content\/uploads\/2023\/02\/NDF_3007-84x56.webp 84w\" \/><\/figure>\n<\/figure>\n\n\n\n<p class=\"has-text-align-center wp-block-paragraph\"><strong>Wystawa w Galerii Biblioteki<\/strong><\/p>\n\n\n\n<figure class=\"wp-block-gallery aligncenter has-nested-images columns-default is-cropped wp-block-gallery-4 is-layout-flex wp-block-gallery-is-layout-flex\">\n<figure class=\"wp-block-image size-large\"><img data-dominant-color=\"81817b\" data-has-transparency=\"false\" style=\"--dominant-color: #81817b;\" loading=\"lazy\" decoding=\"async\" width=\"1625\" height=\"1080\" sizes=\"auto, (max-width: 1625px) 100vw, 1625px\" data-id=\"43145\" src=\"https:\/\/wbp.lublin.pl\/wp-content\/uploads\/2023\/02\/NDF_3015-1625x1080.webp\" alt=\"\" class=\"wp-image-43145 not-transparent\" srcset=\"https:\/\/wbp.lublin.pl\/wp-content\/uploads\/2023\/02\/NDF_3015-1625x1080.webp 1625w, https:\/\/wbp.lublin.pl\/wp-content\/uploads\/2023\/02\/NDF_3015-600x399.webp 600w, https:\/\/wbp.lublin.pl\/wp-content\/uploads\/2023\/02\/NDF_3015-400x266.webp 400w, https:\/\/wbp.lublin.pl\/wp-content\/uploads\/2023\/02\/NDF_3015-768x510.webp 768w, https:\/\/wbp.lublin.pl\/wp-content\/uploads\/2023\/02\/NDF_3015-1536x1021.webp 1536w, https:\/\/wbp.lublin.pl\/wp-content\/uploads\/2023\/02\/NDF_3015-2048x1361.webp 2048w, https:\/\/wbp.lublin.pl\/wp-content\/uploads\/2023\/02\/NDF_3015-947x629.webp 947w, https:\/\/wbp.lublin.pl\/wp-content\/uploads\/2023\/02\/NDF_3015-624x415.webp 624w, https:\/\/wbp.lublin.pl\/wp-content\/uploads\/2023\/02\/NDF_3015-84x56.webp 84w\" \/><\/figure>\n<\/figure>\n\n\n\n<p class=\"has-text-align-center wp-block-paragraph\"><strong>Wernisa\u017c wystawy<\/strong><\/p>\n\n\n\n<p class=\"wp-block-paragraph\">Fot. <strong>Andrzej Ro\u017cek<\/strong><\/p>\n\n\n\n<p class=\"has-text-align-center wp-block-paragraph\">Organizatorzy wydarzenia:<\/p>\n\n\n\n<p class=\"has-text-align-center wp-block-paragraph\"><strong>Miasto Skierniewice<\/strong><br><strong>Prezydent Miasta Skierniewice Krzysztof Ja\u017cd\u017cyk<\/strong><\/p>\n\n\n<div class=\"wp-block-image\">\n<figure class=\"aligncenter is-resized\"><img data-dominant-color=\"b1c6d0\" data-has-transparency=\"false\" style=\"--dominant-color: #b1c6d0;\" loading=\"lazy\" decoding=\"async\" sizes=\"auto, (max-width: 1090px) 100vw, 1090px\" src=\"https:\/\/i0.wp.com\/wbp.lublin.pl\/wp-content\/uploads\/2023\/02\/herb-do-patronatu-2-811x1080.webp?resize=203%2C270&amp;ssl=1\" alt=\"\" class=\"wp-image-43049 not-transparent\" width=\"51\" height=\"68\" srcset=\"https:\/\/wbp.lublin.pl\/wp-content\/uploads\/2023\/02\/herb-do-patronatu-2-811x1080.webp 811w, https:\/\/wbp.lublin.pl\/wp-content\/uploads\/2023\/02\/herb-do-patronatu-2-451x600.webp 451w, https:\/\/wbp.lublin.pl\/wp-content\/uploads\/2023\/02\/herb-do-patronatu-2-300x400.webp 300w, https:\/\/wbp.lublin.pl\/wp-content\/uploads\/2023\/02\/herb-do-patronatu-2-768x1022.webp 768w, https:\/\/wbp.lublin.pl\/wp-content\/uploads\/2023\/02\/herb-do-patronatu-2-947x1261.webp 947w, https:\/\/wbp.lublin.pl\/wp-content\/uploads\/2023\/02\/herb-do-patronatu-2-624x831.webp 624w, https:\/\/wbp.lublin.pl\/wp-content\/uploads\/2023\/02\/herb-do-patronatu-2.webp 1090w\" \/><\/figure>\n<\/div>\n\n\n<p class=\"has-text-align-center wp-block-paragraph\"><strong>Muzeum Historyczne Skierniewic im. Jana Olszewskiego<\/strong><\/p>\n\n\n<div class=\"wp-block-image\">\n<figure class=\"aligncenter is-resized\"><img data-dominant-color=\"979797\" data-has-transparency=\"false\" style=\"--dominant-color: #979797;\" loading=\"lazy\" decoding=\"async\" sizes=\"auto, (max-width: 650px) 100vw, 650px\" src=\"https:\/\/i0.wp.com\/wbp.lublin.pl\/wp-content\/uploads\/2023\/02\/logo-muzeum.png?resize=325%2C79&amp;ssl=1\" alt=\"\" class=\"wp-image-43050 not-transparent\" width=\"163\" height=\"40\"\/><\/figure>\n<\/div>\n\n\n<p class=\"has-text-align-center wp-block-paragraph\"><strong>Fundacja ORLEN<\/strong><\/p>\n\n\n<div class=\"wp-block-image\">\n<figure class=\"aligncenter is-resized\"><img data-dominant-color=\"fadee4\" data-has-transparency=\"false\" style=\"--dominant-color: #fadee4;\" loading=\"lazy\" decoding=\"async\" sizes=\"auto, (max-width: 2560px) 100vw, 2560px\" src=\"https:\/\/i0.wp.com\/wbp.lublin.pl\/wp-content\/uploads\/2023\/02\/Fundacja-Orlen-logotyp-1527x1080.webp?resize=382%2C270&amp;ssl=1\" alt=\"\" class=\"wp-image-43051 not-transparent\" width=\"96\" height=\"68\" srcset=\"https:\/\/wbp.lublin.pl\/wp-content\/uploads\/2023\/02\/Fundacja-Orlen-logotyp-1527x1080.webp 1527w, https:\/\/wbp.lublin.pl\/wp-content\/uploads\/2023\/02\/Fundacja-Orlen-logotyp-600x424.webp 600w, https:\/\/wbp.lublin.pl\/wp-content\/uploads\/2023\/02\/Fundacja-Orlen-logotyp-400x283.webp 400w, https:\/\/wbp.lublin.pl\/wp-content\/uploads\/2023\/02\/Fundacja-Orlen-logotyp-768x543.webp 768w, https:\/\/wbp.lublin.pl\/wp-content\/uploads\/2023\/02\/Fundacja-Orlen-logotyp-1536x1086.webp 1536w, https:\/\/wbp.lublin.pl\/wp-content\/uploads\/2023\/02\/Fundacja-Orlen-logotyp-2048x1448.webp 2048w, https:\/\/wbp.lublin.pl\/wp-content\/uploads\/2023\/02\/Fundacja-Orlen-logotyp-947x670.webp 947w, https:\/\/wbp.lublin.pl\/wp-content\/uploads\/2023\/02\/Fundacja-Orlen-logotyp-624x441.webp 624w\" \/><figcaption class=\"wp-element-caption\"><br><strong>Centrum Bada\u0144 Kosmicznych PAN<\/strong><\/figcaption><\/figure>\n<\/div>\n\n<div class=\"wp-block-image\">\n<figure class=\"aligncenter is-resized\"><img data-dominant-color=\"bdbed6\" data-has-transparency=\"false\" style=\"--dominant-color: #bdbed6;\" loading=\"lazy\" decoding=\"async\" sizes=\"auto, (max-width: 938px) 100vw, 938px\" src=\"https:\/\/i0.wp.com\/wbp.lublin.pl\/wp-content\/uploads\/2023\/02\/cbk-jpg.webp?resize=235%2C235&amp;ssl=1\" alt=\"\" class=\"wp-image-43052 not-transparent\" width=\"118\" height=\"118\"\/><\/figure>\n<\/div>\n\n\n<p class=\"has-text-align-center wp-block-paragraph\"><br><strong>Wojew\u00f3dzka Biblioteka Publiczna im. H. \u0141opaci\u0144skiego w Lublinie<\/strong><\/p>\n\n\n<div class=\"wp-block-image\">\n<figure class=\"aligncenter is-resized\"><img data-dominant-color=\"d3d3d1\" data-has-transparency=\"false\" style=\"--dominant-color: #d3d3d1;\" loading=\"lazy\" decoding=\"async\" sizes=\"auto, (max-width: 561px) 100vw, 561px\" src=\"https:\/\/i0.wp.com\/wbp.lublin.pl\/wp-content\/uploads\/2023\/02\/logoWBP-jpg.webp?resize=140%2C176&amp;ssl=1\" alt=\"\" class=\"wp-image-43055 not-transparent\" width=\"70\" height=\"88\"\/><\/figure>\n<\/div>\n\n<div class=\"wp-block-image\">\n<figure class=\"aligncenter is-resized\"><img data-dominant-color=\"f2e3e6\" data-has-transparency=\"false\" style=\"--dominant-color: #f2e3e6;\" loading=\"lazy\" decoding=\"async\" sizes=\"auto, (max-width: 1907px) 100vw, 1907px\" src=\"https:\/\/i0.wp.com\/wbp.lublin.pl\/wp-content\/uploads\/2023\/02\/instytucja_samorzadu-jpg.webp?resize=477%2C201&amp;ssl=1\" alt=\"\" class=\"wp-image-43053 not-transparent\" width=\"239\" height=\"101\"\/><\/figure>\n<\/div>\n\n\n<p class=\"has-text-align-center wp-block-paragraph\"><strong>Patronat Honorowy<\/strong><\/p>\n\n\n<div class=\"wp-block-image\">\n<figure class=\"aligncenter is-resized\"><img data-dominant-color=\"2d2d2d\" data-has-transparency=\"true\" style=\"--dominant-color: #2d2d2d;\" loading=\"lazy\" decoding=\"async\" sizes=\"auto, (max-width: 393px) 100vw, 393px\" src=\"https:\/\/i0.wp.com\/wbp.lublin.pl\/wp-content\/uploads\/2023\/02\/LTN.png?resize=197%2C197&amp;ssl=1\" alt=\"\" class=\"wp-image-42985 has-transparency\" width=\"99\" height=\"99\"\/><figcaption class=\"wp-element-caption\"><strong>Lubelskie Towarzystwo Naukowe<\/strong><\/figcaption><\/figure>\n<\/div>\n\n\n<p class=\"wp-block-paragraph\"><\/p>\n","protected":false},"excerpt":{"rendered":"<p>Wystawa b\u0119dzie czynna do 25 marca 2023 roku w godzinach pracy Biblioteki. Wst\u0119p wolny. Zapraszamy!<\/p>\n","protected":false},"author":7,"featured_media":43125,"comment_status":"closed","ping_status":"closed","sticky":false,"template":"","format":"standard","meta":{"_tec_requires_first_save":true,"_crdt_document":"","pgc_sgb_lightbox_settings":"","_EventAllDay":false,"_EventTimezone":"","_EventStartDate":"","_EventEndDate":"","_EventStartDateUTC":"","_EventEndDateUTC":"","_EventShowMap":false,"_EventShowMapLink":false,"_EventURL":"","_EventCost":"","_EventCostDescription":"","_EventCurrencySymbol":"","_EventCurrencyCode":"","_EventCurrencyPosition":"","_EventDateTimeSeparator":"","_EventTimeRangeSeparator":"","_EventOrganizerID":[],"_EventVenueID":[],"_OrganizerEmail":"","_OrganizerPhone":"","_OrganizerWebsite":"","_VenueAddress":"","_VenueCity":"","_VenueCountry":"","_VenueProvince":"","_VenueState":"","_VenueZip":"","_VenuePhone":"","_VenueURL":"","_VenueStateProvince":"","_VenueLat":"","_VenueLng":"","_VenueShowMap":false,"_VenueShowMapLink":false,"_tribe_blocks_recurrence_rules":"","_tribe_blocks_recurrence_description":"","_tribe_blocks_recurrence_exclusions":"","footnotes":""},"categories":[679,55],"tags":[],"class_list":["post-43134","post","type-post","status-publish","format-standard","has-post-thumbnail","hentry","category-rok-2023","category-wystawy"],"publishpress_future_action":{"enabled":false,"date":"2026-05-06 11:43:53","action":"change-status","newStatus":"draft","terms":[],"taxonomy":"category","extraData":[]},"publishpress_future_workflow_manual_trigger":{"enabledWorkflows":[]},"_links":{"self":[{"href":"https:\/\/wbp.lublin.pl\/index.php\/wp-json\/wp\/v2\/posts\/43134","targetHints":{"allow":["GET"]}}],"collection":[{"href":"https:\/\/wbp.lublin.pl\/index.php\/wp-json\/wp\/v2\/posts"}],"about":[{"href":"https:\/\/wbp.lublin.pl\/index.php\/wp-json\/wp\/v2\/types\/post"}],"author":[{"embeddable":true,"href":"https:\/\/wbp.lublin.pl\/index.php\/wp-json\/wp\/v2\/users\/7"}],"replies":[{"embeddable":true,"href":"https:\/\/wbp.lublin.pl\/index.php\/wp-json\/wp\/v2\/comments?post=43134"}],"version-history":[{"count":6,"href":"https:\/\/wbp.lublin.pl\/index.php\/wp-json\/wp\/v2\/posts\/43134\/revisions"}],"predecessor-version":[{"id":43223,"href":"https:\/\/wbp.lublin.pl\/index.php\/wp-json\/wp\/v2\/posts\/43134\/revisions\/43223"}],"wp:featuredmedia":[{"embeddable":true,"href":"https:\/\/wbp.lublin.pl\/index.php\/wp-json\/wp\/v2\/media\/43125"}],"wp:attachment":[{"href":"https:\/\/wbp.lublin.pl\/index.php\/wp-json\/wp\/v2\/media?parent=43134"}],"wp:term":[{"taxonomy":"category","embeddable":true,"href":"https:\/\/wbp.lublin.pl\/index.php\/wp-json\/wp\/v2\/categories?post=43134"},{"taxonomy":"post_tag","embeddable":true,"href":"https:\/\/wbp.lublin.pl\/index.php\/wp-json\/wp\/v2\/tags?post=43134"}],"curies":[{"name":"wp","href":"https:\/\/api.w.org\/{rel}","templated":true}]}}