{"id":43328,"date":"2023-03-10T11:48:24","date_gmt":"2023-03-10T10:48:24","guid":{"rendered":"https:\/\/wbp.lublin.pl\/?p=43328"},"modified":"2023-03-22T13:51:46","modified_gmt":"2023-03-22T12:51:46","slug":"43328","status":"publish","type":"post","link":"https:\/\/wbp.lublin.pl\/index.php\/2023\/03\/10\/43328\/","title":{"rendered":"Zapraszamy na finisa\u017c wystawy &#8222;Astronom Kopernik, czyli rozmowa z Bogiem&#8221;"},"content":{"rendered":"\n<p>\n\n<\/p>\n<p class=\"has-text-align-center wp-block-paragraph\"><strong>Agata Niedzi\u00f3\u0142ka<\/strong><br \/><strong> Dyrektor Muzeum Historycznego Skierniewic<br \/>\u00a0im. Jana Olszewskiego w Skierniewicach<\/strong><\/p>\n<p>\n\n \n\n<\/p>\n<p class=\"has-text-align-center wp-block-paragraph\"><strong>Prof. dr hab. Iwona Stanis\u0142awska<br \/>Dyrektor Centrum Bada\u0144 Kosmicznych PAN<\/strong><\/p>\n<p>\n\n \n\n<\/p>\n<p class=\"has-text-align-center wp-block-paragraph\"><strong>Tadeusz S\u0142awecki<br \/>Dyrektor Wojew\u00f3dzkiej Biblioteki Publicznej im. H. \u0141opaci\u0144skiego w Lublinie<\/strong><\/p>\n<p>\n\n \n\n<\/p>\n<p class=\"has-text-align-center wp-block-paragraph\">zapraszaj\u0105 na finisa\u017c wystawy\n\n\n<\/p>\n<p class=\"has-text-align-center wp-block-paragraph\">&#8222;<strong>Astronom Kopernik, czyli rozmowa z Bogiem&#8221;<br \/>Pokaz kopii dzie\u0142a Jana Matejki autorstwa Ireneusza Rolewskiego<br \/>\u00a0przygotowanej z okazji 550. rocznicy urodzin Miko\u0142aja Kopernika<\/strong><\/p>\n<figure class=\"wp-block-image aligncenter size-full is-resized\"><img data-dominant-color=\"71655d\" data-has-transparency=\"false\" style=\"--dominant-color: #71655d;\" loading=\"lazy\" decoding=\"async\" class=\"wp-image-43043 not-transparent\" src=\"https:\/\/wbp.lublin.pl\/wp-content\/uploads\/2023\/02\/Baner-bez-logotypow-jpg.webp\" alt=\"\" width=\"511\" height=\"258\" \/><\/figure>\n<p>\n\n \n\n<\/p>\n<p class=\"has-text-align-center wp-block-paragraph\"><strong>Pokaz obrazu wzbogacaj\u0105 zbiory <\/strong><br \/><strong>Wojew\u00f3dzkiej Biblioteki Publicznej im. Hieronima \u0141opaci\u0144skiego w Lublinie,<br \/>Biblioteki Uniwersyteckiej Katolickiego Uniwersytetu Lubelskiego Jana Paw\u0142a II, <\/strong><br \/><strong>Centrum Bada\u0144 Kosmicznych PAN <\/strong><br \/>oraz <br \/><strong>Zbigniewa Nestorowicza<\/strong><\/p>\n<p>\n\n \n\n<\/p>\n<p class=\"has-text-align-center wp-block-paragraph\"><strong>Finisa\u017c wystawy odb\u0119dzie si\u0119 <\/strong><br \/><strong>21 marca (wtorek) 2023 r., godz. 11.00<br \/><\/strong>\n\n<strong>Galeria Biblioteki, Lublin, u. Narutowicza 4<\/strong><\/p>\n<p class=\"wp-block-paragraph\">\n\n \n\n<\/p>\n<p class=\"wp-block-paragraph\" style=\"text-align: center;\">W programie spotkania sesja:<br \/><strong>Wk\u0142ad Polski w rozw\u00f3j bada\u0144 o kosmosie<br \/><\/strong>Wyst\u0105pienia:<br \/><strong>Dzia\u0142alno\u015b\u0107 Bada\u0144 Kosmicznych PAN<\/strong> &#8211; prof. dr hab. <strong>Jolanta Nastula<\/strong>, <br \/>Zast\u0119pca Dyrektora ds. Naukowych Centrum Bada\u0144 Kosmicznych PAN, <br \/>kierownik Zak\u0142adu Geodezji Planetarnej<br \/><br \/><strong>Polskie instrumenty w kosmosie &#8211; <\/strong>dr hab. <strong>Piotr Orlea\u0144ski<\/strong>, prof. Instytutu,\u00a0<br \/>Zast\u0119pca Dyrektora ds.\u00a0 Rozwoju Technologii Centrum Bada\u0144 Kosmicznych PAN,<br \/>Kierownik Laboratorium Satelitarnych Aplikacji Uk\u0142ad\u00f3w FPGA<br \/><br \/><strong>Polska Agencja Kosmiczna<\/strong> <strong>&#8211; historia i wsp\u00f3\u0142czesno\u015b\u0107<\/strong> &#8211; dr <strong>W\u0142odzimierz Lewandowski<br \/><\/strong>polski fizyk i metrolog, naczelny fizyk w Mi\u0119dzynarodowym Biurze Miar i Wag w S\u00e8vres<\/p>\n<p>\n\n \n\n<\/p>\n<p class=\"wp-block-paragraph\">\u00a0<\/p>\n<p>\n\n \n\n<\/p>\n<p class=\"has-text-align-center wp-block-paragraph\">Organizatorzy wydarzenia:<\/p>\n<p>\n\n \n\n<\/p>\n<p class=\"has-text-align-center wp-block-paragraph\"><strong>Miasto Skierniewice<\/strong><br \/><strong>Prezydent Miasta Skierniewice Krzysztof Ja\u017cd\u017cyk<\/strong><\/p>\n<p>\n\n \n<div class=\"wp-block-image\">\n<\/p>\n<figure class=\"aligncenter size-large is-resized\"><img data-dominant-color=\"b1c6d0\" data-has-transparency=\"false\" style=\"--dominant-color: #b1c6d0;\" loading=\"lazy\" decoding=\"async\" sizes=\"auto, (max-width: 811px) 100vw, 811px\" class=\"wp-image-43049 not-transparent\" src=\"https:\/\/wbp.lublin.pl\/wp-content\/uploads\/2023\/02\/herb-do-patronatu-2-811x1080.webp\" alt=\"\" width=\"203\" height=\"270\" srcset=\"https:\/\/wbp.lublin.pl\/wp-content\/uploads\/2023\/02\/herb-do-patronatu-2-811x1080.webp 811w, https:\/\/wbp.lublin.pl\/wp-content\/uploads\/2023\/02\/herb-do-patronatu-2-451x600.webp 451w, https:\/\/wbp.lublin.pl\/wp-content\/uploads\/2023\/02\/herb-do-patronatu-2-300x400.webp 300w, https:\/\/wbp.lublin.pl\/wp-content\/uploads\/2023\/02\/herb-do-patronatu-2-768x1022.webp 768w, https:\/\/wbp.lublin.pl\/wp-content\/uploads\/2023\/02\/herb-do-patronatu-2-947x1261.webp 947w, https:\/\/wbp.lublin.pl\/wp-content\/uploads\/2023\/02\/herb-do-patronatu-2-624x831.webp 624w, https:\/\/wbp.lublin.pl\/wp-content\/uploads\/2023\/02\/herb-do-patronatu-2.webp 1090w\" \/><\/figure>\n<p>\n<\/div>\n \n\n<\/p>\n<p class=\"has-text-align-center wp-block-paragraph\"><strong>Muzeum Historyczne Skierniewic im. Jana Olszewskiego<br \/><\/strong><\/p>\n<p>\n\n \n<div class=\"wp-block-image\">\n<\/p>\n<figure class=\"aligncenter size-full is-resized\"><img data-dominant-color=\"979797\" data-has-transparency=\"false\" style=\"--dominant-color: #979797;\" loading=\"lazy\" decoding=\"async\" sizes=\"auto, (max-width: 650px) 100vw, 650px\" class=\"wp-image-43050 not-transparent\" src=\"https:\/\/wbp.lublin.pl\/wp-content\/uploads\/2023\/02\/logo-muzeum.png\" alt=\"\" width=\"325\" height=\"79\" \/><\/figure>\n<p>\n<\/div>\n \n\n<\/p>\n<p class=\"has-text-align-center wp-block-paragraph\"><strong>Fundacja ORLEN<\/strong><\/p>\n<p>\n\n \n<div class=\"wp-block-image\">\n<\/p>\n<figure class=\"aligncenter size-large is-resized\"><img data-dominant-color=\"fadee4\" data-has-transparency=\"false\" style=\"--dominant-color: #fadee4;\" loading=\"lazy\" decoding=\"async\" sizes=\"auto, (max-width: 1527px) 100vw, 1527px\" class=\"wp-image-43051 not-transparent\" src=\"https:\/\/wbp.lublin.pl\/wp-content\/uploads\/2023\/02\/Fundacja-Orlen-logotyp-1527x1080.webp\" alt=\"\" width=\"382\" height=\"270\" srcset=\"https:\/\/wbp.lublin.pl\/wp-content\/uploads\/2023\/02\/Fundacja-Orlen-logotyp-1527x1080.webp 1527w, https:\/\/wbp.lublin.pl\/wp-content\/uploads\/2023\/02\/Fundacja-Orlen-logotyp-600x424.webp 600w, https:\/\/wbp.lublin.pl\/wp-content\/uploads\/2023\/02\/Fundacja-Orlen-logotyp-400x283.webp 400w, https:\/\/wbp.lublin.pl\/wp-content\/uploads\/2023\/02\/Fundacja-Orlen-logotyp-768x543.webp 768w, https:\/\/wbp.lublin.pl\/wp-content\/uploads\/2023\/02\/Fundacja-Orlen-logotyp-1536x1086.webp 1536w, https:\/\/wbp.lublin.pl\/wp-content\/uploads\/2023\/02\/Fundacja-Orlen-logotyp-2048x1448.webp 2048w, https:\/\/wbp.lublin.pl\/wp-content\/uploads\/2023\/02\/Fundacja-Orlen-logotyp-947x670.webp 947w, https:\/\/wbp.lublin.pl\/wp-content\/uploads\/2023\/02\/Fundacja-Orlen-logotyp-624x441.webp 624w\" \/>\n<figcaption class=\"wp-element-caption\"><br \/><strong>Centrum Bada\u0144 Kosmicznych PAN<\/strong><\/figcaption>\n<\/figure>\n<p>\n<\/div>\n \n<div class=\"wp-block-image\">\n<\/p>\n<figure class=\"aligncenter size-full is-resized\"><img data-dominant-color=\"bdbed6\" data-has-transparency=\"false\" style=\"--dominant-color: #bdbed6;\" loading=\"lazy\" decoding=\"async\" sizes=\"auto, (max-width: 938px) 100vw, 938px\" class=\"wp-image-43052 not-transparent\" src=\"https:\/\/wbp.lublin.pl\/wp-content\/uploads\/2023\/02\/cbk-jpg.webp\" alt=\"\" width=\"235\" height=\"235\" \/><\/figure>\n<p>\n<\/div>\n \n\n<\/p>\n<p class=\"has-text-align-center wp-block-paragraph\"><br \/><strong>Wojew\u00f3dzka Biblioteka Publiczna im. H. \u0141opaci\u0144skiego w Lublinie<\/strong><\/p>\n<p>\n\n \n<div class=\"wp-block-image\">\n<\/p>\n<figure class=\"aligncenter size-full is-resized\"><img data-dominant-color=\"d3d3d1\" data-has-transparency=\"false\" style=\"--dominant-color: #d3d3d1;\" loading=\"lazy\" decoding=\"async\" sizes=\"auto, (max-width: 561px) 100vw, 561px\" class=\"wp-image-43055 not-transparent\" src=\"https:\/\/wbp.lublin.pl\/wp-content\/uploads\/2023\/02\/logoWBP-jpg.webp\" alt=\"\" width=\"140\" height=\"176\" \/><\/figure>\n<p>\n<\/div>\n \n<div class=\"wp-block-image\">\n<\/p>\n<figure class=\"aligncenter size-full is-resized\"><img data-dominant-color=\"f2e3e6\" data-has-transparency=\"false\" style=\"--dominant-color: #f2e3e6;\" loading=\"lazy\" decoding=\"async\" sizes=\"auto, (max-width: 1907px) 100vw, 1907px\" class=\"wp-image-43053 not-transparent\" src=\"https:\/\/wbp.lublin.pl\/wp-content\/uploads\/2023\/02\/instytucja_samorzadu-jpg.webp\" alt=\"\" width=\"477\" height=\"201\" \/><\/figure>\n<p>\n<\/div>\n \n\n<\/p>\n<p class=\"has-text-align-center wp-block-paragraph\"><strong>Patronat Honorowy <\/strong><\/p>\n<p>\n\n \n<div class=\"wp-block-image\">\n<\/p>\n<figure class=\"aligncenter size-full is-resized\"><img data-dominant-color=\"2d2d2d\" data-has-transparency=\"true\" style=\"--dominant-color: #2d2d2d;\" loading=\"lazy\" decoding=\"async\" sizes=\"auto, (max-width: 393px) 100vw, 393px\" class=\"wp-image-42985 has-transparency\" src=\"https:\/\/wbp.lublin.pl\/wp-content\/uploads\/2023\/02\/LTN.png\" alt=\"\" width=\"197\" height=\"197\" \/>\n<figcaption class=\"wp-element-caption\"><strong>Lubelskie Towarzystwo Naukowe<\/strong><\/figcaption>\n<\/figure>\n<p>\n<\/div>\n \n\n<\/p>\n<p class=\"has-text-align-left wp-block-paragraph\">Prezentowany efekt pracy <strong>Ireneusza Rolewskiego<\/strong> \u2013 kopia obrazu <strong>Jana Matejki<\/strong> <strong>\u201eAstronom Kopernik, czyli rozmowa z Bogiem\u201d<\/strong> \u2013 powsta\u0142 dzi\u0119ki projektowi wsp\u00f3\u0142finansowanemu przez Miasto Skierniewice oraz Fundacj\u0119 Orlen. <br \/>Format orygina\u0142u obrazu to 225 x 315 cm. Kopia jest przygotowana zgodnie z obowi\u0105zuj\u0105cymi przepisami dotycz\u0105cymi kopiowania dzie\u0142 &#8211; ma zmieniony wymiar (215 x 300 cm) i jeden z wybranych detali.<\/p>\n<p>\n\n \n\n<\/p>\n<p class=\"has-text-align-left wp-block-paragraph\">Pierwszy publiczny pokaz obrazu mia\u0142 miejsce w Skierniewicach w dniach 16-22 lutego 2023 roku. Obraz, po prezentacji w Lublinie w dniach 27 lutego \u2013 25 marca 2023 roku, znajdzie si\u0119 w Parlamencie Europejskim w Brukseli, by popularyzowa\u0107 w mi\u0119dzynarodowym \u015brodowisku polskie dziedzictwo kulturowe oraz osi\u0105gni\u0119cia polskiej nauki.<\/p>\n<p>\n\n<\/p>\n\n\n<figure class=\"wp-block-gallery has-nested-images columns-default is-cropped wp-block-gallery-1 is-layout-flex wp-block-gallery-is-layout-flex\">\n\n<figure class=\"wp-block-image size-large\"><img data-dominant-color=\"8c7c6e\" data-has-transparency=\"false\" style=\"--dominant-color: #8c7c6e;\" loading=\"lazy\" decoding=\"async\" width=\"1920\" height=\"1080\" sizes=\"auto, (max-width: 1920px) 100vw, 1920px\" data-id=\"43147\" src=\"https:\/\/wbp.lublin.pl\/wp-content\/uploads\/2023\/02\/img_20230224_134920-1920x1080.webp\" alt=\"\" class=\"wp-image-43147 not-transparent\" srcset=\"https:\/\/wbp.lublin.pl\/wp-content\/uploads\/2023\/02\/img_20230224_134920-1920x1080.webp 1920w, https:\/\/wbp.lublin.pl\/wp-content\/uploads\/2023\/02\/img_20230224_134920-600x338.webp 600w, https:\/\/wbp.lublin.pl\/wp-content\/uploads\/2023\/02\/img_20230224_134920-400x225.webp 400w, https:\/\/wbp.lublin.pl\/wp-content\/uploads\/2023\/02\/img_20230224_134920-768x432.webp 768w, https:\/\/wbp.lublin.pl\/wp-content\/uploads\/2023\/02\/img_20230224_134920-1536x864.webp 1536w, https:\/\/wbp.lublin.pl\/wp-content\/uploads\/2023\/02\/img_20230224_134920-2048x1152.webp 2048w, https:\/\/wbp.lublin.pl\/wp-content\/uploads\/2023\/02\/img_20230224_134920-947x533.webp 947w, https:\/\/wbp.lublin.pl\/wp-content\/uploads\/2023\/02\/img_20230224_134920-624x351.webp 624w\" \/><\/figure>\n\n\n<figure class=\"wp-block-image size-large\"><img data-dominant-color=\"81817b\" data-has-transparency=\"false\" style=\"--dominant-color: #81817b;\" loading=\"lazy\" decoding=\"async\" width=\"1625\" height=\"1080\" sizes=\"auto, (max-width: 1625px) 100vw, 1625px\" data-id=\"43145\" src=\"https:\/\/wbp.lublin.pl\/wp-content\/uploads\/2023\/02\/NDF_3015-1625x1080.webp\" alt=\"\" class=\"wp-image-43145 not-transparent\" srcset=\"https:\/\/wbp.lublin.pl\/wp-content\/uploads\/2023\/02\/NDF_3015-1625x1080.webp 1625w, https:\/\/wbp.lublin.pl\/wp-content\/uploads\/2023\/02\/NDF_3015-600x399.webp 600w, https:\/\/wbp.lublin.pl\/wp-content\/uploads\/2023\/02\/NDF_3015-400x266.webp 400w, https:\/\/wbp.lublin.pl\/wp-content\/uploads\/2023\/02\/NDF_3015-768x510.webp 768w, https:\/\/wbp.lublin.pl\/wp-content\/uploads\/2023\/02\/NDF_3015-1536x1021.webp 1536w, https:\/\/wbp.lublin.pl\/wp-content\/uploads\/2023\/02\/NDF_3015-2048x1361.webp 2048w, https:\/\/wbp.lublin.pl\/wp-content\/uploads\/2023\/02\/NDF_3015-947x629.webp 947w, https:\/\/wbp.lublin.pl\/wp-content\/uploads\/2023\/02\/NDF_3015-624x415.webp 624w, https:\/\/wbp.lublin.pl\/wp-content\/uploads\/2023\/02\/NDF_3015-84x56.webp 84w\" \/><\/figure>\n\n\n<figure class=\"wp-block-image size-large\"><img data-dominant-color=\"887b76\" data-has-transparency=\"false\" style=\"--dominant-color: #887b76;\" loading=\"lazy\" decoding=\"async\" width=\"1625\" height=\"1080\" sizes=\"auto, (max-width: 1625px) 100vw, 1625px\" data-id=\"43143\" src=\"https:\/\/wbp.lublin.pl\/wp-content\/uploads\/2023\/02\/NDF_3007-1625x1080.webp\" alt=\"\" class=\"wp-image-43143 not-transparent\" srcset=\"https:\/\/wbp.lublin.pl\/wp-content\/uploads\/2023\/02\/NDF_3007-1625x1080.webp 1625w, https:\/\/wbp.lublin.pl\/wp-content\/uploads\/2023\/02\/NDF_3007-600x399.webp 600w, https:\/\/wbp.lublin.pl\/wp-content\/uploads\/2023\/02\/NDF_3007-400x266.webp 400w, https:\/\/wbp.lublin.pl\/wp-content\/uploads\/2023\/02\/NDF_3007-768x510.webp 768w, https:\/\/wbp.lublin.pl\/wp-content\/uploads\/2023\/02\/NDF_3007-1536x1021.webp 1536w, https:\/\/wbp.lublin.pl\/wp-content\/uploads\/2023\/02\/NDF_3007-2048x1361.webp 2048w, https:\/\/wbp.lublin.pl\/wp-content\/uploads\/2023\/02\/NDF_3007-947x629.webp 947w, https:\/\/wbp.lublin.pl\/wp-content\/uploads\/2023\/02\/NDF_3007-624x415.webp 624w, https:\/\/wbp.lublin.pl\/wp-content\/uploads\/2023\/02\/NDF_3007-84x56.webp 84w\" \/><\/figure>\n\n\n<figure class=\"wp-block-image size-large\"><img data-dominant-color=\"928298\" data-has-transparency=\"false\" style=\"--dominant-color: #928298;\" loading=\"lazy\" decoding=\"async\" width=\"718\" height=\"1080\" sizes=\"auto, (max-width: 718px) 100vw, 718px\" data-id=\"43141\" src=\"https:\/\/wbp.lublin.pl\/wp-content\/uploads\/2023\/02\/NDF_3005-718x1080.webp\" alt=\"\" class=\"wp-image-43141 not-transparent\" srcset=\"https:\/\/wbp.lublin.pl\/wp-content\/uploads\/2023\/02\/NDF_3005-718x1080.webp 718w, https:\/\/wbp.lublin.pl\/wp-content\/uploads\/2023\/02\/NDF_3005-399x600.webp 399w, https:\/\/wbp.lublin.pl\/wp-content\/uploads\/2023\/02\/NDF_3005-266x400.webp 266w, https:\/\/wbp.lublin.pl\/wp-content\/uploads\/2023\/02\/NDF_3005-768x1156.webp 768w, https:\/\/wbp.lublin.pl\/wp-content\/uploads\/2023\/02\/NDF_3005-1021x1536.webp 1021w, https:\/\/wbp.lublin.pl\/wp-content\/uploads\/2023\/02\/NDF_3005-1361x2048.webp 1361w, https:\/\/wbp.lublin.pl\/wp-content\/uploads\/2023\/02\/NDF_3005-947x1425.webp 947w, https:\/\/wbp.lublin.pl\/wp-content\/uploads\/2023\/02\/NDF_3005-624x939.webp 624w, https:\/\/wbp.lublin.pl\/wp-content\/uploads\/2023\/02\/NDF_3005-scaled.webp 1701w\" \/><\/figure>\n\n<\/figure>\n\n\n<p class=\"has-text-align-center wp-block-paragraph\">Zapraszamy na wystaw\u0119!<\/p>\n\n\n<hr class=\"wp-block-separator has-alpha-channel-opacity\"\/>\n\n","protected":false},"excerpt":{"rendered":"<p>21 marca 2023, godz. 11.00<br \/>\nGaleria Biblioteki<br \/>\nWst\u0119p wolny<br \/>\nWydarzenia b\u0119dzie r\u00f3wnie\u017c transmitowane na Facebooku WBP (otwartym dla wszystkich)<\/p>\n","protected":false},"author":7,"featured_media":43141,"comment_status":"closed","ping_status":"closed","sticky":false,"template":"","format":"standard","meta":{"_tec_requires_first_save":true,"_crdt_document":"","pgc_sgb_lightbox_settings":"","_EventAllDay":false,"_EventTimezone":"","_EventStartDate":"","_EventEndDate":"","_EventStartDateUTC":"","_EventEndDateUTC":"","_EventShowMap":false,"_EventShowMapLink":false,"_EventURL":"","_EventCost":"","_EventCostDescription":"","_EventCurrencySymbol":"","_EventCurrencyCode":"","_EventCurrencyPosition":"","_EventDateTimeSeparator":"","_EventTimeRangeSeparator":"","_EventOrganizerID":[],"_EventVenueID":[],"_OrganizerEmail":"","_OrganizerPhone":"","_OrganizerWebsite":"","_VenueAddress":"","_VenueCity":"","_VenueCountry":"","_VenueProvince":"","_VenueState":"","_VenueZip":"","_VenuePhone":"","_VenueURL":"","_VenueStateProvince":"","_VenueLat":"","_VenueLng":"","_VenueShowMap":false,"_VenueShowMapLink":false,"_tribe_blocks_recurrence_rules":"","_tribe_blocks_recurrence_description":"","_tribe_blocks_recurrence_exclusions":"","footnotes":""},"categories":[679,537,10,88,55],"tags":[],"class_list":["post-43328","post","type-post","status-publish","format-standard","has-post-thumbnail","hentry","category-rok-2023","category-archiwum-wydarzen","category-aktualnosci","category-wyklady-i-konferencje","category-wystawy"],"publishpress_future_action":{"enabled":false,"date":"2026-05-06 15:53:18","action":"change-status","newStatus":"draft","terms":[],"taxonomy":"category","extraData":[]},"publishpress_future_workflow_manual_trigger":{"enabledWorkflows":[]},"_links":{"self":[{"href":"https:\/\/wbp.lublin.pl\/index.php\/wp-json\/wp\/v2\/posts\/43328","targetHints":{"allow":["GET"]}}],"collection":[{"href":"https:\/\/wbp.lublin.pl\/index.php\/wp-json\/wp\/v2\/posts"}],"about":[{"href":"https:\/\/wbp.lublin.pl\/index.php\/wp-json\/wp\/v2\/types\/post"}],"author":[{"embeddable":true,"href":"https:\/\/wbp.lublin.pl\/index.php\/wp-json\/wp\/v2\/users\/7"}],"replies":[{"embeddable":true,"href":"https:\/\/wbp.lublin.pl\/index.php\/wp-json\/wp\/v2\/comments?post=43328"}],"version-history":[{"count":8,"href":"https:\/\/wbp.lublin.pl\/index.php\/wp-json\/wp\/v2\/posts\/43328\/revisions"}],"predecessor-version":[{"id":43349,"href":"https:\/\/wbp.lublin.pl\/index.php\/wp-json\/wp\/v2\/posts\/43328\/revisions\/43349"}],"wp:featuredmedia":[{"embeddable":true,"href":"https:\/\/wbp.lublin.pl\/index.php\/wp-json\/wp\/v2\/media\/43141"}],"wp:attachment":[{"href":"https:\/\/wbp.lublin.pl\/index.php\/wp-json\/wp\/v2\/media?parent=43328"}],"wp:term":[{"taxonomy":"category","embeddable":true,"href":"https:\/\/wbp.lublin.pl\/index.php\/wp-json\/wp\/v2\/categories?post=43328"},{"taxonomy":"post_tag","embeddable":true,"href":"https:\/\/wbp.lublin.pl\/index.php\/wp-json\/wp\/v2\/tags?post=43328"}],"curies":[{"name":"wp","href":"https:\/\/api.w.org\/{rel}","templated":true}]}}