{"id":43352,"date":"2023-03-13T15:02:52","date_gmt":"2023-03-13T14:02:52","guid":{"rendered":"https:\/\/wbp.lublin.pl\/?p=43352"},"modified":"2026-02-04T14:27:42","modified_gmt":"2026-02-04T13:27:42","slug":"rzemieslniczy-poranek-u-hieronima","status":"publish","type":"post","link":"https:\/\/wbp.lublin.pl\/index.php\/2023\/03\/13\/rzemieslniczy-poranek-u-hieronima\/","title":{"rendered":"Rzemie\u015blniczy &#8222;Poranek u Hieronima&#8221;"},"content":{"rendered":"\n<h3 class=\"wp-block-heading has-text-align-center\"><strong>Cykliczna audycja internetowa Biblioteki<\/strong><br><strong>Facebook WBP (otwarty dla wszystkich) \u2013 odcinek 1<\/strong>42<br><strong>15 marca 2023, godz. 10.00<\/strong><\/h3>\n\n\n\n<div class=\"wp-block-wpzoom-blocks-social-icons is-style-without-canvas-with-label\" style=\"--wpz-social-icons-block-item-font-size:40px;--wpz-social-icons-block-item-padding-horizontal:15px;--wpz-social-icons-block-item-padding-vertical:10px;--wpz-social-icons-block-item-margin-horizontal:0px;--wpz-social-icons-block-item-margin-vertical:0px;--wpz-social-icons-block-item-border-radius:50px;--wpz-social-icons-block-label-font-size:15px;--wpz-social-icons-block-label-color:inherit;--wpz-social-icons-block-label-color-hover:#f1f1f1;--wpz-social-icons-alignment:center\"><a href=\"https:\/\/www.facebook.com\/wbplublin\/\" class=\"social-icon-link\" title=\"Facebook\" target=\"_blank\" style=\"--wpz-social-icons-block-item-color:#4267b2;--wpz-social-icons-block-item-color-hover:#F89406\" rel=\"noopener\"><span class=\"social-icon socicon socicon-facebook\"><\/span><\/a><a href=\"https:\/\/wbp.lublin.pl\" class=\"social-icon-link\" title=\"WordPress\" target=\"_blank\" style=\"--wpz-social-icons-block-item-color:#1877F2;--wpz-social-icons-block-item-color-hover:#F89406\" rel=\"noopener\"><span class=\"social-icon socicon socicon-wordpress\"><\/span><\/a><a href=\"https:\/\/www.youtube.com\/@wbpwlublinie3710\/\" class=\"social-icon-link\" title=\"Youtube\" target=\"_blank\" style=\"--wpz-social-icons-block-item-color:#ff0000;--wpz-social-icons-block-item-color-hover:#F89406\" rel=\"noopener\"><span class=\"social-icon socicon socicon-youtube\"><\/span><\/a><\/div>\n\n\n\n<p class=\"has-text-align-center wp-block-paragraph\"><em>Czy to bajka, czy nie bajka \u2013 odpowiedzcie sobie sami,<\/em><\/p>\n\n\n\n<p class=\"has-text-align-center wp-block-paragraph\"><em>Lecz na pewno wy nie wiecie, jak to jest z rzemie\u015blnikami.<\/em><\/p>\n\n\n\n<p class=\"has-text-align-center wp-block-paragraph\"><em>Jak to z tym rzemios\u0142em by\u0142o, sk\u0105d si\u0119 wzi\u0119\u0142o, co to?<\/em><\/p>\n\n\n\n<p class=\"has-text-align-center wp-block-paragraph\"><em>Przeczytajcie t\u0119 bajeczk\u0119, a ju\u017c b\u0119dzie prosto.<\/em><\/p>\n\n\n\n<ul class=\"wp-block-list\">\n<li><strong>Od krawca do groomera, czyli barwny rzemie\u015blniczy \u015bwiat.<\/strong><br>19 marca swoje \u015bwi\u0119to obchodz\u0105 rzemie\u015blnicy. Wspominaj\u0105 swego Patrona, \u015bwi\u0119tego J\u00f3zefa &#8211; cie\u015bl\u0119 z Nazaretu.  Kim s\u0105 wsp\u00f3\u0142cze\u015bni rzemie\u015blnicy, czy ka\u017cdy rzemie\u015blnik jest przedsi\u0119biorc\u0105 i czy ka\u017cdy przedsi\u0119biorca jest rzemie\u015blnikiem, czy w\u015br\u00f3d miejskich rzemios\u0142 s\u0105 zawody &#8222;gin\u0105ce&#8221; i jakie nowe rzemios\u0142a wpisywane s\u0105 do klasyfikacji uprawianych zawod\u00f3w, i czy najm\u0142odsi wiedz\u0105, \u017ce ich rodzice s\u0105 rzemie\u015blnikami &#8211; o tym wszystkim porozmawiamy z <strong>Magdalen\u0105 Zab\u0142ock\u0105 &#8211; Dyrektorem ds. programowych Izby Rzemios\u0142a i Przedsi\u0119biorczo\u015bci w Lublinie<\/strong>. <br><br><strong>Magdalena Zab\u0142ocka<\/strong> &#8211; prawniczka, iberystka, lingwistka, w Izbie zajmuje si\u0119 szeroko poj\u0119t\u0105 o\u015bwiat\u0105 zawodow\u0105 na forach lokalnych, krajowych i mi\u0119dzynarodowych oraz promowaniem rzemios\u0142a. Autorka publikacji &#8222;Rzemios\u0142o w przestrzeni kulturowej&#8221; (Lublin 2019) oraz trzech ksi\u0105\u017cek &#8211; po\u015bwi\u0119conych rzemios\u0142u &#8211; dla najm\u0142odszych czytelnik\u00f3w, kt\u00f3rych wsp\u00f3\u0142autork\u0105 &#8211; ilustratork\u0105 jest c\u00f3rka Magdaleny Zab\u0142ockiej &#8211; <strong>Aleksandra<\/strong> <strong>Zab\u0142ocka<\/strong>. <br><br><strong>Lubelskie obchody tegorocznego \u015bwi\u0119ta patronalnego rzemie\u015blnik\u00f3w \u2013 \u015bw. J\u00f3zefa, 19 marca 2023 roku <strong>\u2013<\/strong> rozpoczn\u0105 si\u0119 uroczyst\u0105 msz\u0105 \u015bw. w intencji Rzemie\u015blnik\u00f3w i ich rodzin, kt\u00f3r\u0105 o godz. 11.30 odprawi w Archikatedrze Lubelskiej ks. abp Stanis\u0142aw Budzik, Metropolita Lubelski.<\/strong> <strong>Rzemie\u015blnicy lubelscy zapraszaj\u0105!<\/strong><\/li>\n<\/ul>\n\n\n\n<p class=\"wp-block-paragraph\"><\/p>\n\n\n\n<figure class=\"wp-block-image size-large is-resized\"><img data-dominant-color=\"384263\" data-has-transparency=\"false\" loading=\"lazy\" decoding=\"async\" width=\"1076\" height=\"1080\" sizes=\"auto, (max-width: 1076px) 100vw, 1076px\" src=\"https:\/\/wbp.lublin.pl\/wp-content\/uploads\/2023\/03\/Zablocka_1-1-1076x1080.webp\" alt=\"\" class=\"wp-image-43366 not-transparent\" style=\"--dominant-color: #384263; width:807px;height:810px\" srcset=\"https:\/\/wbp.lublin.pl\/wp-content\/uploads\/2023\/03\/Zablocka_1-1-1076x1080.webp 1076w, https:\/\/wbp.lublin.pl\/wp-content\/uploads\/2023\/03\/Zablocka_1-1-598x600.webp 598w, https:\/\/wbp.lublin.pl\/wp-content\/uploads\/2023\/03\/Zablocka_1-1-400x400.webp 400w, https:\/\/wbp.lublin.pl\/wp-content\/uploads\/2023\/03\/Zablocka_1-1-768x771.webp 768w, https:\/\/wbp.lublin.pl\/wp-content\/uploads\/2023\/03\/Zablocka_1-1-1530x1536.webp 1530w, https:\/\/wbp.lublin.pl\/wp-content\/uploads\/2023\/03\/Zablocka_1-1-2040x2048.webp 2040w, https:\/\/wbp.lublin.pl\/wp-content\/uploads\/2023\/03\/Zablocka_1-1-947x950.webp 947w, https:\/\/wbp.lublin.pl\/wp-content\/uploads\/2023\/03\/Zablocka_1-1-624x626.webp 624w\" \/><\/figure>\n\n\n<div class=\"wp-block-image\">\n<figure class=\"aligncenter size-large is-resized\"><img data-dominant-color=\"859e8d\" data-has-transparency=\"false\" loading=\"lazy\" decoding=\"async\" width=\"1072\" height=\"1080\" sizes=\"auto, (max-width: 1072px) 100vw, 1072px\" src=\"https:\/\/wbp.lublin.pl\/wp-content\/uploads\/2023\/03\/Zablocka_2-1072x1080.webp\" alt=\"\" class=\"wp-image-43369 not-transparent\" style=\"--dominant-color: #859e8d; width:536px;height:540px\" srcset=\"https:\/\/wbp.lublin.pl\/wp-content\/uploads\/2023\/03\/Zablocka_2-1072x1080.webp 1072w, https:\/\/wbp.lublin.pl\/wp-content\/uploads\/2023\/03\/Zablocka_2-595x600.webp 595w, https:\/\/wbp.lublin.pl\/wp-content\/uploads\/2023\/03\/Zablocka_2-397x400.webp 397w, https:\/\/wbp.lublin.pl\/wp-content\/uploads\/2023\/03\/Zablocka_2-768x774.webp 768w, https:\/\/wbp.lublin.pl\/wp-content\/uploads\/2023\/03\/Zablocka_2-1524x1536.webp 1524w, https:\/\/wbp.lublin.pl\/wp-content\/uploads\/2023\/03\/Zablocka_2-2032x2048.webp 2032w, https:\/\/wbp.lublin.pl\/wp-content\/uploads\/2023\/03\/Zablocka_2-947x954.webp 947w, https:\/\/wbp.lublin.pl\/wp-content\/uploads\/2023\/03\/Zablocka_2-624x629.webp 624w\" \/><\/figure>\n<\/div>\n\n<div class=\"wp-block-image\">\n<figure class=\"aligncenter size-large is-resized\"><img data-dominant-color=\"9c9e9f\" data-has-transparency=\"false\" loading=\"lazy\" decoding=\"async\" width=\"1074\" height=\"1080\" sizes=\"auto, (max-width: 1074px) 100vw, 1074px\" src=\"https:\/\/wbp.lublin.pl\/wp-content\/uploads\/2023\/03\/skany.5-1074x1080.webp\" alt=\"\" class=\"wp-image-43370 not-transparent\" style=\"--dominant-color: #9c9e9f; width:537px;height:540px\" srcset=\"https:\/\/wbp.lublin.pl\/wp-content\/uploads\/2023\/03\/skany.5-1074x1080.webp 1074w, https:\/\/wbp.lublin.pl\/wp-content\/uploads\/2023\/03\/skany.5-596x600.webp 596w, https:\/\/wbp.lublin.pl\/wp-content\/uploads\/2023\/03\/skany.5-398x400.webp 398w, https:\/\/wbp.lublin.pl\/wp-content\/uploads\/2023\/03\/skany.5-768x773.webp 768w, https:\/\/wbp.lublin.pl\/wp-content\/uploads\/2023\/03\/skany.5-1527x1536.webp 1527w, https:\/\/wbp.lublin.pl\/wp-content\/uploads\/2023\/03\/skany.5-2036x2048.webp 2036w, https:\/\/wbp.lublin.pl\/wp-content\/uploads\/2023\/03\/skany.5-947x953.webp 947w, https:\/\/wbp.lublin.pl\/wp-content\/uploads\/2023\/03\/skany.5-624x628.webp 624w\" \/><\/figure>\n<\/div>\n\n<div class=\"wp-block-image\">\n<figure class=\"aligncenter size-large is-resized\"><img data-dominant-color=\"7f7e80\" data-has-transparency=\"false\" loading=\"lazy\" decoding=\"async\" width=\"758\" height=\"1080\" sizes=\"auto, (max-width: 758px) 100vw, 758px\" src=\"https:\/\/wbp.lublin.pl\/wp-content\/uploads\/2023\/03\/skany.1-758x1080.webp\" alt=\"\" class=\"wp-image-43371 not-transparent\" style=\"--dominant-color: #7f7e80; width:379px;height:540px\" srcset=\"https:\/\/wbp.lublin.pl\/wp-content\/uploads\/2023\/03\/skany.1-758x1080.webp 758w, https:\/\/wbp.lublin.pl\/wp-content\/uploads\/2023\/03\/skany.1-421x600.webp 421w, https:\/\/wbp.lublin.pl\/wp-content\/uploads\/2023\/03\/skany.1-281x400.webp 281w, https:\/\/wbp.lublin.pl\/wp-content\/uploads\/2023\/03\/skany.1-768x1095.webp 768w, https:\/\/wbp.lublin.pl\/wp-content\/uploads\/2023\/03\/skany.1-1077x1536.webp 1077w, https:\/\/wbp.lublin.pl\/wp-content\/uploads\/2023\/03\/skany.1-1437x2048.webp 1437w, https:\/\/wbp.lublin.pl\/wp-content\/uploads\/2023\/03\/skany.1-947x1350.webp 947w, https:\/\/wbp.lublin.pl\/wp-content\/uploads\/2023\/03\/skany.1-624x890.webp 624w, https:\/\/wbp.lublin.pl\/wp-content\/uploads\/2023\/03\/skany.1-scaled.webp 1796w\" \/><\/figure>\n<\/div>\n\n\n<hr class=\"wp-block-separator has-alpha-channel-opacity\"\/>\n\n\n\n<hr class=\"wp-block-separator has-alpha-channel-opacity\"\/>\n\n\n<div class=\"wp-block-image\">\n<figure class=\"aligncenter size-full\"><img data-dominant-color=\"dbe2df\" data-has-transparency=\"false\" style=\"--dominant-color: #dbe2df;\" decoding=\"async\" sizes=\"(max-width: 1300px) 100vw, 1300px\" src=\"https:\/\/wbp.lublin.pl\/wp-content\/uploads\/2023\/03\/Matejko_autokarykatura-jpg.webp\" alt=\"\" class=\"wp-image-43361 not-transparent\"\/><figcaption class=\"wp-element-caption\">Jan Matejko, Autokarykatura rodziny Matejki: Jan Matejko z&nbsp;palet\u0105 w&nbsp;r\u0119ku; \u017cona w&nbsp;fotelu i&nbsp;dwoje dzieci (ok. 1872);<br>[Jan Matejko maluje Miko\u0142aja Kopernika]<br>\u017ar\u00f3d\u0142o:&nbsp;Muzeum Narodowe w Krakowie<\/figcaption><\/figure>\n<\/div>\n\n\n<ul class=\"wp-block-list\">\n<li>Do 25 marca mo\u017cna w Galerii Biblioteki ogl\u0105da\u0107 wystaw\u0119 &#8222;<em>Astronom Kopernik, czyli rozmowa z Bogiem<\/em>. Pokaz kopii dzie\u0142a Jana Matejki autorstwa Ireneusza Rolewskiego&nbsp;przygotowanej z okazji 550. rocznicy urodzin Miko\u0142aja Kopernika&#8221;. <br>&#8222;<strong>Case study Matejko-Rolewski&#8221;. O rzemie\u015blnikach-artystach porozmawiamy z dr El\u017cbiet\u0105 Matyaszewsk\u0105, znawczyni\u0105 malarstwa Jana Matejki<\/strong>.  <br><br><strong>Dr El\u017cbieta Matyaszewska<\/strong>&nbsp;\u2013 historyk sztuki, doktor nauk humanistycznych, absolwentka historii sztuki Katolickiego Uniwersytetu Lubelskiego Jana Paw\u0142a II. Wieloletni pracownik Instytutu Leksykografii KUL \u2013 redaktorka i autorka hase\u0142 z zakresu sztuki religijnej, zamieszczonych w&nbsp;<em>Encyklopedii Katolickiej.<\/em>&nbsp;Przez lata wsp\u00f3\u0142pracowa\u0142a z redakcjami lubelskich i warszawskich periodyk\u00f3w, publikuj\u0105c relacje z wystaw sztuki dawnej i wsp\u00f3\u0142czesnej, a tak\u017ce cykliczne teksty z zakresu historii ubioru, mody i rzemios\u0142a artystycznego. W ramach prac zwi\u0105zanych z gromadzeniem informacji o&nbsp; stratach kultury polskiej, prowadzonych przez Wydzia\u0142 do spraw Strat Wojennych Ministerstwa Kultury i Dziedzictwa Narodowego, przygotowa\u0142a kilkadziesi\u0105t kart obiekt\u00f3w rze\u017abiarskich z XIX i XX wieku utraconych podczas II wojny \u015bwiatowej. Obecnie wsp\u00f3\u0142pracuje z Instytutem Sztuki PAN w Warszawie, a tak\u017ce Redakcj\u0105&nbsp;<em>Polskiego S\u0142ownika Biograficznego<\/em>, pisz\u0105c biogramy polskich artyst\u00f3w, przewidziane do kolejnych tom\u00f3w obu s\u0142ownik\u00f3w. <br>Jest autork\u0105 ksi\u0105\u017cki&nbsp;&#8222;<em>Wierz\u0119 w cuda nie od dzi\u015b. <\/em>Religia w \u017cyciu i tw\u00f3rczo\u015bci Jana Matejki&#8221;&nbsp;(Lublin 2007), wsp\u00f3\u0142autork\u0105 albumowego opracowania&nbsp;<em>Matejko. Obrazy olejne. Katalog&nbsp;<\/em>(Warszawa 1993), autorskich rozdzia\u0142\u00f3w w kilku publikacjach zbiorowych dotycz\u0105cych ikonograficznej obecno\u015bci zwierz\u0105t w dzie\u0142ach sztuki, referat\u00f3w posesyjnych podejmuj\u0105cych problematyk\u0119 sztuki religijnej oraz kilkudziesi\u0119ciu publikacji naukowych i popularnonaukowych z zakresu ikonografii chrze\u015bcija\u0144skiej i malarstwa polskiego. Jest cz\u0142onkini\u0105 Stowarzyszenia Historyk\u00f3w Sztuki.<\/li>\n<\/ul>\n\n\n\n<p class=\"wp-block-paragraph\"><\/p>\n\n\n<div class=\"wp-block-image\">\n<figure class=\"aligncenter size-large is-resized\"><img data-dominant-color=\"4e3a2f\" data-has-transparency=\"false\" loading=\"lazy\" decoding=\"async\" width=\"773\" height=\"1080\" sizes=\"auto, (max-width: 773px) 100vw, 773px\" src=\"https:\/\/wbp.lublin.pl\/wp-content\/uploads\/2023\/03\/Matyaszewska-773x1080.webp\" alt=\"\" class=\"wp-image-43379 not-transparent\" style=\"--dominant-color: #4e3a2f; width:387px;height:540px\" srcset=\"https:\/\/wbp.lublin.pl\/wp-content\/uploads\/2023\/03\/Matyaszewska-773x1080.webp 773w, https:\/\/wbp.lublin.pl\/wp-content\/uploads\/2023\/03\/Matyaszewska-429x600.webp 429w, https:\/\/wbp.lublin.pl\/wp-content\/uploads\/2023\/03\/Matyaszewska-286x400.webp 286w, https:\/\/wbp.lublin.pl\/wp-content\/uploads\/2023\/03\/Matyaszewska-768x1073.webp 768w, https:\/\/wbp.lublin.pl\/wp-content\/uploads\/2023\/03\/Matyaszewska-947x1323.webp 947w, https:\/\/wbp.lublin.pl\/wp-content\/uploads\/2023\/03\/Matyaszewska-624x872.webp 624w, https:\/\/wbp.lublin.pl\/wp-content\/uploads\/2023\/03\/Matyaszewska.webp 999w\" \/><\/figure>\n<\/div>\n\n\n<hr class=\"wp-block-separator has-alpha-channel-opacity\"\/>\n\n\n\n<p class=\"has-text-align-left wp-block-paragraph\">fot. ilustracyjne: pixabay.com<\/p>\n\n\n\n<p class=\"wp-block-paragraph\">Odcinki archiwalne s\u0105 dost\u0119pne na kanale YouTube Biblioteki<\/p>\n\n\n\n<figure class=\"wp-block-embed is-type-video is-provider-youtube wp-block-embed-youtube wp-embed-aspect-16-9 wp-has-aspect-ratio\"><div class=\"wp-block-embed__wrapper\">\n<iframe loading=\"lazy\" title=\"Poranek u Hieronima - odc. 142\" width=\"887\" height=\"499\" src=\"https:\/\/www.youtube.com\/embed\/obZnlirdSp8?feature=oembed\" frameborder=\"0\" allow=\"accelerometer; autoplay; clipboard-write; encrypted-media; gyroscope; picture-in-picture; web-share\" referrerpolicy=\"strict-origin-when-cross-origin\" allowfullscreen><\/iframe>\n<\/div><\/figure>\n\n\n\n<p class=\"has-text-align-center wp-block-paragraph\">Zapraszamy!<\/p>\n\n\n\n<p class=\"has-text-align-right wp-block-paragraph\"><em>Dzia\u0142 Informacji i Promocji<\/em><\/p>\n","protected":false},"excerpt":{"rendered":"<p>15 marca 2023, godz. 10.00<br \/>\nFacebook WBP (otwarty dla wszystkich)<\/p>\n","protected":false},"author":7,"featured_media":43356,"comment_status":"closed","ping_status":"closed","sticky":false,"template":"","format":"standard","meta":{"_tec_requires_first_save":true,"_crdt_document":"","pgc_sgb_lightbox_settings":"","_EventAllDay":false,"_EventTimezone":"","_EventStartDate":"","_EventEndDate":"","_EventStartDateUTC":"","_EventEndDateUTC":"","_EventShowMap":false,"_EventShowMapLink":false,"_EventURL":"","_EventCost":"","_EventCostDescription":"","_EventCurrencySymbol":"","_EventCurrencyCode":"","_EventCurrencyPosition":"","_EventDateTimeSeparator":"","_EventTimeRangeSeparator":"","_EventOrganizerID":[],"_EventVenueID":[],"_OrganizerEmail":"","_OrganizerPhone":"","_OrganizerWebsite":"","_VenueAddress":"","_VenueCity":"","_VenueCountry":"","_VenueProvince":"","_VenueState":"","_VenueZip":"","_VenuePhone":"","_VenueURL":"","_VenueStateProvince":"","_VenueLat":"","_VenueLng":"","_VenueShowMap":false,"_VenueShowMapLink":false,"_tribe_blocks_recurrence_rules":"","_tribe_blocks_recurrence_description":"","_tribe_blocks_recurrence_exclusions":"","footnotes":""},"categories":[679,638,537,10],"tags":[],"class_list":["post-43352","post","type-post","status-publish","format-standard","has-post-thumbnail","hentry","category-rok-2023","category-poranek-u-hieronima","category-archiwum-wydarzen","category-aktualnosci"],"publishpress_future_action":{"enabled":false,"date":"2026-05-06 15:53:22","action":"change-status","newStatus":"draft","terms":[],"taxonomy":"category","extraData":[]},"publishpress_future_workflow_manual_trigger":{"enabledWorkflows":[]},"_links":{"self":[{"href":"https:\/\/wbp.lublin.pl\/index.php\/wp-json\/wp\/v2\/posts\/43352","targetHints":{"allow":["GET"]}}],"collection":[{"href":"https:\/\/wbp.lublin.pl\/index.php\/wp-json\/wp\/v2\/posts"}],"about":[{"href":"https:\/\/wbp.lublin.pl\/index.php\/wp-json\/wp\/v2\/types\/post"}],"author":[{"embeddable":true,"href":"https:\/\/wbp.lublin.pl\/index.php\/wp-json\/wp\/v2\/users\/7"}],"replies":[{"embeddable":true,"href":"https:\/\/wbp.lublin.pl\/index.php\/wp-json\/wp\/v2\/comments?post=43352"}],"version-history":[{"count":21,"href":"https:\/\/wbp.lublin.pl\/index.php\/wp-json\/wp\/v2\/posts\/43352\/revisions"}],"predecessor-version":[{"id":78770,"href":"https:\/\/wbp.lublin.pl\/index.php\/wp-json\/wp\/v2\/posts\/43352\/revisions\/78770"}],"wp:featuredmedia":[{"embeddable":true,"href":"https:\/\/wbp.lublin.pl\/index.php\/wp-json\/wp\/v2\/media\/43356"}],"wp:attachment":[{"href":"https:\/\/wbp.lublin.pl\/index.php\/wp-json\/wp\/v2\/media?parent=43352"}],"wp:term":[{"taxonomy":"category","embeddable":true,"href":"https:\/\/wbp.lublin.pl\/index.php\/wp-json\/wp\/v2\/categories?post=43352"},{"taxonomy":"post_tag","embeddable":true,"href":"https:\/\/wbp.lublin.pl\/index.php\/wp-json\/wp\/v2\/tags?post=43352"}],"curies":[{"name":"wp","href":"https:\/\/api.w.org\/{rel}","templated":true}]}}