{"id":43382,"date":"2023-03-18T11:14:07","date_gmt":"2023-03-18T10:14:07","guid":{"rendered":"https:\/\/wbp.lublin.pl\/?p=43382"},"modified":"2023-03-27T09:23:08","modified_gmt":"2023-03-27T07:23:08","slug":"fotorelacja-z-promocji-ksiazki-polskie-powstanie-nad-bajkalem-1866-roku-nowe-odslony","status":"publish","type":"post","link":"https:\/\/wbp.lublin.pl\/index.php\/2023\/03\/18\/fotorelacja-z-promocji-ksiazki-polskie-powstanie-nad-bajkalem-1866-roku-nowe-odslony\/","title":{"rendered":"Fotorelacja z promocji ksi\u0105\u017cki \u201ePolskie powstanie nad Bajka\u0142em 1866 roku. Nowe ods\u0142ony\u201d"},"content":{"rendered":"\n<p class=\"wp-block-paragraph\"><\/p>\n\n\n\n<p class=\"wp-block-paragraph\">16 marca 2023 roku w <strong>Wojew\u00f3dzkiej Bibliotece Publicznej im. Hieronima \u0141opaci\u0144skiego w Lublinie&nbsp;&nbsp;<\/strong>odby\u0142o si\u0119 spotkanie autorskie i promocja ksi\u0105\u017cki <em><strong>Polskie powstanie nad Bajka\u0142em 1866 roku. Nowe ods\u0142ony<\/strong><\/em>. Go\u015bciem spotkania by\u0142 <strong>prof. dr hab. Eugeniusz Niebelski \u2013 redaktor naukowy wydawnictwa<\/strong>. Spotkanie prowadzi\u0142<strong> dr Grzegorz Figiel&nbsp;&#8211; Zast\u0119pca Dyrektora ds. Merytorycznych Wojew\u00f3dzkiej Biblioteki Publicznej im. Hieronima \u0141opaci\u0144skiego w Lublinie<\/strong><\/p>\n\n\n\n\n\n<figure class=\"wp-block-gallery aligncenter has-nested-images columns-default is-cropped wp-block-gallery-1 is-layout-flex wp-block-gallery-is-layout-flex\">\n<figure class=\"wp-block-image size-large\"><a href=\"https:\/\/wbp.lublin.pl\/wp-content\/uploads\/2023\/03\/1-jpg.webp\"><img data-dominant-color=\"8e654d\" data-has-transparency=\"false\" style=\"--dominant-color: #8e654d;\" loading=\"lazy\" decoding=\"async\" width=\"743\" height=\"1080\" sizes=\"auto, (max-width: 743px) 100vw, 743px\" data-id=\"43385\" src=\"https:\/\/wbp.lublin.pl\/wp-content\/uploads\/2023\/03\/1-743x1080.webp\" alt=\"\" class=\"wp-image-43385 not-transparent\" srcset=\"https:\/\/wbp.lublin.pl\/wp-content\/uploads\/2023\/03\/1-743x1080.webp 743w, https:\/\/wbp.lublin.pl\/wp-content\/uploads\/2023\/03\/1-413x600.webp 413w, https:\/\/wbp.lublin.pl\/wp-content\/uploads\/2023\/03\/1-275x400.webp 275w, https:\/\/wbp.lublin.pl\/wp-content\/uploads\/2023\/03\/1-768x1116.webp 768w, https:\/\/wbp.lublin.pl\/wp-content\/uploads\/2023\/03\/1-624x907.webp 624w, https:\/\/wbp.lublin.pl\/wp-content\/uploads\/2023\/03\/1.webp 908w\" \/><\/a><figcaption class=\"wp-element-caption\"><strong>Dr Grzegorz Figiel<\/strong> &#8211; <strong>Zast\u0119pca Dyrektora ds. Merytorycznych Wojew\u00f3dzkiej Biblioteki Publicznej im. Hieronima \u0141opaci\u0144skiego w Lublinie<\/strong><\/figcaption><\/figure>\n<\/figure>\n\n\n\n<figure class=\"wp-block-gallery aligncenter has-nested-images columns-default is-cropped wp-block-gallery-2 is-layout-flex wp-block-gallery-is-layout-flex\">\n<figure class=\"wp-block-image size-full\"><a href=\"https:\/\/wbp.lublin.pl\/wp-content\/uploads\/2023\/03\/2-jpg.webp\"><img data-dominant-color=\"84654f\" data-has-transparency=\"false\" style=\"--dominant-color: #84654f;\" decoding=\"async\" sizes=\"(max-width: 1338px) 100vw, 1338px\" data-id=\"43386\" src=\"https:\/\/wbp.lublin.pl\/wp-content\/uploads\/2023\/03\/2-jpg.webp\" alt=\"\" class=\"wp-image-43386 not-transparent\"\/><\/a><figcaption class=\"wp-element-caption\"><strong>Prof. dr hab. Eugeniusz Niebelski <\/strong>i<strong> dr Grzegorz Figiel&nbsp;<\/strong><\/figcaption><\/figure>\n<\/figure>\n\n\n\n<figure class=\"wp-block-gallery aligncenter has-nested-images columns-default is-cropped wp-block-gallery-3 is-layout-flex wp-block-gallery-is-layout-flex\">\n<figure class=\"wp-block-image size-large\"><a href=\"https:\/\/wbp.lublin.pl\/wp-content\/uploads\/2023\/03\/3-1-jpg.webp\"><img data-dominant-color=\"89654a\" data-has-transparency=\"false\" style=\"--dominant-color: #89654a;\" decoding=\"async\" sizes=\"(max-width: 833px) 100vw, 833px\" data-id=\"43387\" src=\"https:\/\/wbp.lublin.pl\/wp-content\/uploads\/2023\/03\/3-1-833x1080.webp\" alt=\"\" class=\"wp-image-43387 not-transparent\"\/><\/a><figcaption class=\"wp-element-caption\"><strong>Prof. dr hab. Eugeniusz Niebelski <\/strong>i<strong> dr Grzegorz Figiel&nbsp;<\/strong><\/figcaption><\/figure>\n<\/figure>\n\n\n\n<figure class=\"wp-block-gallery aligncenter has-nested-images columns-default is-cropped wp-block-gallery-4 is-layout-flex wp-block-gallery-is-layout-flex\">\n<figure class=\"wp-block-image size-full\"><a href=\"https:\/\/wbp.lublin.pl\/wp-content\/uploads\/2023\/03\/4-jpg.webp\"><img data-dominant-color=\"755b4b\" data-has-transparency=\"false\" style=\"--dominant-color: #755b4b;\" decoding=\"async\" sizes=\"(max-width: 1121px) 100vw, 1121px\" data-id=\"43388\" src=\"https:\/\/wbp.lublin.pl\/wp-content\/uploads\/2023\/03\/4-jpg.webp\" alt=\"\" class=\"wp-image-43388 not-transparent\"\/><\/a><figcaption class=\"wp-element-caption\"><strong>Prof. dr hab. Eugeniusz Niebelski <\/strong><\/figcaption><\/figure>\n<\/figure>\n\n\n\n<figure class=\"wp-block-gallery aligncenter has-nested-images columns-default is-cropped wp-block-gallery-5 is-layout-flex wp-block-gallery-is-layout-flex\">\n<figure class=\"wp-block-image size-full\"><a href=\"https:\/\/wbp.lublin.pl\/wp-content\/uploads\/2023\/03\/5-1-jpg.webp\"><img data-dominant-color=\"756457\" data-has-transparency=\"false\" style=\"--dominant-color: #756457;\" decoding=\"async\" sizes=\"(max-width: 1620px) 100vw, 1620px\" data-id=\"43389\" src=\"https:\/\/wbp.lublin.pl\/wp-content\/uploads\/2023\/03\/5-1-jpg.webp\" alt=\"\" class=\"wp-image-43389 not-transparent\"\/><\/a><figcaption class=\"wp-element-caption\">Go\u015bcie spotkania. W spotkaniu uczestniczy\u0142 m.in. <strong>Tadeusz S\u0142awecki<\/strong> &#8211; <strong>Dyrektor Wojew\u00f3dzkiej Biblioteki Publicznej im. Hieronima \u0141opaci\u0144skiego w Lublinie<\/strong><\/figcaption><\/figure>\n<\/figure>\n\n\n\n<figure class=\"wp-block-gallery aligncenter has-nested-images columns-default is-cropped wp-block-gallery-6 is-layout-flex wp-block-gallery-is-layout-flex\">\n<figure class=\"wp-block-image size-full\"><a href=\"https:\/\/wbp.lublin.pl\/wp-content\/uploads\/2023\/03\/6-jpg.webp\"><img data-dominant-color=\"7f6c63\" data-has-transparency=\"false\" style=\"--dominant-color: #7f6c63;\" decoding=\"async\" sizes=\"(max-width: 1620px) 100vw, 1620px\" data-id=\"43390\" src=\"https:\/\/wbp.lublin.pl\/wp-content\/uploads\/2023\/03\/6-jpg.webp\" alt=\"\" class=\"wp-image-43390 not-transparent\"\/><\/a><figcaption class=\"wp-element-caption\"><strong>Prof. dr hab. Eugeniusz Niebelski <\/strong><\/figcaption><\/figure>\n<\/figure>\n\n\n\n<figure class=\"wp-block-gallery aligncenter has-nested-images columns-default is-cropped wp-block-gallery-7 is-layout-flex wp-block-gallery-is-layout-flex\">\n<figure class=\"wp-block-image size-full\"><a href=\"https:\/\/wbp.lublin.pl\/wp-content\/uploads\/2023\/03\/7-jpg.webp\"><img data-dominant-color=\"907363\" data-has-transparency=\"false\" style=\"--dominant-color: #907363;\" decoding=\"async\" sizes=\"(max-width: 1401px) 100vw, 1401px\" data-id=\"43391\" src=\"https:\/\/wbp.lublin.pl\/wp-content\/uploads\/2023\/03\/7-jpg.webp\" alt=\"\" class=\"wp-image-43391 not-transparent\"\/><\/a><figcaption class=\"wp-element-caption\"><strong>Prof. dr hab. Eugeniusz Niebelski <\/strong>i<strong> dr Grzegorz Figiel&nbsp;<\/strong><\/figcaption><\/figure>\n<\/figure>\n\n\n\n<figure class=\"wp-block-gallery aligncenter has-nested-images columns-default is-cropped wp-block-gallery-8 is-layout-flex wp-block-gallery-is-layout-flex\">\n<figure class=\"wp-block-image size-large\"><a href=\"https:\/\/wbp.lublin.pl\/wp-content\/uploads\/2023\/03\/8-rotated.webp\"><img data-dominant-color=\"98725c\" data-has-transparency=\"false\" style=\"--dominant-color: #98725c;\" loading=\"lazy\" decoding=\"async\" width=\"720\" height=\"1080\" sizes=\"auto, (max-width: 720px) 100vw, 720px\" data-id=\"43392\" src=\"https:\/\/wbp.lublin.pl\/wp-content\/uploads\/2023\/03\/8-720x1080.webp\" alt=\"\" class=\"wp-image-43392 not-transparent\" srcset=\"https:\/\/wbp.lublin.pl\/wp-content\/uploads\/2023\/03\/8-720x1080.webp 720w, https:\/\/wbp.lublin.pl\/wp-content\/uploads\/2023\/03\/8-400x600.webp 400w, https:\/\/wbp.lublin.pl\/wp-content\/uploads\/2023\/03\/8-267x400.webp 267w, https:\/\/wbp.lublin.pl\/wp-content\/uploads\/2023\/03\/8-768x1152.webp 768w, https:\/\/wbp.lublin.pl\/wp-content\/uploads\/2023\/03\/8-1024x1536.webp 1024w, https:\/\/wbp.lublin.pl\/wp-content\/uploads\/2023\/03\/8-947x1421.webp 947w, https:\/\/wbp.lublin.pl\/wp-content\/uploads\/2023\/03\/8-624x936.webp 624w, https:\/\/wbp.lublin.pl\/wp-content\/uploads\/2023\/03\/8.webp 1080w\" \/><\/a><figcaption class=\"wp-element-caption\"><strong>Prof. dr hab. Eugeniusz Niebelski <\/strong><\/figcaption><\/figure>\n<\/figure>\n\n\n\n<figure class=\"wp-block-gallery aligncenter has-nested-images columns-default is-cropped wp-block-gallery-9 is-layout-flex wp-block-gallery-is-layout-flex\">\n<figure class=\"wp-block-image size-large\"><a href=\"https:\/\/wbp.lublin.pl\/wp-content\/uploads\/2023\/03\/9-rotated.webp\"><img data-dominant-color=\"6e6051\" data-has-transparency=\"false\" style=\"--dominant-color: #6e6051;\" loading=\"lazy\" decoding=\"async\" width=\"720\" height=\"1080\" sizes=\"auto, (max-width: 720px) 100vw, 720px\" data-id=\"43393\" src=\"https:\/\/wbp.lublin.pl\/wp-content\/uploads\/2023\/03\/9-720x1080.webp\" alt=\"\" class=\"wp-image-43393 not-transparent\" srcset=\"https:\/\/wbp.lublin.pl\/wp-content\/uploads\/2023\/03\/9-720x1080.webp 720w, https:\/\/wbp.lublin.pl\/wp-content\/uploads\/2023\/03\/9-400x600.webp 400w, https:\/\/wbp.lublin.pl\/wp-content\/uploads\/2023\/03\/9-267x400.webp 267w, https:\/\/wbp.lublin.pl\/wp-content\/uploads\/2023\/03\/9-768x1152.webp 768w, https:\/\/wbp.lublin.pl\/wp-content\/uploads\/2023\/03\/9-1024x1536.webp 1024w, https:\/\/wbp.lublin.pl\/wp-content\/uploads\/2023\/03\/9-947x1421.webp 947w, https:\/\/wbp.lublin.pl\/wp-content\/uploads\/2023\/03\/9-624x936.webp 624w, https:\/\/wbp.lublin.pl\/wp-content\/uploads\/2023\/03\/9.webp 1080w\" \/><\/a><figcaption class=\"wp-element-caption\">G\u0142os w dyskusji &#8211; <strong>Adam Polski<\/strong> <strong>&#8211; regionalista, poeta, prezes Towarzystwa Przyjaci\u00f3\u0142 Fajs\u0142awic<\/strong><\/figcaption><\/figure>\n<\/figure>\n\n\n\n<p class=\"wp-block-paragraph\">Fot. <strong>Mariusz Olejarczyk<\/strong><\/p>\n","protected":false},"excerpt":{"rendered":"<p>Go\u015bciem spotkania by\u0142 prof. dr hab. Eugeniusz Niebelski \u2013 redaktor naukowy wydawnictwa<\/p>\n","protected":false},"author":10,"featured_media":43387,"comment_status":"closed","ping_status":"closed","sticky":false,"template":"","format":"standard","meta":{"_tec_requires_first_save":true,"_crdt_document":"","pgc_sgb_lightbox_settings":"","_EventAllDay":false,"_EventTimezone":"","_EventStartDate":"","_EventEndDate":"","_EventStartDateUTC":"","_EventEndDateUTC":"","_EventShowMap":false,"_EventShowMapLink":false,"_EventURL":"","_EventCost":"","_EventCostDescription":"","_EventCurrencySymbol":"","_EventCurrencyCode":"","_EventCurrencyPosition":"","_EventDateTimeSeparator":"","_EventTimeRangeSeparator":"","_EventOrganizerID":[],"_EventVenueID":[],"_OrganizerEmail":"","_OrganizerPhone":"","_OrganizerWebsite":"","_VenueAddress":"","_VenueCity":"","_VenueCountry":"","_VenueProvince":"","_VenueState":"","_VenueZip":"","_VenuePhone":"","_VenueURL":"","_VenueStateProvince":"","_VenueLat":"","_VenueLng":"","_VenueShowMap":false,"_VenueShowMapLink":false,"_tribe_blocks_recurrence_rules":"","_tribe_blocks_recurrence_description":"","_tribe_blocks_recurrence_exclusions":"","footnotes":""},"categories":[679,537,540],"tags":[],"class_list":["post-43382","post","type-post","status-publish","format-standard","has-post-thumbnail","hentry","category-rok-2023","category-archiwum-wydarzen","category-spotkania-autorskie-w-obiektywie"],"publishpress_future_action":{"enabled":false,"date":"2026-05-06 11:57:47","action":"change-status","newStatus":"draft","terms":[],"taxonomy":"category","extraData":[]},"publishpress_future_workflow_manual_trigger":{"enabledWorkflows":[]},"_links":{"self":[{"href":"https:\/\/wbp.lublin.pl\/index.php\/wp-json\/wp\/v2\/posts\/43382","targetHints":{"allow":["GET"]}}],"collection":[{"href":"https:\/\/wbp.lublin.pl\/index.php\/wp-json\/wp\/v2\/posts"}],"about":[{"href":"https:\/\/wbp.lublin.pl\/index.php\/wp-json\/wp\/v2\/types\/post"}],"author":[{"embeddable":true,"href":"https:\/\/wbp.lublin.pl\/index.php\/wp-json\/wp\/v2\/users\/10"}],"replies":[{"embeddable":true,"href":"https:\/\/wbp.lublin.pl\/index.php\/wp-json\/wp\/v2\/comments?post=43382"}],"version-history":[{"count":10,"href":"https:\/\/wbp.lublin.pl\/index.php\/wp-json\/wp\/v2\/posts\/43382\/revisions"}],"predecessor-version":[{"id":43407,"href":"https:\/\/wbp.lublin.pl\/index.php\/wp-json\/wp\/v2\/posts\/43382\/revisions\/43407"}],"wp:featuredmedia":[{"embeddable":true,"href":"https:\/\/wbp.lublin.pl\/index.php\/wp-json\/wp\/v2\/media\/43387"}],"wp:attachment":[{"href":"https:\/\/wbp.lublin.pl\/index.php\/wp-json\/wp\/v2\/media?parent=43382"}],"wp:term":[{"taxonomy":"category","embeddable":true,"href":"https:\/\/wbp.lublin.pl\/index.php\/wp-json\/wp\/v2\/categories?post=43382"},{"taxonomy":"post_tag","embeddable":true,"href":"https:\/\/wbp.lublin.pl\/index.php\/wp-json\/wp\/v2\/tags?post=43382"}],"curies":[{"name":"wp","href":"https:\/\/api.w.org\/{rel}","templated":true}]}}