{"id":43409,"date":"2023-03-20T16:15:27","date_gmt":"2023-03-20T15:15:27","guid":{"rendered":"https:\/\/wbp.lublin.pl\/?p=43409"},"modified":"2026-02-04T14:23:07","modified_gmt":"2026-02-04T13:23:07","slug":"nie-tylko-o-poezji-w-poranku-u-hieronima","status":"publish","type":"post","link":"https:\/\/wbp.lublin.pl\/index.php\/2023\/03\/20\/nie-tylko-o-poezji-w-poranku-u-hieronima\/","title":{"rendered":"Nie tylko o poezji w &#8222;Poranku u Hieronima&#8221;"},"content":{"rendered":"\n<div class=\"wp-block-wpzoom-blocks-social-icons is-style-without-canvas-with-label\" style=\"--wpz-social-icons-block-item-font-size:40px;--wpz-social-icons-block-item-padding-horizontal:15px;--wpz-social-icons-block-item-padding-vertical:10px;--wpz-social-icons-block-item-margin-horizontal:0px;--wpz-social-icons-block-item-margin-vertical:0px;--wpz-social-icons-block-item-border-radius:50px;--wpz-social-icons-block-label-font-size:15px;--wpz-social-icons-block-label-color:inherit;--wpz-social-icons-block-label-color-hover:#f1f1f1;--wpz-social-icons-alignment:center\"><a href=\"https:\/\/www.facebook.com\/wbplublin\/\" class=\"social-icon-link\" title=\"Facebook\" target=\"_blank\" style=\"--wpz-social-icons-block-item-color:#4267b2;--wpz-social-icons-block-item-color-hover:#F89406\" rel=\"noopener\"><span class=\"social-icon socicon socicon-facebook\"><\/span><\/a><a href=\"https:\/\/wbp.lublin.pl\" class=\"social-icon-link\" title=\"WordPress\" target=\"_blank\" style=\"--wpz-social-icons-block-item-color:#1877F2;--wpz-social-icons-block-item-color-hover:#F89406\" rel=\"noopener\"><span class=\"social-icon socicon socicon-wordpress\"><\/span><\/a><a href=\"https:\/\/www.youtube.com\/@wbpwlublinie3710\/\" class=\"social-icon-link\" title=\"Youtube\" target=\"_blank\" style=\"--wpz-social-icons-block-item-color:#ff0000;--wpz-social-icons-block-item-color-hover:#F89406\" rel=\"noopener\"><span class=\"social-icon socicon socicon-youtube\"><\/span><\/a><\/div>\n\n\n\n<h3 class=\"wp-block-heading has-text-align-center\"><strong>Cykliczna audycja internetowa Biblioteki<\/strong><\/h3>\n\n\n\n<h3 class=\"wp-block-heading has-text-align-center\"><strong>Facebook WBP (otwarty dla wszystkich) \u2013 odcinek 1<\/strong>43<\/h3>\n\n\n\n<h3 class=\"wp-block-heading has-text-align-center\"><strong>22 marca 2023, godz. 10.00<\/strong><\/h3>\n\n\n\n<p class=\"wp-block-paragraph\">W programie:<\/p>\n\n\n\n<figure class=\"wp-block-image size-full is-style-default\"><img data-dominant-color=\"f6efe7\" data-has-transparency=\"false\" style=\"--dominant-color: #f6efe7;\" decoding=\"async\" sizes=\"(max-width: 1600px) 100vw, 1600px\" src=\"https:\/\/wbp.lublin.pl\/wp-content\/uploads\/2023\/02\/KR-2022-slider-na-www.png\" alt=\"ksi\u0105\u017cka roku 2022 cover photo\" class=\"wp-image-42828 not-transparent\"\/><\/figure>\n\n\n\n<ul class=\"wp-block-list\">\n<li><strong>&#8222;Ksi\u0105\u017cka Roku 2022&#8221;<\/strong> &#8211; <strong>czekamy na zg\u0142oszenia!<\/strong> <br>O konkursie na najpi\u0119kniejsz\u0105 i warto\u015bciow\u0105 ksi\u0105\u017ck\u0119 roku 2022 &#8211; zwi\u0105zan\u0105 z Lublinem i Lubelszczyzn\u0105 &#8211; porozmawiamy z <strong>dr. Grzegorzem Figlem &#8211; <\/strong>Zast\u0119pc\u0105 Dyrektora ds. Merytorycznych <strong>Wojew\u00f3dzkiej Biblioteki Publicznej im. H. \u0141opaci\u0144skiego w Lublinie<\/strong><\/li>\n<\/ul>\n\n\n<div class=\"wp-block-image\">\n<figure class=\"aligncenter size-full is-resized\"><img data-dominant-color=\"494948\" data-has-transparency=\"false\" decoding=\"async\" sizes=\"(max-width: 1619px) 100vw, 1619px\" src=\"https:\/\/wbp.lublin.pl\/wp-content\/uploads\/2021\/03\/Poezja.jpg\" alt=\"R\u00f3\u017ca na tomiku poezji\" class=\"wp-image-28701 not-transparent\" style=\"--dominant-color: #494948; width:405px;height:270px\"\/><\/figure>\n<\/div>\n\n\n<ul class=\"wp-block-list\">\n<li><strong><em>\u201eTylko co to takiego poezja? Niejedna chwiejna odpowied\u017a na to pytanie ju\u017c pad\u0142a. A ja nie wiem i nie wiem i trzymam si\u0119 tego jak zbawiennej por\u0119czy\u201d <\/em>(Wis\u0142awa Szymborska). <br><\/strong>O roli poezji w nauczaniu porozmawiamy z <strong>Zofi\u0105 Siudym&nbsp; &#8211; <\/strong>polonistk\u0105, nauczycielk\u0105 lubelskiego <strong>V Liceum Og\u00f3lnokszta\u0142c\u0105cego im. Marii Curie-Sk\u0142odowskiej<\/strong>, konsultantem ds. przedmiot\u00f3w humanistycznych <strong>Lubelskiego Samorz\u0105dowego Centrum Doskonalenia Nauczycieli w Lublinie<\/strong>, wiceprzewodnicz\u0105ca <strong>Oddzia\u0142u Lubelskiego Stowarzyszenia Nauczycieli Polonist\u00f3w<\/strong>.<\/li>\n<\/ul>\n\n\n<div class=\"wp-block-image is-style-default\">\n<figure class=\"aligncenter size-full is-resized\"><img data-dominant-color=\"4d3c3e\" data-has-transparency=\"false\" decoding=\"async\" sizes=\"(max-width: 721px) 100vw, 721px\" src=\"https:\/\/wbp.lublin.pl\/wp-content\/uploads\/2023\/03\/Okladka_ATN-jpg.webp\" alt=\"\" class=\"wp-image-43422 not-transparent\" style=\"--dominant-color: #4d3c3e; width:361px;height:490px\"\/><\/figure>\n<\/div>\n\n\n<ul class=\"wp-block-list\">\n<li><strong>Nie tylko poezja, czyli co (ch\u0119tnie) czytamy<\/strong>. <br>Specyfik\u0119 thiller\u00f3w medycznych przybli\u017cy nam <strong>dr Agnieszka Trze\u015bniewska-<\/strong> <strong>Nowak<\/strong>, lektorka j\u0119zyka polskiego w <strong>Centrum J\u0119zyka i Kultury Polskiej Dla Polonii i Cudzoziemc\u00f3w UMCS<\/strong>, autorka artyku\u0142\u00f3w naukowych, ksi\u0105\u017cek, m.in. \u201eMiasteczko dw\u00f3ch kultur. Obraz Kazimierza Dolnego w literaturze XX wieku\u201d, wsp\u00f3\u0142redaktorka kilku serii wydawniczych, m.in. \u201eZielona historia literatura\u201d.&nbsp; W swojej najnowszej ksi\u0105\u017cce <strong>&#8222;W kleszczach l\u0119ku. Thiller medyczny w literaturze i kulturze popularnej&#8221; <\/strong>(Lublin, Wydawnictwo UMCS, 2022) omawia thriller medyczny w literaturze i kulturze popularnej.<\/li>\n<\/ul>\n\n\n\n<p class=\"has-text-align-center wp-block-paragraph\"><strong>Zaprasza ekipa studia WBP<\/strong><\/p>\n\n\n\n<p class=\"wp-block-paragraph\">fot. ilustracyjne: pixabay.com<\/p>\n\n\n\n<p class=\"wp-block-paragraph\">Odcinki archiwalne s\u0105 dost\u0119pne na kanale YouTube Biblioteki<\/p>\n\n\n\n<figure class=\"wp-block-embed is-type-video is-provider-youtube wp-block-embed-youtube wp-embed-aspect-16-9 wp-has-aspect-ratio\"><div class=\"wp-block-embed__wrapper\">\n<iframe loading=\"lazy\" title=\"Poranek u Hieronima - odc. 143\" width=\"887\" height=\"499\" src=\"https:\/\/www.youtube.com\/embed\/VDEcroRIraM?feature=oembed\" frameborder=\"0\" allow=\"accelerometer; autoplay; clipboard-write; encrypted-media; gyroscope; picture-in-picture; web-share\" referrerpolicy=\"strict-origin-when-cross-origin\" allowfullscreen><\/iframe>\n<\/div><\/figure>\n\n\n\n<p class=\"has-text-align-center wp-block-paragraph\">Zapraszamy!<\/p>\n\n\n\n<p class=\"has-text-align-right wp-block-paragraph\"><em>Dzia\u0142 Informacji i Promocji<\/em><\/p>\n","protected":false},"excerpt":{"rendered":"<p>22 marca 2023, godz. 10.00<br \/>\nFacebook WBP (otwarty dla wszystkich)<\/p>\n","protected":false},"author":7,"featured_media":43425,"comment_status":"closed","ping_status":"closed","sticky":false,"template":"","format":"standard","meta":{"_tec_requires_first_save":true,"_crdt_document":"","pgc_sgb_lightbox_settings":"","_EventAllDay":false,"_EventTimezone":"","_EventStartDate":"","_EventEndDate":"","_EventStartDateUTC":"","_EventEndDateUTC":"","_EventShowMap":false,"_EventShowMapLink":false,"_EventURL":"","_EventCost":"","_EventCostDescription":"","_EventCurrencySymbol":"","_EventCurrencyCode":"","_EventCurrencyPosition":"","_EventDateTimeSeparator":"","_EventTimeRangeSeparator":"","_EventOrganizerID":[],"_EventVenueID":[],"_OrganizerEmail":"","_OrganizerPhone":"","_OrganizerWebsite":"","_VenueAddress":"","_VenueCity":"","_VenueCountry":"","_VenueProvince":"","_VenueState":"","_VenueZip":"","_VenuePhone":"","_VenueURL":"","_VenueStateProvince":"","_VenueLat":"","_VenueLng":"","_VenueShowMap":false,"_VenueShowMapLink":false,"_tribe_blocks_recurrence_rules":"","_tribe_blocks_recurrence_description":"","_tribe_blocks_recurrence_exclusions":"","footnotes":""},"categories":[679,638,10],"tags":[],"class_list":["post-43409","post","type-post","status-publish","format-standard","has-post-thumbnail","hentry","category-rok-2023","category-poranek-u-hieronima","category-aktualnosci"],"publishpress_future_action":{"enabled":false,"date":"2026-05-06 11:43:44","action":"change-status","newStatus":"draft","terms":[],"taxonomy":"category","extraData":[]},"publishpress_future_workflow_manual_trigger":{"enabledWorkflows":[]},"_links":{"self":[{"href":"https:\/\/wbp.lublin.pl\/index.php\/wp-json\/wp\/v2\/posts\/43409","targetHints":{"allow":["GET"]}}],"collection":[{"href":"https:\/\/wbp.lublin.pl\/index.php\/wp-json\/wp\/v2\/posts"}],"about":[{"href":"https:\/\/wbp.lublin.pl\/index.php\/wp-json\/wp\/v2\/types\/post"}],"author":[{"embeddable":true,"href":"https:\/\/wbp.lublin.pl\/index.php\/wp-json\/wp\/v2\/users\/7"}],"replies":[{"embeddable":true,"href":"https:\/\/wbp.lublin.pl\/index.php\/wp-json\/wp\/v2\/comments?post=43409"}],"version-history":[{"count":20,"href":"https:\/\/wbp.lublin.pl\/index.php\/wp-json\/wp\/v2\/posts\/43409\/revisions"}],"predecessor-version":[{"id":78768,"href":"https:\/\/wbp.lublin.pl\/index.php\/wp-json\/wp\/v2\/posts\/43409\/revisions\/78768"}],"wp:featuredmedia":[{"embeddable":true,"href":"https:\/\/wbp.lublin.pl\/index.php\/wp-json\/wp\/v2\/media\/43425"}],"wp:attachment":[{"href":"https:\/\/wbp.lublin.pl\/index.php\/wp-json\/wp\/v2\/media?parent=43409"}],"wp:term":[{"taxonomy":"category","embeddable":true,"href":"https:\/\/wbp.lublin.pl\/index.php\/wp-json\/wp\/v2\/categories?post=43409"},{"taxonomy":"post_tag","embeddable":true,"href":"https:\/\/wbp.lublin.pl\/index.php\/wp-json\/wp\/v2\/tags?post=43409"}],"curies":[{"name":"wp","href":"https:\/\/api.w.org\/{rel}","templated":true}]}}