{"id":43578,"date":"2023-03-28T10:00:00","date_gmt":"2023-03-28T08:00:00","guid":{"rendered":"https:\/\/wbp.lublin.pl\/?p=43578"},"modified":"2023-06-09T09:51:35","modified_gmt":"2023-06-09T07:51:35","slug":"ad-maiorem-dei-gloriam-o-towarzystwie-jezusowym-w-okresie-staropolskim-i-sw-andrzeju-boboli-w-85-rocznice-jego-kanonizacji","status":"publish","type":"post","link":"https:\/\/wbp.lublin.pl\/index.php\/2023\/03\/28\/ad-maiorem-dei-gloriam-o-towarzystwie-jezusowym-w-okresie-staropolskim-i-sw-andrzeju-boboli-w-85-rocznice-jego-kanonizacji\/","title":{"rendered":"Ad maiorem Dei gloriam. O Towarzystwie Jezusowym w okresie staropolskim i \u015bw. Andrzeju Boboli w 85. rocznic\u0119 jego kanonizacji"},"content":{"rendered":"\n<p class=\"wp-block-paragraph\"><\/p>\n\n\n\n<p class=\"wp-block-paragraph\"><\/p>\n\n\n\n<p class=\"has-text-align-center wp-block-paragraph\">Zapraszamy na wystaw\u0119<\/p>\n\n\n\n<p class=\"has-text-align-center wp-block-paragraph\"><strong><em>Ad maiorem Dei gloriam.<\/em><\/strong><br><strong>O Towarzystwie Jezusowym w okresie staropolskim<\/strong><br><strong>i \u015bw. Andrzeju Boboli w 85. rocznic\u0119 jego kanonizacji<\/strong><\/p>\n\n\n\n<p class=\"has-text-align-center wp-block-paragraph\">Ekspozycja, kt\u00f3ra prezentowana b\u0119dzie w Autorskiej Galerii Hol, zosta\u0142a zorganizowana z okazji 85. rocznicy kanonizacji polskiego zakonnika jezuity, zamordowanego w 1657 r.<\/p>\n\n\n\n<p class=\"wp-block-paragraph\"><\/p>\n\n\n\n<div class=\"wp-block-jetpack-tiled-gallery aligncenter is-style-rectangular\"><div class=\"tiled-gallery__gallery\"><div class=\"tiled-gallery__row\"><div class=\"tiled-gallery__col\" style=\"flex-basis:66.77402%\"><figure class=\"tiled-gallery__item\"><img decoding=\"async\" alt=\"Wernisa\u017c wystawy \u201eAd maiorem Dei gloriam. O Towarzystwie Jezusowym w okresie staropolskim i \u015bw. Andrzeju Boboli w 85. rocznic\u0119 jego kanonizacji\u201d \u2013 w obiektywie\" data-height=\"1536\" data-id=\"43803\" data-link=\"https:\/\/wbp.lublin.pl\/index.php\/2023\/04\/05\/wernisaz-wystawy-ad-maiorem-dei-gloriam-o-towarzystwie-jezusowym-w-okresie-staropolskim-i-sw-andrzeju-boboli-w-85-rocznice-jego-kanonizacji-w-obiektywie\/slider-2\/\" data-url=\"https:\/\/wbp.lublin.pl\/wp-content\/uploads\/2023\/04\/slider-1440x1080.webp\" data-width=\"2048\" src=\"https:\/\/i2.wp.com\/wbp.lublin.pl\/wp-content\/uploads\/2023\/04\/slider-1440x1080.webp?ssl=1\" data-amp-layout=\"responsive\"\/><\/figure><\/div><div class=\"tiled-gallery__col\" style=\"flex-basis:33.22598%\"><figure class=\"tiled-gallery__item\"><img decoding=\"async\" alt=\"Ad maiorem Dei gloriam. O Towarzystwie Jezusowym w okresie staropolskim i \u015bw. Andrzeju Boboli w 85. rocznic\u0119 jego kanonizacji\" data-height=\"1920\" data-id=\"43810\" data-link=\"https:\/\/wbp.lublin.pl\/index.php\/2023\/03\/28\/ad-maiorem-dei-gloriam-o-towarzystwie-jezusowym-w-okresie-staropolskim-i-sw-andrzeju-boboli-w-85-rocznice-jego-kanonizacji\/img20230403182855\/\" data-url=\"https:\/\/wbp.lublin.pl\/wp-content\/uploads\/2023\/04\/IMG20230403182855-1440x1080.webp\" data-width=\"2560\" src=\"https:\/\/i2.wp.com\/wbp.lublin.pl\/wp-content\/uploads\/2023\/04\/IMG20230403182855-1440x1080.webp?ssl=1\" data-amp-layout=\"responsive\"\/><\/figure><figure class=\"tiled-gallery__item\"><img decoding=\"async\" alt=\"Ad maiorem Dei gloriam. O Towarzystwie Jezusowym w okresie staropolskim i \u015bw. Andrzeju Boboli w 85. rocznic\u0119 jego kanonizacji\" data-height=\"1920\" data-id=\"43811\" data-link=\"https:\/\/wbp.lublin.pl\/index.php\/2023\/03\/28\/ad-maiorem-dei-gloriam-o-towarzystwie-jezusowym-w-okresie-staropolskim-i-sw-andrzeju-boboli-w-85-rocznice-jego-kanonizacji\/img20230403182913\/\" data-url=\"https:\/\/wbp.lublin.pl\/wp-content\/uploads\/2023\/04\/IMG20230403182913-1440x1080.webp\" data-width=\"2560\" src=\"https:\/\/i2.wp.com\/wbp.lublin.pl\/wp-content\/uploads\/2023\/04\/IMG20230403182913-1440x1080.webp?ssl=1\" data-amp-layout=\"responsive\"\/><\/figure><\/div><\/div><div class=\"tiled-gallery__row\"><div class=\"tiled-gallery__col\" style=\"flex-basis:25.00000%\"><figure class=\"tiled-gallery__item\"><img decoding=\"async\" alt=\"Ad maiorem Dei gloriam. O Towarzystwie Jezusowym w okresie staropolskim i \u015bw. Andrzeju Boboli w 85. rocznic\u0119 jego kanonizacji\" data-height=\"1920\" data-id=\"43813\" data-link=\"https:\/\/wbp.lublin.pl\/index.php\/2023\/03\/28\/ad-maiorem-dei-gloriam-o-towarzystwie-jezusowym-w-okresie-staropolskim-i-sw-andrzeju-boboli-w-85-rocznice-jego-kanonizacji\/img20230403182924\/\" data-url=\"https:\/\/wbp.lublin.pl\/wp-content\/uploads\/2023\/03\/IMG20230403182924-1440x1080.webp\" data-width=\"2560\" src=\"https:\/\/i0.wp.com\/wbp.lublin.pl\/wp-content\/uploads\/2023\/03\/IMG20230403182924-1440x1080.webp?ssl=1\" data-amp-layout=\"responsive\"\/><\/figure><\/div><div class=\"tiled-gallery__col\" style=\"flex-basis:25.00000%\"><figure class=\"tiled-gallery__item\"><img decoding=\"async\" alt=\"Ad maiorem Dei gloriam. O Towarzystwie Jezusowym w okresie staropolskim i \u015bw. Andrzeju Boboli w 85. rocznic\u0119 jego kanonizacji\" data-height=\"1920\" data-id=\"43814\" data-link=\"https:\/\/wbp.lublin.pl\/index.php\/2023\/03\/28\/ad-maiorem-dei-gloriam-o-towarzystwie-jezusowym-w-okresie-staropolskim-i-sw-andrzeju-boboli-w-85-rocznice-jego-kanonizacji\/img20230403182930\/\" data-url=\"https:\/\/wbp.lublin.pl\/wp-content\/uploads\/2023\/03\/IMG20230403182930-1440x1080.webp\" data-width=\"2560\" src=\"https:\/\/i2.wp.com\/wbp.lublin.pl\/wp-content\/uploads\/2023\/03\/IMG20230403182930-1440x1080.webp?ssl=1\" data-amp-layout=\"responsive\"\/><\/figure><\/div><div class=\"tiled-gallery__col\" style=\"flex-basis:25.00000%\"><figure class=\"tiled-gallery__item\"><img decoding=\"async\" alt=\"Ad maiorem Dei gloriam. O Towarzystwie Jezusowym w okresie staropolskim i \u015bw. Andrzeju Boboli w 85. rocznic\u0119 jego kanonizacji\" data-height=\"1920\" data-id=\"43815\" data-link=\"https:\/\/wbp.lublin.pl\/index.php\/2023\/03\/28\/ad-maiorem-dei-gloriam-o-towarzystwie-jezusowym-w-okresie-staropolskim-i-sw-andrzeju-boboli-w-85-rocznice-jego-kanonizacji\/img20230403182941\/\" data-url=\"https:\/\/wbp.lublin.pl\/wp-content\/uploads\/2023\/03\/IMG20230403182941-1440x1080.webp\" data-width=\"2560\" src=\"https:\/\/i0.wp.com\/wbp.lublin.pl\/wp-content\/uploads\/2023\/03\/IMG20230403182941-1440x1080.webp?ssl=1\" data-amp-layout=\"responsive\"\/><\/figure><\/div><div class=\"tiled-gallery__col\" style=\"flex-basis:25.00000%\"><figure class=\"tiled-gallery__item\"><img decoding=\"async\" alt=\"Ad maiorem Dei gloriam. O Towarzystwie Jezusowym w okresie staropolskim i \u015bw. Andrzeju Boboli w 85. rocznic\u0119 jego kanonizacji\" data-height=\"1920\" data-id=\"43816\" data-link=\"https:\/\/wbp.lublin.pl\/index.php\/2023\/03\/28\/ad-maiorem-dei-gloriam-o-towarzystwie-jezusowym-w-okresie-staropolskim-i-sw-andrzeju-boboli-w-85-rocznice-jego-kanonizacji\/img20230403183000\/\" data-url=\"https:\/\/wbp.lublin.pl\/wp-content\/uploads\/2023\/03\/IMG20230403183000-1-1440x1080.webp\" data-width=\"2560\" src=\"https:\/\/i2.wp.com\/wbp.lublin.pl\/wp-content\/uploads\/2023\/03\/IMG20230403183000-1-1440x1080.webp?ssl=1\" data-amp-layout=\"responsive\"\/><\/figure><\/div><\/div><\/div><\/div>\n\n\n\n<p class=\"has-text-align-center wp-block-paragraph\"><strong>Wystawa <br>\u201eAd maiorem Dei gloriam. O Towarzystwie Jezusowym w okresie staropolskim <br>i \u015bw. Andrzeju Boboli w 85. rocznic\u0119 jego kanonizacji\u201d <br>\u2013 w obiektywie<\/strong><\/p>\n\n\n\n<p class=\"wp-block-paragraph\">Fot. <strong>Dorota Mo\u015bcibrodzka<\/strong><\/p>\n\n\n\n<p class=\"has-text-align-center wp-block-paragraph\"><\/p>\n","protected":false},"excerpt":{"rendered":"<p>Wystawa jest dost\u0119pna dla zwiedzaj\u0105cych w Autorskiej Galerii Hol w godzinach pracy Biblioteki<\/p>\n","protected":false},"author":10,"featured_media":43582,"comment_status":"closed","ping_status":"closed","sticky":false,"template":"","format":"standard","meta":{"_tec_requires_first_save":true,"_crdt_document":"","pgc_sgb_lightbox_settings":"","_EventAllDay":false,"_EventTimezone":"","_EventStartDate":"","_EventEndDate":"","_EventStartDateUTC":"","_EventEndDateUTC":"","_EventShowMap":false,"_EventShowMapLink":false,"_EventURL":"","_EventCost":"","_EventCostDescription":"","_EventCurrencySymbol":"","_EventCurrencyCode":"","_EventCurrencyPosition":"","_EventDateTimeSeparator":"","_EventTimeRangeSeparator":"","_EventOrganizerID":[],"_EventVenueID":[],"_OrganizerEmail":"","_OrganizerPhone":"","_OrganizerWebsite":"","_VenueAddress":"","_VenueCity":"","_VenueCountry":"","_VenueProvince":"","_VenueState":"","_VenueZip":"","_VenuePhone":"","_VenueURL":"","_VenueStateProvince":"","_VenueLat":"","_VenueLng":"","_VenueShowMap":false,"_VenueShowMapLink":false,"_tribe_blocks_recurrence_rules":"","_tribe_blocks_recurrence_description":"","_tribe_blocks_recurrence_exclusions":"","footnotes":""},"categories":[679,537,542],"tags":[],"class_list":["post-43578","post","type-post","status-publish","format-standard","has-post-thumbnail","hentry","category-rok-2023","category-archiwum-wydarzen","category-wystawy-w-obiektywie"],"publishpress_future_action":{"enabled":false,"date":"2026-05-06 05:01:01","action":"change-status","newStatus":"draft","terms":[],"taxonomy":"category","extraData":[]},"publishpress_future_workflow_manual_trigger":{"enabledWorkflows":[]},"_links":{"self":[{"href":"https:\/\/wbp.lublin.pl\/index.php\/wp-json\/wp\/v2\/posts\/43578","targetHints":{"allow":["GET"]}}],"collection":[{"href":"https:\/\/wbp.lublin.pl\/index.php\/wp-json\/wp\/v2\/posts"}],"about":[{"href":"https:\/\/wbp.lublin.pl\/index.php\/wp-json\/wp\/v2\/types\/post"}],"author":[{"embeddable":true,"href":"https:\/\/wbp.lublin.pl\/index.php\/wp-json\/wp\/v2\/users\/10"}],"replies":[{"embeddable":true,"href":"https:\/\/wbp.lublin.pl\/index.php\/wp-json\/wp\/v2\/comments?post=43578"}],"version-history":[{"count":13,"href":"https:\/\/wbp.lublin.pl\/index.php\/wp-json\/wp\/v2\/posts\/43578\/revisions"}],"predecessor-version":[{"id":45754,"href":"https:\/\/wbp.lublin.pl\/index.php\/wp-json\/wp\/v2\/posts\/43578\/revisions\/45754"}],"wp:featuredmedia":[{"embeddable":true,"href":"https:\/\/wbp.lublin.pl\/index.php\/wp-json\/wp\/v2\/media\/43582"}],"wp:attachment":[{"href":"https:\/\/wbp.lublin.pl\/index.php\/wp-json\/wp\/v2\/media?parent=43578"}],"wp:term":[{"taxonomy":"category","embeddable":true,"href":"https:\/\/wbp.lublin.pl\/index.php\/wp-json\/wp\/v2\/categories?post=43578"},{"taxonomy":"post_tag","embeddable":true,"href":"https:\/\/wbp.lublin.pl\/index.php\/wp-json\/wp\/v2\/tags?post=43578"}],"curies":[{"name":"wp","href":"https:\/\/api.w.org\/{rel}","templated":true}]}}