{"id":43624,"date":"2023-04-02T19:09:37","date_gmt":"2023-04-02T17:09:37","guid":{"rendered":"https:\/\/wbp.lublin.pl\/?p=43624"},"modified":"2026-02-04T14:09:36","modified_gmt":"2026-02-04T13:09:36","slug":"wielkanocne-refleksje-w-poranku-u-hieronima","status":"publish","type":"post","link":"https:\/\/wbp.lublin.pl\/index.php\/2023\/04\/02\/wielkanocne-refleksje-w-poranku-u-hieronima\/","title":{"rendered":"Wielkanocne refleksje w &#8222;Poranku u Hieronima&#8221;"},"content":{"rendered":"\n<h3 class=\"wp-block-heading has-text-align-center\"><strong>Cykliczna audycja internetowa Biblioteki<\/strong><\/h3>\n\n\n\n<h3 class=\"wp-block-heading has-text-align-center\"><strong>Facebook WBP (otwarty dla wszystkich) \u2013 odcinek 1<\/strong>45<\/h3>\n\n\n\n<h3 class=\"wp-block-heading has-text-align-center\"><strong>5 kwietnia 2023, godz. 10.00<\/strong><\/h3>\n\n\n\n<div class=\"wp-block-wpzoom-blocks-social-icons is-style-without-canvas-with-label\" style=\"--wpz-social-icons-block-item-font-size:40px;--wpz-social-icons-block-item-padding-horizontal:15px;--wpz-social-icons-block-item-padding-vertical:10px;--wpz-social-icons-block-item-margin-horizontal:0px;--wpz-social-icons-block-item-margin-vertical:0px;--wpz-social-icons-block-item-border-radius:50px;--wpz-social-icons-block-label-font-size:15px;--wpz-social-icons-block-label-color:inherit;--wpz-social-icons-block-label-color-hover:#f1f1f1;--wpz-social-icons-alignment:center\"><a href=\"https:\/\/www.facebook.com\/wbplublin\/\" class=\"social-icon-link\" title=\"Facebook\" target=\"_blank\" style=\"--wpz-social-icons-block-item-color:#4267b2;--wpz-social-icons-block-item-color-hover:#F89406\" rel=\"noopener\"><span class=\"social-icon socicon socicon-facebook\"><\/span><\/a><a href=\"https:\/\/wbp.lublin.pl\" class=\"social-icon-link\" title=\"WordPress\" target=\"_blank\" style=\"--wpz-social-icons-block-item-color:#1877F2;--wpz-social-icons-block-item-color-hover:#F89406\" rel=\"noopener\"><span class=\"social-icon socicon socicon-wordpress\"><\/span><\/a><a href=\"https:\/\/www.youtube.com\/@wbpwlublinie3710\/\" class=\"social-icon-link\" title=\"Youtube\" target=\"_blank\" style=\"--wpz-social-icons-block-item-color:#ff0000;--wpz-social-icons-block-item-color-hover:#F89406\" rel=\"noopener\"><span class=\"social-icon socicon socicon-youtube\"><\/span><\/a><\/div>\n\n\n\n<p class=\"wp-block-paragraph\">W programie:<\/p>\n\n\n<div class=\"wp-block-image\">\n<figure class=\"aligncenter size-large is-resized\"><img data-dominant-color=\"c5a97a\" data-has-transparency=\"false\" loading=\"lazy\" decoding=\"async\" width=\"712\" height=\"1080\" sizes=\"auto, (max-width: 712px) 100vw, 712px\" src=\"https:\/\/wbp.lublin.pl\/wp-content\/uploads\/2023\/04\/e9d082c3babc4dedff005664e555e514Ilhe0BtPguCjeM7O-0-712x1080.webp\" alt=\"\" class=\"wp-image-43640 not-transparent\" style=\"--dominant-color: #c5a97a; width:356px;height:540px\" srcset=\"https:\/\/wbp.lublin.pl\/wp-content\/uploads\/2023\/04\/e9d082c3babc4dedff005664e555e514Ilhe0BtPguCjeM7O-0-712x1080.webp 712w, https:\/\/wbp.lublin.pl\/wp-content\/uploads\/2023\/04\/e9d082c3babc4dedff005664e555e514Ilhe0BtPguCjeM7O-0-396x600.webp 396w, https:\/\/wbp.lublin.pl\/wp-content\/uploads\/2023\/04\/e9d082c3babc4dedff005664e555e514Ilhe0BtPguCjeM7O-0-264x400.webp 264w, https:\/\/wbp.lublin.pl\/wp-content\/uploads\/2023\/04\/e9d082c3babc4dedff005664e555e514Ilhe0BtPguCjeM7O-0-768x1164.webp 768w, https:\/\/wbp.lublin.pl\/wp-content\/uploads\/2023\/04\/e9d082c3babc4dedff005664e555e514Ilhe0BtPguCjeM7O-0-1013x1536.webp 1013w, https:\/\/wbp.lublin.pl\/wp-content\/uploads\/2023\/04\/e9d082c3babc4dedff005664e555e514Ilhe0BtPguCjeM7O-0-947x1436.webp 947w, https:\/\/wbp.lublin.pl\/wp-content\/uploads\/2023\/04\/e9d082c3babc4dedff005664e555e514Ilhe0BtPguCjeM7O-0-624x946.webp 624w, https:\/\/wbp.lublin.pl\/wp-content\/uploads\/2023\/04\/e9d082c3babc4dedff005664e555e514Ilhe0BtPguCjeM7O-0.webp 1163w\" \/><\/figure>\n<\/div>\n\n\n<ul class=\"wp-block-list\">\n<li> <b style=\"font-size: revert; color: initial;\">&#8222;Na wi\u0119ksz\u0105 chwa\u0142\u0119 Boga&#8221;. O Towarzystwie Jezusowym i \u015bw. Andrzeju Boboli<\/b><span style=\"font-size: revert; color: initial;\">&nbsp;&#8211; jezuicie, misjonarzu, kaznodziei, m\u0119czenniku, \u015bwi\u0119tym Ko\u015bcio\u0142a katolickiego, zwanym aposto\u0142em Polesia, patronie Polski porozmawiamy z&nbsp;<\/span><strong style=\"font-size: revert; color: initial;\">Edyt\u0105 \u015acibor<\/strong><span style=\"font-size: revert; color: initial;\">&nbsp;&#8211; starszym kustoszem Biblioteki, pracowniczk\u0105 Dzia\u0142u Naukowo-Wydawniczego WBP, wsp\u00f3\u0142autork\u0105 wystawy<\/span><strong style=\"font-size: revert; color: initial;\">&nbsp;&#8222;<em>Ad maiorem Dei gloriam<\/em>. O Towarzystwie Jezusowym w okresie staropolskim i \u015bw. Andrzeju Boboli w 85. rocznic\u0119 jego kanonizacji&#8221;.&nbsp;<\/strong> <\/li>\n<\/ul>\n\n\n\n<p class=\"wp-block-paragraph\"><strong>Towarzystwo Jezusowe<\/strong>&nbsp;&#8211; jezuici &#8211; to zakon w Ko\u015bciele katolickim, za\u0142o\u017cony przez Baska, \u015bw. Ignacego Loyol\u0119 (1491-1556), a zatwierdzony przez papie\u017ca Paw\u0142a III w 1540 roku. Jezuici od pocz\u0105tku swego istnienia doceniali znaczenie pracy z m\u0142odzie\u017c\u0105 i zak\u0142adali coraz to nowsze szko\u0142y, kt\u00f3re na tle epoki cechowa\u0142 wysoki poziom. Rozwin\u0119li dzia\u0142alno\u015b\u0107 misyjn\u0105, tak\u017ce na kontynentach pozaeuropejskich.&nbsp; Do Polski zostali sprowadzeni przez kardyna\u0142a Stanis\u0142awa Hozjusza w 1564 roku, w Braniewie otworzyli pierwsze w kraju seminarium duchowne. Zak\u0142adali liczne szko\u0142y w centrach \u017cycia politycznego i kulturalnego, w tym Akademi\u0119 Wile\u0144sk\u0105. Zakon wyda\u0142 uczonych we wszystkich ga\u0142\u0119ziach wiedzy, wielkich teolog\u00f3w, doktor\u00f3w Ko\u015bcio\u0142a, 44 \u015bwi\u0119tych (w\u015br\u00f3d nich znale\u017ali si\u0119 Polacy:&nbsp;<strong>Andrzej Bobola<\/strong>, Melchior Grodziecki i Stanis\u0142aw Kostka) oraz 137 b\u0142ogos\u0142awionych.&nbsp;<\/p>\n\n\n\n<hr class=\"wp-block-separator has-alpha-channel-opacity\"\/>\n\n\n<div class=\"wp-block-image\">\n<figure class=\"aligncenter size-full is-resized\"><img data-dominant-color=\"515e47\" data-has-transparency=\"false\" decoding=\"async\" sizes=\"(max-width: 216px) 100vw, 216px\" src=\"https:\/\/wbp.lublin.pl\/wp-content\/uploads\/2023\/04\/978-83-8313-383-6.jpg\" alt=\"\" class=\"wp-image-43638 not-transparent\" style=\"--dominant-color: #515e47; width:216px;height:345px\"\/><\/figure>\n<\/div>\n\n\n<ul class=\"wp-block-list\">\n<li><strong>Nostalgia Wschodu. <\/strong>\u015aladami Unit\u00f3w po wschodnim pograniczu Polski poprowadzi nas<strong> red. Adam Kulik<\/strong><\/li>\n<\/ul>\n\n\n\n<p class=\"wp-block-paragraph\"><strong>Adam Wies\u0142aw Kulik<\/strong> \u2013 urodzony w 1950 roku w Tomaszowie Lubelskim, absolwent filologii polskiej w Uniwersytecie Marii Curie-Sk\u0142odowskiej w Lublinie, poeta, prozaik, eseista, reporta\u017cysta, autor kilkuset telewizyjnych film\u00f3w dokumentalnych, edukacyjnych, historycznych, biograficznych i reporta\u017cowych. Laureat m.in. Nagrody im. Boles\u0142awa Prusa, Nagrody Artystycznej miasta Lublin, Nagrody Ministra Kultury i Dziedzictwa Narodowego, nagradzany by\u0142 tak\u017ce na polskich i mi\u0119dzynarodowych festiwalach film\u00f3w telewizyjnych. Interesuje go tematyka wschodniego pogranicza i kres\u00f3w, czego dowodem jest najnowsza &nbsp;publikacja <strong><em>Nostalgia Wschodu. \u015aladami unit\u00f3w<\/em><\/strong>&nbsp;(Novae Res, Gdynia 2022).<\/p>\n\n\n\n<hr class=\"wp-block-separator has-alpha-channel-opacity\"\/>\n\n\n\n<p class=\"wp-block-paragraph\"><\/p>\n\n\n<div class=\"wp-block-image\">\n<figure class=\"aligncenter size-full is-resized\"><img data-dominant-color=\"96918e\" data-has-transparency=\"false\" decoding=\"async\" sizes=\"(max-width: 900px) 100vw, 900px\" src=\"https:\/\/wbp.lublin.pl\/wp-content\/uploads\/2023\/04\/Marianna-Bocian1-jpg.webp\" alt=\"\" class=\"wp-image-43637 not-transparent\" style=\"--dominant-color: #96918e; width:450px;height:468px\"\/><figcaption class=\"wp-element-caption\"><em>Portret artystyczny poetki Marianny Bocian, <\/em><br><em>wyk. z autopsji Zbigniew Kresowaty <\/em><\/figcaption><\/figure>\n<\/div>\n\n\n<ul class=\"wp-block-list\">\n<li><strong>Ikona Podlasia. Mariann\u0119 Bocian <\/strong>&#8211; w 20. rocznic\u0119 \u015bmierci &#8211; wspomni<strong> Tadeusz S\u0142awecki &#8211; Dyrektor Wojew\u00f3dzkiej Biblioteki Publicznej im. Hieronima \u0141opaci\u0144skiego w Lublinie<\/strong><\/li>\n<\/ul>\n\n\n\n<p class=\"wp-block-paragraph\"><strong>Marianna Bocian<\/strong> &#8211; poetka, prozatorka, eseistka, tw\u00f3rczyni tekst\u00f3w dramatycznych &#8211; urodzi\u0142a si\u0119 26 kwietnia 1942 roku w wsi Be\u0142cz\u0105c ko\u0142o Czemiernik. Studiowa\u0142a polonistyk\u0119 i filozofi\u0119 na Uniwersytecie Wroc\u0142awskim. Debiutowa\u0142a w 1968 roku zbiorem wierszy <em>Poszukiwanie przyczyny<\/em>. &nbsp;Od 1972 roku pracowa\u0142a jako bibliotekarka w Wojew\u00f3dzkiej i Miejskiej Bibliotece Publicznej we Wroc\u0142awiu. By\u0142a cz\u0142onkini\u0105 Zwi\u0105zku Literat\u00f3w Polskich (1973-1981). Od 1979 roku by\u0142a kolporterk\u0105 niezale\u017cnych wydawnictw drugiego obiegu, redaktork\u0105 pism oraz autork\u0105 tekst\u00f3w wydawanych w obiegu pozadebitowym.&nbsp; Od 1981 roku wsp\u00f3\u0142organizowa\u0142a wroc\u0142awskie Tygodnie Kultury Chrze\u015bcija\u0144skiej. Po 13 XII 1981 roku by\u0142a wsp\u00f3\u0142organizatork\u0105 przedsi\u0119wzi\u0119\u0107 niezale\u017cnego \u017cycia kulturalnego, g\u0142\u00f3wnie spotka\u0144 poetyckich w mieszkaniach prywatnych, ko\u015bcio\u0142ach, domach studenckich, Duszpasterstwach Akademickich. W 1989 zosta\u0142a wsp\u00f3\u0142organizatork\u0105 wroc\u0142awskiego oddzia\u0142u Stowarzyszenia Pisarzy Polskich.&nbsp;<\/p>\n\n\n\n<p class=\"wp-block-paragraph\">Marianna Bocian by\u0142a redaktork\u0105 kilku og\u00f3lnopolskich pism kulturalnych, publikowa\u0142a swoje teksty w najwa\u017cniejszych tytu\u0142ach polskiej prasy literackiej. Opublikowa\u0142a kilkana\u015bcie tomik\u00f3w wierszy, kilka publikacji &#8211; poezja, proza &#8211; ukaza\u0142o si\u0119 <em>post mortem <\/em>Autorki.<\/p>\n\n\n\n<p class=\"wp-block-paragraph\"><strong>Marianna Bocian zmar\u0142a 5 kwietnia 2003 roku w Radzyniu Podlaskim. Zosta\u0142a pochowana w grobie rodzinnym na cmentarzu w Czemiernikach.&nbsp;<\/strong><\/p>\n\n\n\n<p class=\"wp-block-paragraph\">W Czemiernikach odbywa si\u0119 corocznie <strong>Regionalny Konkurs Recytatorski Poezji Marianny Bocian<\/strong> &#8211; XVII edycja mia\u0142a miejsc w 2022 roku.<\/p>\n\n\n\n<hr class=\"wp-block-separator has-alpha-channel-opacity\"\/>\n\n\n\n<p class=\"wp-block-paragraph\">Fot. ilustracyjne: poczt\u00f3wka \u015bwi\u0105teczna ze zbior\u00f3w <strong>Wojew\u00f3dzkiej Biblioteki Publicznej im. Hieronima \u0141opaci\u0144skiego w Lublinie<\/strong> (dost\u0119pna r\u00f3wnie\u017c w Bibliotece Cyfrowej w WBP)<\/p>\n\n\n\n<p class=\"wp-block-paragraph\">Odcinki archiwalne s\u0105 dost\u0119pne na kanale YouTube Biblioteki<\/p>\n\n\n\n<figure class=\"wp-block-embed is-type-video is-provider-youtube wp-block-embed-youtube wp-embed-aspect-16-9 wp-has-aspect-ratio\"><div class=\"wp-block-embed__wrapper\">\n<iframe loading=\"lazy\" title=\"Poranek u Hieronima - odc. 145\" width=\"887\" height=\"499\" src=\"https:\/\/www.youtube.com\/embed\/UHfxLaokLJ0?feature=oembed\" frameborder=\"0\" allow=\"accelerometer; autoplay; clipboard-write; encrypted-media; gyroscope; picture-in-picture; web-share\" referrerpolicy=\"strict-origin-when-cross-origin\" allowfullscreen><\/iframe>\n<\/div><\/figure>\n\n\n\n<p class=\"has-text-align-center wp-block-paragraph\">Zapraszamy!<\/p>\n\n\n\n<p class=\"has-text-align-right wp-block-paragraph\"><em>Dzia\u0142 Informacji i Promocji<\/em><\/p>\n","protected":false},"excerpt":{"rendered":"<p>5 kwietnia 2023, godz. 10.00<br \/>\nFacebook WBP (otwarty dla wszystkich)<\/p>\n","protected":false},"author":7,"featured_media":28383,"comment_status":"closed","ping_status":"closed","sticky":false,"template":"","format":"standard","meta":{"_tec_requires_first_save":true,"_crdt_document":"","pgc_sgb_lightbox_settings":"","_EventAllDay":false,"_EventTimezone":"","_EventStartDate":"","_EventEndDate":"","_EventStartDateUTC":"","_EventEndDateUTC":"","_EventShowMap":false,"_EventShowMapLink":false,"_EventURL":"","_EventCost":"","_EventCostDescription":"","_EventCurrencySymbol":"","_EventCurrencyCode":"","_EventCurrencyPosition":"","_EventDateTimeSeparator":"","_EventTimeRangeSeparator":"","_EventOrganizerID":[],"_EventVenueID":[],"_OrganizerEmail":"","_OrganizerPhone":"","_OrganizerWebsite":"","_VenueAddress":"","_VenueCity":"","_VenueCountry":"","_VenueProvince":"","_VenueState":"","_VenueZip":"","_VenuePhone":"","_VenueURL":"","_VenueStateProvince":"","_VenueLat":"","_VenueLng":"","_VenueShowMap":false,"_VenueShowMapLink":false,"_tribe_blocks_recurrence_rules":"","_tribe_blocks_recurrence_description":"","_tribe_blocks_recurrence_exclusions":"","footnotes":""},"categories":[679,638,537,10],"tags":[],"class_list":["post-43624","post","type-post","status-publish","format-standard","has-post-thumbnail","hentry","category-rok-2023","category-poranek-u-hieronima","category-archiwum-wydarzen","category-aktualnosci"],"publishpress_future_action":{"enabled":false,"date":"2026-05-06 12:59:01","action":"change-status","newStatus":"draft","terms":[],"taxonomy":"category","extraData":[]},"publishpress_future_workflow_manual_trigger":{"enabledWorkflows":[]},"_links":{"self":[{"href":"https:\/\/wbp.lublin.pl\/index.php\/wp-json\/wp\/v2\/posts\/43624","targetHints":{"allow":["GET"]}}],"collection":[{"href":"https:\/\/wbp.lublin.pl\/index.php\/wp-json\/wp\/v2\/posts"}],"about":[{"href":"https:\/\/wbp.lublin.pl\/index.php\/wp-json\/wp\/v2\/types\/post"}],"author":[{"embeddable":true,"href":"https:\/\/wbp.lublin.pl\/index.php\/wp-json\/wp\/v2\/users\/7"}],"replies":[{"embeddable":true,"href":"https:\/\/wbp.lublin.pl\/index.php\/wp-json\/wp\/v2\/comments?post=43624"}],"version-history":[{"count":19,"href":"https:\/\/wbp.lublin.pl\/index.php\/wp-json\/wp\/v2\/posts\/43624\/revisions"}],"predecessor-version":[{"id":78761,"href":"https:\/\/wbp.lublin.pl\/index.php\/wp-json\/wp\/v2\/posts\/43624\/revisions\/78761"}],"wp:featuredmedia":[{"embeddable":true,"href":"https:\/\/wbp.lublin.pl\/index.php\/wp-json\/wp\/v2\/media\/28383"}],"wp:attachment":[{"href":"https:\/\/wbp.lublin.pl\/index.php\/wp-json\/wp\/v2\/media?parent=43624"}],"wp:term":[{"taxonomy":"category","embeddable":true,"href":"https:\/\/wbp.lublin.pl\/index.php\/wp-json\/wp\/v2\/categories?post=43624"},{"taxonomy":"post_tag","embeddable":true,"href":"https:\/\/wbp.lublin.pl\/index.php\/wp-json\/wp\/v2\/tags?post=43624"}],"curies":[{"name":"wp","href":"https:\/\/api.w.org\/{rel}","templated":true}]}}