{"id":43646,"date":"2023-04-03T08:29:57","date_gmt":"2023-04-03T06:29:57","guid":{"rendered":"https:\/\/wbp.lublin.pl\/?p=43646"},"modified":"2023-04-11T08:50:38","modified_gmt":"2023-04-11T06:50:38","slug":"wielkanoc-2023","status":"publish","type":"post","link":"https:\/\/wbp.lublin.pl\/index.php\/2023\/04\/03\/wielkanoc-2023\/","title":{"rendered":"Wielkanoc 2023"},"content":{"rendered":"<div class=\"wp-block-image\">\n<figure class=\"aligncenter size-large is-resized\"><img data-dominant-color=\"eae8e6\" data-has-transparency=\"false\" style=\"--dominant-color: #eae8e6;\" loading=\"lazy\" decoding=\"async\" sizes=\"auto, (max-width: 761px) 100vw, 761px\" src=\"https:\/\/wbp.lublin.pl\/wp-content\/uploads\/2023\/04\/1-761x1080.webp\" alt=\"\" class=\"wp-image-43651 not-transparent\" width=\"190\" height=\"270\" srcset=\"https:\/\/wbp.lublin.pl\/wp-content\/uploads\/2023\/04\/1-761x1080.webp 761w, https:\/\/wbp.lublin.pl\/wp-content\/uploads\/2023\/04\/1-423x600.webp 423w, https:\/\/wbp.lublin.pl\/wp-content\/uploads\/2023\/04\/1-282x400.webp 282w, https:\/\/wbp.lublin.pl\/wp-content\/uploads\/2023\/04\/1-768x1089.webp 768w, https:\/\/wbp.lublin.pl\/wp-content\/uploads\/2023\/04\/1-1083x1536.webp 1083w, https:\/\/wbp.lublin.pl\/wp-content\/uploads\/2023\/04\/1-947x1343.webp 947w, https:\/\/wbp.lublin.pl\/wp-content\/uploads\/2023\/04\/1-624x885.webp 624w, https:\/\/wbp.lublin.pl\/wp-content\/uploads\/2023\/04\/1.webp 1410w\" \/><\/figure>\n<\/div>\n\n\n<p style=\"text-align: center;\"><strong>Z okazji \u015awi\u0105t Wielkanocnych,<\/strong><\/p>\n<p style=\"text-align: center;\"><strong>nios\u0105cych nadziej\u0119 i odrodzenie \u017cycia,<\/strong><\/p>\n<p style=\"text-align: center;\"><strong>sk\u0142adamy najserdeczniejsze \u017cyczenia.<\/strong><\/p>\n<p style=\"text-align: center;\"><strong>Niech ten radosny \u015bwi\u0105teczny czas,<\/strong><\/p>\n<p style=\"text-align: center;\"><strong>sp\u0119dzony w gronie najbli\u017cszych,<\/strong><\/p>\n<p style=\"text-align: center;\"><strong>bez trosk i po\u015bpiechu, w zdrowiu i spokoju,<\/strong><\/p>\n<p style=\"text-align: center;\"><strong>przyniesie wiar\u0119, optymizm oraz mi\u0142o\u015b\u0107.<\/strong><\/p>\n<p style=\"text-align: center;\"><strong>Niech radosny dzie\u0144 Zmartwychwstania Pa\u0144skiego<\/strong><\/p>\n<p style=\"text-align: center;\"><strong>stanie si\u0119 okazj\u0105 do szczerego u\u015bmiechu,<\/strong><\/p>\n<p style=\"text-align: center;\"><strong>wzajemnej \u017cyczliwo\u015bci i ufno\u015bci w dobr\u0105 przysz\u0142o\u015b\u0107.<\/strong><\/p>\n<p style=\"text-align: center;\"><strong>Weso\u0142ego<\/strong> <strong>Alleluja!<\/strong><\/p>\n<p>\u00a0<\/p>\n<p style=\"text-align: center;\"><strong>Dyrektor<\/strong><br \/><strong>wraz z Pracownikami<\/strong><\/p>\n<p style=\"text-align: center;\"><strong>Wojew\u00f3dzkiej Biblioteki Publicznej<\/strong><br \/><strong><span style=\"color: initial;\">Hieronima \u0141opaci\u0144skiego<br \/><\/span>w Lublinie<\/strong><\/p>\n<p>\u00a0<\/p>\n<p style=\"text-align: center;\"><strong>Wielkanoc 2023<\/strong><\/p>\n<p>\u00a0<\/p>\n\n\n<div class=\"wp-block-image\">\n<figure class=\"aligncenter size-large is-resized\"><img data-dominant-color=\"eceae7\" data-has-transparency=\"false\" style=\"--dominant-color: #eceae7;\" loading=\"lazy\" decoding=\"async\" sizes=\"auto, (max-width: 761px) 100vw, 761px\" src=\"https:\/\/wbp.lublin.pl\/wp-content\/uploads\/2023\/04\/3-1-761x1080.webp\" alt=\"\" class=\"wp-image-43650 not-transparent\" width=\"381\" height=\"540\"\/><\/figure>\n<\/div>","protected":false},"excerpt":{"rendered":"<p>\u017byczenia \u015bwi\u0105teczne<\/p>\n","protected":false},"author":10,"featured_media":43650,"comment_status":"closed","ping_status":"closed","sticky":false,"template":"","format":"standard","meta":{"_tec_requires_first_save":true,"_crdt_document":"","pgc_sgb_lightbox_settings":"","_EventAllDay":false,"_EventTimezone":"","_EventStartDate":"","_EventEndDate":"","_EventStartDateUTC":"","_EventEndDateUTC":"","_EventShowMap":false,"_EventShowMapLink":false,"_EventURL":"","_EventCost":"","_EventCostDescription":"","_EventCurrencySymbol":"","_EventCurrencyCode":"","_EventCurrencyPosition":"","_EventDateTimeSeparator":"","_EventTimeRangeSeparator":"","_EventOrganizerID":[],"_EventVenueID":[],"_OrganizerEmail":"","_OrganizerPhone":"","_OrganizerWebsite":"","_VenueAddress":"","_VenueCity":"","_VenueCountry":"","_VenueProvince":"","_VenueState":"","_VenueZip":"","_VenuePhone":"","_VenueURL":"","_VenueStateProvince":"","_VenueLat":"","_VenueLng":"","_VenueShowMap":false,"_VenueShowMapLink":false,"_tribe_blocks_recurrence_rules":"","_tribe_blocks_recurrence_description":"","_tribe_blocks_recurrence_exclusions":"","footnotes":""},"categories":[679,10],"tags":[],"class_list":["post-43646","post","type-post","status-publish","format-standard","has-post-thumbnail","hentry","category-rok-2023","category-aktualnosci"],"publishpress_future_action":{"enabled":false,"date":"2026-05-05 01:52:05","action":"change-status","newStatus":"draft","terms":[],"taxonomy":"category","extraData":[]},"publishpress_future_workflow_manual_trigger":{"enabledWorkflows":[]},"_links":{"self":[{"href":"https:\/\/wbp.lublin.pl\/index.php\/wp-json\/wp\/v2\/posts\/43646","targetHints":{"allow":["GET"]}}],"collection":[{"href":"https:\/\/wbp.lublin.pl\/index.php\/wp-json\/wp\/v2\/posts"}],"about":[{"href":"https:\/\/wbp.lublin.pl\/index.php\/wp-json\/wp\/v2\/types\/post"}],"author":[{"embeddable":true,"href":"https:\/\/wbp.lublin.pl\/index.php\/wp-json\/wp\/v2\/users\/10"}],"replies":[{"embeddable":true,"href":"https:\/\/wbp.lublin.pl\/index.php\/wp-json\/wp\/v2\/comments?post=43646"}],"version-history":[{"count":8,"href":"https:\/\/wbp.lublin.pl\/index.php\/wp-json\/wp\/v2\/posts\/43646\/revisions"}],"predecessor-version":[{"id":43659,"href":"https:\/\/wbp.lublin.pl\/index.php\/wp-json\/wp\/v2\/posts\/43646\/revisions\/43659"}],"wp:featuredmedia":[{"embeddable":true,"href":"https:\/\/wbp.lublin.pl\/index.php\/wp-json\/wp\/v2\/media\/43650"}],"wp:attachment":[{"href":"https:\/\/wbp.lublin.pl\/index.php\/wp-json\/wp\/v2\/media?parent=43646"}],"wp:term":[{"taxonomy":"category","embeddable":true,"href":"https:\/\/wbp.lublin.pl\/index.php\/wp-json\/wp\/v2\/categories?post=43646"},{"taxonomy":"post_tag","embeddable":true,"href":"https:\/\/wbp.lublin.pl\/index.php\/wp-json\/wp\/v2\/tags?post=43646"}],"curies":[{"name":"wp","href":"https:\/\/api.w.org\/{rel}","templated":true}]}}