{"id":43802,"date":"2023-04-05T09:55:55","date_gmt":"2023-04-05T07:55:55","guid":{"rendered":"https:\/\/wbp.lublin.pl\/?p=43802"},"modified":"2023-04-12T20:50:15","modified_gmt":"2023-04-12T18:50:15","slug":"wernisaz-wystawy-ad-maiorem-dei-gloriam-o-towarzystwie-jezusowym-w-okresie-staropolskim-i-sw-andrzeju-boboli-w-85-rocznice-jego-kanonizacji-w-obiektywie","status":"publish","type":"post","link":"https:\/\/wbp.lublin.pl\/index.php\/2023\/04\/05\/wernisaz-wystawy-ad-maiorem-dei-gloriam-o-towarzystwie-jezusowym-w-okresie-staropolskim-i-sw-andrzeju-boboli-w-85-rocznice-jego-kanonizacji-w-obiektywie\/","title":{"rendered":"Wernisa\u017c wystawy \u201eAd maiorem Dei gloriam. O Towarzystwie Jezusowym w okresie staropolskim i \u015bw. Andrzeju Boboli w 85. rocznic\u0119 jego kanonizacji\u201d \u2013 w obiektywie"},"content":{"rendered":"\n<p><!--more--><\/p>\n\n\n\n\n\n<p class=\"has-text-align-center wp-block-paragraph\">4 kwietnia 2023 r. w Wojew\u00f3dzkiej Bibliotece Publicznej im. Hieronima \u0141opaci\u0144skiego w Lublinie odby\u0142 si\u0119 wernisa\u017c wystawy pt. \u201e<em>Ad maiorem Dei gloriam<\/em>. O Towarzystwie Jezusowym w okresie staropolskim i \u015bw. Andrzeju Boboli w 85. rocznic\u0119 jego kanonizacji\u201d.<\/p>\n\n\n\n<figure class=\"wp-block-gallery aligncenter has-nested-images columns-1 is-cropped wp-block-gallery-1 is-layout-flex wp-block-gallery-is-layout-flex\">\n<figure class=\"wp-block-image size-large\"><a href=\"https:\/\/wbp.lublin.pl\/wp-content\/uploads\/2023\/04\/1.-Spotkanie-poprowadzila-Katarzyna-Stanek-Dzial-Naukowo-Wydawniczy-WBP-wspolautorka-ekspozycji-jpg.webp\"><img data-dominant-color=\"2d231e\" data-has-transparency=\"false\" style=\"--dominant-color: #2d231e;\" decoding=\"async\" data-id=\"43786\" src=\"https:\/\/wbp.lublin.pl\/wp-content\/uploads\/2023\/04\/1.-Spotkanie-poprowadzila-Katarzyna-Stanek-Dzial-Naukowo-Wydawniczy-WBP-wspolautorka-ekspozycji-jpg.webp\" alt=\"Spotkanie poprowadzi\u0142a Katarzyna Stanek (Dzia\u0142 Naukowo-Wydawniczy WBP), wsp\u00f3\u0142autorka ekspozycji\" class=\"wp-image-43786 not-transparent\"\/><\/a><figcaption class=\"wp-element-caption\">Spotkanie poprowadzi\u0142a Katarzyna Stanek (Dzia\u0142 Naukowo-Wydawniczy WBP), wsp\u00f3\u0142autorka ekspozycji<\/figcaption><\/figure>\n\n\n\n<figure class=\"wp-block-image size-large\"><a href=\"https:\/\/wbp.lublin.pl\/wp-content\/uploads\/2023\/04\/2.-Zebranych-gosci-przywital-Tadeusz-Slawecki-\u2013-dyrektor-Wojewodzkiej-Biblioteki-Publicznej-im.-H.-Lopacinskiego-w-Lublinie-jpg.webp\"><img data-dominant-color=\"3c3c3b\" data-has-transparency=\"false\" style=\"--dominant-color: #3c3c3b;\" decoding=\"async\" data-id=\"43787\" src=\"https:\/\/wbp.lublin.pl\/wp-content\/uploads\/2023\/04\/2.-Zebranych-gosci-przywital-Tadeusz-Slawecki-\u2013-dyrektor-Wojewodzkiej-Biblioteki-Publicznej-im.-H.-Lopacinskiego-w-Lublinie-jpg.webp\" alt=\"Zebranych go\u015bci przywita\u0142 Tadeusz S\u0142awecki \u2013 dyrektor Wojew\u00f3dzkiej Biblioteki Publicznej im. H. \u0141opaci\u0144skiego w Lublinie\" class=\"wp-image-43787 not-transparent\"\/><\/a><figcaption class=\"wp-element-caption\">Zebranych go\u015bci przywita\u0142 Tadeusz S\u0142awecki \u2013 Dyrektor Wojew\u00f3dzkiej Biblioteki Publicznej im. H. \u0141opaci\u0144skiego w Lublinie<\/figcaption><\/figure>\n\n\n\n<figure class=\"wp-block-image size-large\"><a href=\"https:\/\/wbp.lublin.pl\/wp-content\/uploads\/2023\/04\/3-2-jpg.webp\"><img data-dominant-color=\"705f57\" data-has-transparency=\"false\" style=\"--dominant-color: #705f57;\" decoding=\"async\" data-id=\"43788\" src=\"https:\/\/wbp.lublin.pl\/wp-content\/uploads\/2023\/04\/3-2-jpg.webp\" alt=\"Wernisa\u017c wystawy \u201eAd maiorem Dei gloriam. O Towarzystwie Jezusowym w okresie staropolskim i \u015bw. Andrzeju Boboli w 85. rocznic\u0119 jego kanonizacji\u201d \u2013 w obiektywie\" class=\"wp-image-43788 not-transparent\"\/><\/a><figcaption class=\"wp-element-caption\">Wernisa\u017c wystawy \u201eAd maiorem Dei gloriam. O Towarzystwie Jezusowym w okresie staropolskim i \u015bw. Andrzeju Boboli w 85. rocznic\u0119 jego kanonizacji\u201d \u2013 w obiektywie<\/figcaption><\/figure>\n\n\n\n<figure class=\"wp-block-image size-large\"><a href=\"https:\/\/wbp.lublin.pl\/wp-content\/uploads\/2023\/04\/4.-Wernisaz-swoja-obecnoscia-zaszczycili-Elzbieta-Kedzierska-\u2013-dyrektor-Departamentu-Kultury-Edukacji-i-Dziedzictwa-Narodowego-Urzedu-Marszalkowskiego-Wojewodztwa-Lubelskiego-oraz-jpg.webp\"><img data-dominant-color=\"4c4344\" data-has-transparency=\"false\" style=\"--dominant-color: #4c4344;\" decoding=\"async\" data-id=\"43789\" src=\"https:\/\/wbp.lublin.pl\/wp-content\/uploads\/2023\/04\/4.-Wernisaz-swoja-obecnoscia-zaszczycili-Elzbieta-Kedzierska-\u2013-dyrektor-Departamentu-Kultury-Edukacji-i-Dziedzictwa-Narodowego-Urzedu-Marszalkowskiego-Wojewodztwa-Lubelskiego-oraz-jpg.webp\" alt=\"Wernisa\u017c swoj\u0105 obecno\u015bci\u0105 zaszczycili El\u017cbieta K\u0119dzierska \u2013 dyrektor Departamentu Kultury, Edukacji i Dziedzictwa Narodowego Urz\u0119du Marsza\u0142kowskiego Wojew\u00f3dztwa Lubelskiego oraz Zbigniew Wojciechowski \u2013 wicemarsza\u0142ek wojew\u00f3dztwa lubelskiego\" class=\"wp-image-43789 not-transparent\"\/><\/a><figcaption class=\"wp-element-caption\">Wernisa\u017c swoj\u0105 obecno\u015bci\u0105 zaszczycili El\u017cbieta K\u0119dzierska \u2013 dyrektor Departamentu Kultury, Edukacji i Dziedzictwa Narodowego Urz\u0119du Marsza\u0142kowskiego Wojew\u00f3dztwa Lubelskiego oraz Zbigniew Wojciechowski \u2013 Wicemarsza\u0142ek Wojew\u00f3dztwa Lubelskiego<\/figcaption><\/figure>\n\n\n\n<figure class=\"wp-block-image size-large\"><a href=\"https:\/\/wbp.lublin.pl\/wp-content\/uploads\/2023\/04\/5-jpg.webp\"><img data-dominant-color=\"463c34\" data-has-transparency=\"false\" style=\"--dominant-color: #463c34;\" decoding=\"async\" data-id=\"43790\" src=\"https:\/\/wbp.lublin.pl\/wp-content\/uploads\/2023\/04\/5-jpg.webp\" alt=\"Prelekcj\u0119 na temat dziej\u00f3w i dzia\u0142alno\u015bci Towarzystwa Jezusowego wyg\u0142osi\u0142a Edyta \u015acibor (Dzia\u0142 Naukowo-Wydawniczy WBP), wsp\u00f3\u0142autorka ekspozycji\" class=\"wp-image-43790 not-transparent\"\/><\/a><figcaption class=\"wp-element-caption\">Prelekcj\u0119 na temat dziej\u00f3w i dzia\u0142alno\u015bci Towarzystwa Jezusowego wyg\u0142osi\u0142a Edyta \n\u015acibor (Dzia\u0142 Naukowo-Wydawniczy WBP), wsp\u00f3\u0142autorka ekspozycji\n<\/figcaption><\/figure>\n\n\n\n<figure class=\"wp-block-image size-large\"><a href=\"https:\/\/wbp.lublin.pl\/wp-content\/uploads\/2023\/04\/6-jpg.webp\"><img data-dominant-color=\"3f3a38\" data-has-transparency=\"false\" style=\"--dominant-color: #3f3a38;\" decoding=\"async\" data-id=\"43791\" src=\"https:\/\/wbp.lublin.pl\/wp-content\/uploads\/2023\/04\/6-jpg.webp\" alt=\"Wernisa\u017c wystawy \u201eAd maiorem Dei gloriam. O Towarzystwie Jezusowym w okresie staropolskim i \u015bw. Andrzeju Boboli w 85. rocznic\u0119 jego kanonizacji\u201d \u2013 w obiektywie\" class=\"wp-image-43791 not-transparent\"\/><\/a><figcaption class=\"wp-element-caption\">Wernisa\u017c wystawy \u201eAd maiorem Dei gloriam. O Towarzystwie Jezusowym w okresie staropolskim i \u015bw. Andrzeju Boboli w 85. rocznic\u0119 jego kanonizacji\u201d \u2013 w obiektywie<\/figcaption><\/figure>\n\n\n\n<figure class=\"wp-block-image size-large\"><a href=\"https:\/\/wbp.lublin.pl\/wp-content\/uploads\/2023\/04\/7-jpg.webp\"><img data-dominant-color=\"5c5b58\" data-has-transparency=\"false\" style=\"--dominant-color: #5c5b58;\" decoding=\"async\" data-id=\"43792\" src=\"https:\/\/wbp.lublin.pl\/wp-content\/uploads\/2023\/04\/7-jpg.webp\" alt=\"Wernisa\u017c wystawy \u201eAd maiorem Dei gloriam. O Towarzystwie Jezusowym w okresie staropolskim i \u015bw. Andrzeju Boboli w 85. rocznic\u0119 jego kanonizacji\u201d \u2013 w obiektywie\" class=\"wp-image-43792 not-transparent\"\/><\/a><figcaption class=\"wp-element-caption\">Wernisa\u017c wystawy \u201eAd maiorem Dei gloriam. O Towarzystwie Jezusowym w okresie staropolskim i \u015bw. Andrzeju Boboli w 85. rocznic\u0119 jego kanonizacji\u201d \u2013 w obiektywie<\/figcaption><\/figure>\n\n\n\n<figure class=\"wp-block-image size-large\"><a href=\"https:\/\/wbp.lublin.pl\/wp-content\/uploads\/2023\/04\/8-jpg.webp\"><img data-dominant-color=\"2e3234\" data-has-transparency=\"false\" style=\"--dominant-color: #2e3234;\" decoding=\"async\" data-id=\"43793\" src=\"https:\/\/wbp.lublin.pl\/wp-content\/uploads\/2023\/04\/8-jpg.webp\" alt=\"Wernisa\u017c wystawy \u201eAd maiorem Dei gloriam. O Towarzystwie Jezusowym w okresie staropolskim i \u015bw. Andrzeju Boboli w 85. rocznic\u0119 jego kanonizacji\u201d \u2013 w obiektywie\" class=\"wp-image-43793 not-transparent\"\/><\/a><figcaption class=\"wp-element-caption\">Wernisa\u017c wystawy \u201eAd maiorem Dei gloriam. O Towarzystwie Jezusowym w okresie staropolskim i \u015bw. Andrzeju Boboli w 85. rocznic\u0119 jego kanonizacji\u201d \u2013 w obiektywie<\/figcaption><\/figure>\n\n\n\n<figure class=\"wp-block-image size-large\"><a href=\"https:\/\/wbp.lublin.pl\/wp-content\/uploads\/2023\/04\/9-jpg.webp\"><img data-dominant-color=\"3f4248\" data-has-transparency=\"false\" style=\"--dominant-color: #3f4248;\" decoding=\"async\" data-id=\"43794\" src=\"https:\/\/wbp.lublin.pl\/wp-content\/uploads\/2023\/04\/9-jpg.webp\" alt=\"Wernisa\u017c wystawy \u201eAd maiorem Dei gloriam. O Towarzystwie Jezusowym w okresie staropolskim i \u015bw. Andrzeju Boboli w 85. rocznic\u0119 jego kanonizacji\u201d \u2013 w obiektywie\" class=\"wp-image-43794 not-transparent\"\/><\/a><figcaption class=\"wp-element-caption\">Wernisa\u017c wystawy \u201eAd maiorem Dei gloriam. O Towarzystwie Jezusowym w okresie staropolskim i \u015bw. Andrzeju Boboli w 85. rocznic\u0119 jego kanonizacji\u201d \u2013 w obiektywie<\/figcaption><\/figure>\n\n\n\n<figure class=\"wp-block-image size-large\"><a href=\"https:\/\/wbp.lublin.pl\/wp-content\/uploads\/2023\/04\/10.-Ksiadz-Miroslaw-Ladniak-\u2013-proboszcz-parafii-pw.-sw.-Andrzeja-Boboli-w-Lublinie-przyblizyl-sylwetke-meczennika-oraz-patrona-Polski--jpg.webp\"><img data-dominant-color=\"69625b\" data-has-transparency=\"false\" style=\"--dominant-color: #69625b;\" decoding=\"async\" data-id=\"43795\" src=\"https:\/\/wbp.lublin.pl\/wp-content\/uploads\/2023\/04\/10.-Ksiadz-Miroslaw-Ladniak-\u2013-proboszcz-parafii-pw.-sw.-Andrzeja-Boboli-w-Lublinie-przyblizyl-sylwetke-meczennika-oraz-patrona-Polski--jpg.webp\" alt=\"Ksi\u0105dz Miros\u0142aw \u0141adniak \u2013 proboszcz parafii pw. \u015bw. Andrzeja Boboli w Lublinie, przybli\u017cy\u0142 sylwetk\u0119 m\u0119czennika oraz patrona Polski\" class=\"wp-image-43795 not-transparent\"\/><\/a><figcaption class=\"wp-element-caption\">Ksi\u0105dz Miros\u0142aw \u0141adniak \u2013 proboszcz parafii pw. \u015bw. Andrzeja Boboli w Lublinie, przybli\u017cy\u0142 sylwetk\u0119 m\u0119czennika oraz patrona Polski <\/figcaption><\/figure>\n\n\n\n<figure class=\"wp-block-image size-large\"><a href=\"https:\/\/wbp.lublin.pl\/wp-content\/uploads\/2023\/04\/11-jpg.webp\"><img data-dominant-color=\"585755\" data-has-transparency=\"false\" style=\"--dominant-color: #585755;\" decoding=\"async\" data-id=\"43796\" src=\"https:\/\/wbp.lublin.pl\/wp-content\/uploads\/2023\/04\/11-jpg.webp\" alt=\"Wernisa\u017c wystawy \u201eAd maiorem Dei gloriam. O Towarzystwie Jezusowym w okresie staropolskim i \u015bw. Andrzeju Boboli w 85. rocznic\u0119 jego kanonizacji\u201d \u2013 w obiektywie\" class=\"wp-image-43796 not-transparent\"\/><\/a><figcaption class=\"wp-element-caption\">Wernisa\u017c wystawy \u201eAd maiorem Dei gloriam. O Towarzystwie Jezusowym w okresie staropolskim i \u015bw. Andrzeju Boboli w 85. rocznic\u0119 jego kanonizacji\u201d \u2013 w obiektywie<\/figcaption><\/figure>\n\n\n\n<figure class=\"wp-block-image size-large\"><a href=\"https:\/\/wbp.lublin.pl\/wp-content\/uploads\/2023\/04\/12-jpg.webp\"><img data-dominant-color=\"676664\" data-has-transparency=\"false\" style=\"--dominant-color: #676664;\" decoding=\"async\" data-id=\"43797\" src=\"https:\/\/wbp.lublin.pl\/wp-content\/uploads\/2023\/04\/12-jpg.webp\" alt=\"Wyst\u0105pienie Zbigniewa Wojciechowskiego \u2013 wicemarsza\u0142ka wojew\u00f3dztwa lubelskiego\" class=\"wp-image-43797 not-transparent\"\/><\/a><figcaption class=\"wp-element-caption\">Wyst\u0105pienie Zbigniewa Wojciechowskiego \u2013 Wicemarsza\u0142ka Wojew\u00f3dztwa Lubelskiego<\/figcaption><\/figure>\n\n\n\n<figure class=\"wp-block-image size-large\"><a href=\"https:\/\/wbp.lublin.pl\/wp-content\/uploads\/2023\/04\/13-jpg.webp\"><img data-dominant-color=\"897161\" data-has-transparency=\"false\" style=\"--dominant-color: #897161;\" decoding=\"async\" data-id=\"43798\" src=\"https:\/\/wbp.lublin.pl\/wp-content\/uploads\/2023\/04\/13-jpg.webp\" alt=\"Wernisa\u017c wystawy \u2013 Autorska Galeria Hol w WBP\" class=\"wp-image-43798 not-transparent\"\/><\/a><figcaption class=\"wp-element-caption\">Wernisa\u017c wystawy \u2013 Autorska Galeria Hol w WBP <\/figcaption><\/figure>\n\n\n\n<figure class=\"wp-block-image size-large\"><a href=\"https:\/\/wbp.lublin.pl\/wp-content\/uploads\/2023\/04\/14-jpg.webp\"><img data-dominant-color=\"665246\" data-has-transparency=\"false\" style=\"--dominant-color: #665246;\" decoding=\"async\" data-id=\"43799\" src=\"https:\/\/wbp.lublin.pl\/wp-content\/uploads\/2023\/04\/14-jpg.webp\" alt=\"Wernisa\u017c wystawy \u201eAd maiorem Dei gloriam. O Towarzystwie Jezusowym w okresie staropolskim i \u015bw. Andrzeju Boboli w 85. rocznic\u0119 jego kanonizacji\u201d \u2013 w obiektywie\" class=\"wp-image-43799 not-transparent\"\/><\/a><figcaption class=\"wp-element-caption\">Wernisa\u017c wystawy \u201eAd maiorem Dei gloriam. O Towarzystwie Jezusowym w okresie staropolskim i \u015bw. Andrzeju Boboli w 85. rocznic\u0119 jego kanonizacji\u201d \u2013 w obiektywie<\/figcaption><\/figure>\n\n\n\n<figure class=\"wp-block-image size-large\"><a href=\"https:\/\/wbp.lublin.pl\/wp-content\/uploads\/2023\/04\/15-1-jpg.webp\"><img data-dominant-color=\"645448\" data-has-transparency=\"false\" style=\"--dominant-color: #645448;\" decoding=\"async\" data-id=\"43801\" src=\"https:\/\/wbp.lublin.pl\/wp-content\/uploads\/2023\/04\/15-1-jpg.webp\" alt=\"Wernisa\u017c wystawy \u201eAd maiorem Dei gloriam. O Towarzystwie Jezusowym w okresie staropolskim i \u015bw. Andrzeju Boboli w 85. rocznic\u0119 jego kanonizacji\u201d \u2013 w obiektywie\" class=\"wp-image-43801 not-transparent\"\/><\/a><figcaption class=\"wp-element-caption\">Wernisa\u017c wystawy \u201eAd maiorem Dei gloriam. O Towarzystwie Jezusowym w okresie staropolskim i \u015bw. Andrzeju Boboli w 85. rocznic\u0119 jego kanonizacji\u201d \u2013 w obiektywie<\/figcaption><\/figure>\n<\/figure>\n\n\n\n<p class=\"has-text-align-left wp-block-paragraph\">Fot. <strong>Dorota Mo\u015bcibrodzka<\/strong><\/p>\n","protected":false},"excerpt":{"rendered":"","protected":false},"author":10,"featured_media":43803,"comment_status":"closed","ping_status":"closed","sticky":false,"template":"","format":"standard","meta":{"_tec_requires_first_save":true,"_crdt_document":"","pgc_sgb_lightbox_settings":"","_EventAllDay":false,"_EventTimezone":"","_EventStartDate":"","_EventEndDate":"","_EventStartDateUTC":"","_EventEndDateUTC":"","_EventShowMap":false,"_EventShowMapLink":false,"_EventURL":"","_EventCost":"","_EventCostDescription":"","_EventCurrencySymbol":"","_EventCurrencyCode":"","_EventCurrencyPosition":"","_EventDateTimeSeparator":"","_EventTimeRangeSeparator":"","_EventOrganizerID":[],"_EventVenueID":[],"_OrganizerEmail":"","_OrganizerPhone":"","_OrganizerWebsite":"","_VenueAddress":"","_VenueCity":"","_VenueCountry":"","_VenueProvince":"","_VenueState":"","_VenueZip":"","_VenuePhone":"","_VenueURL":"","_VenueStateProvince":"","_VenueLat":"","_VenueLng":"","_VenueShowMap":false,"_VenueShowMapLink":false,"_tribe_blocks_recurrence_rules":"","_tribe_blocks_recurrence_description":"","_tribe_blocks_recurrence_exclusions":"","footnotes":""},"categories":[679,537,542,10,55],"tags":[],"class_list":["post-43802","post","type-post","status-publish","format-standard","has-post-thumbnail","hentry","category-rok-2023","category-archiwum-wydarzen","category-wystawy-w-obiektywie","category-aktualnosci","category-wystawy"],"publishpress_future_action":{"enabled":false,"date":"2026-05-05 01:48:55","action":"change-status","newStatus":"draft","terms":[],"taxonomy":"category","extraData":[]},"publishpress_future_workflow_manual_trigger":{"enabledWorkflows":[]},"_links":{"self":[{"href":"https:\/\/wbp.lublin.pl\/index.php\/wp-json\/wp\/v2\/posts\/43802","targetHints":{"allow":["GET"]}}],"collection":[{"href":"https:\/\/wbp.lublin.pl\/index.php\/wp-json\/wp\/v2\/posts"}],"about":[{"href":"https:\/\/wbp.lublin.pl\/index.php\/wp-json\/wp\/v2\/types\/post"}],"author":[{"embeddable":true,"href":"https:\/\/wbp.lublin.pl\/index.php\/wp-json\/wp\/v2\/users\/10"}],"replies":[{"embeddable":true,"href":"https:\/\/wbp.lublin.pl\/index.php\/wp-json\/wp\/v2\/comments?post=43802"}],"version-history":[{"count":3,"href":"https:\/\/wbp.lublin.pl\/index.php\/wp-json\/wp\/v2\/posts\/43802\/revisions"}],"predecessor-version":[{"id":43807,"href":"https:\/\/wbp.lublin.pl\/index.php\/wp-json\/wp\/v2\/posts\/43802\/revisions\/43807"}],"wp:featuredmedia":[{"embeddable":true,"href":"https:\/\/wbp.lublin.pl\/index.php\/wp-json\/wp\/v2\/media\/43803"}],"wp:attachment":[{"href":"https:\/\/wbp.lublin.pl\/index.php\/wp-json\/wp\/v2\/media?parent=43802"}],"wp:term":[{"taxonomy":"category","embeddable":true,"href":"https:\/\/wbp.lublin.pl\/index.php\/wp-json\/wp\/v2\/categories?post=43802"},{"taxonomy":"post_tag","embeddable":true,"href":"https:\/\/wbp.lublin.pl\/index.php\/wp-json\/wp\/v2\/tags?post=43802"}],"curies":[{"name":"wp","href":"https:\/\/api.w.org\/{rel}","templated":true}]}}