{"id":43825,"date":"2023-04-11T11:30:11","date_gmt":"2023-04-11T09:30:11","guid":{"rendered":"https:\/\/wbp.lublin.pl\/?p=43825"},"modified":"2026-02-04T14:02:59","modified_gmt":"2026-02-04T13:02:59","slug":"z-hieronimem-po-lubelszczyznie-czyli-regionalny-poranek-u-hieronima","status":"publish","type":"post","link":"https:\/\/wbp.lublin.pl\/index.php\/2023\/04\/11\/z-hieronimem-po-lubelszczyznie-czyli-regionalny-poranek-u-hieronima\/","title":{"rendered":"Z Hieronimem po Lubelszczy\u017anie, czyli regionalny &#8222;Poranek u Hieronima&#8221;"},"content":{"rendered":"\n<h3 class=\"wp-block-heading has-text-align-center\"><strong>Cykliczna audycja internetowa Biblioteki<\/strong><\/h3>\n\n\n\n<h3 class=\"wp-block-heading has-text-align-center\"><strong>Facebook WBP (otwarty dla wszystkich) \u2013 odcinek 1<\/strong>46<\/h3>\n\n\n\n<h3 class=\"wp-block-heading has-text-align-center\"><strong>12 kwietnia 2023, godz. 10.00<\/strong><\/h3>\n\n\n\n<div class=\"wp-block-wpzoom-blocks-social-icons is-style-without-canvas-with-label\" style=\"--wpz-social-icons-block-item-font-size:40px;--wpz-social-icons-block-item-padding-horizontal:15px;--wpz-social-icons-block-item-padding-vertical:10px;--wpz-social-icons-block-item-margin-horizontal:0px;--wpz-social-icons-block-item-margin-vertical:0px;--wpz-social-icons-block-item-border-radius:50px;--wpz-social-icons-block-label-font-size:15px;--wpz-social-icons-block-label-color:inherit;--wpz-social-icons-block-label-color-hover:#f1f1f1;--wpz-social-icons-alignment:center\"><a href=\"https:\/\/www.facebook.com\/wbplublin\/\" class=\"social-icon-link\" title=\"Facebook\" target=\"_blank\" style=\"--wpz-social-icons-block-item-color:#4267b2;--wpz-social-icons-block-item-color-hover:#F89406\" rel=\"noopener\"><span class=\"social-icon socicon socicon-facebook\"><\/span><\/a><a href=\"https:\/\/wbp.lublin.pl\" class=\"social-icon-link\" title=\"WordPress\" target=\"_blank\" style=\"--wpz-social-icons-block-item-color:#1877F2;--wpz-social-icons-block-item-color-hover:#F89406\" rel=\"noopener\"><span class=\"social-icon socicon socicon-wordpress\"><\/span><\/a><a href=\"https:\/\/www.youtube.com\/@wbpwlublinie3710\/\" class=\"social-icon-link\" title=\"Youtube\" target=\"_blank\" style=\"--wpz-social-icons-block-item-color:#ff0000;--wpz-social-icons-block-item-color-hover:#F89406\" rel=\"noopener\"><span class=\"social-icon socicon socicon-youtube\"><\/span><\/a><\/div>\n\n\n\n<p class=\"wp-block-paragraph\">W programie:<\/p>\n\n\n<div class=\"wp-block-image\">\n<figure class=\"aligncenter size-full\"><img data-dominant-color=\"c6c5c0\" data-has-transparency=\"false\" style=\"--dominant-color: #c6c5c0;\" decoding=\"async\" sizes=\"(max-width: 300px) 100vw, 300px\" src=\"https:\/\/wbp.lublin.pl\/wp-content\/uploads\/2023\/04\/album-300-1-jpg.webp\" alt=\"\" class=\"wp-image-43836 not-transparent\"\/><\/figure>\n<\/div>\n\n<ul>\n<li><strong>Ksi\u0105\u017cka na 555&#8230;, czyli 555. rocznic\u0119 nadania praw miejskich miastu Radzy\u0144 Podlaski<\/strong>. O wyj\u0105tkowym albumie fotograficznym porozmawiamy z <strong>Robertem Mazurkiem<\/strong> &#8211; Dyrektorem <strong>Radzy\u0144skiego O\u015brodka Kultury<\/strong><\/li>\n<\/ul>\n<p><strong>Robert Mazurek<\/strong> &#8211; urodzi\u0142 si\u0119 w 1980 roku w Radzyniu Podlaskim. Spo\u0142ecznik, regionalista, samorz\u0105dowiec i animator kultury. Dyrektor Radzy\u0144skiego O\u015brodka Kultury, Przewodnicz\u0105cy Rady Powiatu Radzy\u0144skiego. Pomys\u0142odawca cyklu &#8222;Radzy\u0144skich Spotka\u0144 Podr\u00f3\u017cnikami&#8221; i utworzenia Skweru Podr\u00f3\u017cnik\u00f3w w Radzyniu Podlaskim.&nbsp;<\/p>\n\n\n<hr class=\"wp-block-separator has-alpha-channel-opacity\"\/>\n\n\n<div class=\"wp-block-image\">\n<figure class=\"aligncenter size-large is-resized\"><img data-dominant-color=\"bc9088\" data-has-transparency=\"false\" loading=\"lazy\" decoding=\"async\" width=\"1337\" height=\"1080\" sizes=\"auto, (max-width: 1337px) 100vw, 1337px\" src=\"https:\/\/wbp.lublin.pl\/wp-content\/uploads\/2023\/04\/zaproszenie2-1337x1080.webp\" alt=\"Zaproszenie na wernisa\u017c wystawy &quot;Czemierniki. Dzieje wsi, miasta, gminy&quot;\" class=\"wp-image-43781 not-transparent\" style=\"--dominant-color: #bc9088; width:669px;height:540px\" srcset=\"https:\/\/wbp.lublin.pl\/wp-content\/uploads\/2023\/04\/zaproszenie2-1337x1080.webp 1337w, https:\/\/wbp.lublin.pl\/wp-content\/uploads\/2023\/04\/zaproszenie2-600x485.webp 600w, https:\/\/wbp.lublin.pl\/wp-content\/uploads\/2023\/04\/zaproszenie2-400x323.webp 400w, https:\/\/wbp.lublin.pl\/wp-content\/uploads\/2023\/04\/zaproszenie2-768x620.webp 768w, https:\/\/wbp.lublin.pl\/wp-content\/uploads\/2023\/04\/zaproszenie2-1536x1240.webp 1536w, https:\/\/wbp.lublin.pl\/wp-content\/uploads\/2023\/04\/zaproszenie2-2048x1654.webp 2048w, https:\/\/wbp.lublin.pl\/wp-content\/uploads\/2023\/04\/zaproszenie2-947x765.webp 947w, https:\/\/wbp.lublin.pl\/wp-content\/uploads\/2023\/04\/zaproszenie2-624x504.webp 624w\" \/><\/figure>\n<\/div>\n\n\n<p class=\"wp-block-paragraph\"><strong>Czemierniki<\/strong>\u00a0<strong>&#8211; wie\u015b, miasto, gmina<\/strong>. Niezwyk\u0142a historia czemiernickiej spo\u0142eczno\u015bci ju\u017c od 12 kwietnia b\u0119dzie prezentowana na wystawie w\u00a0<strong>Wojew\u00f3dzkiej Bibliotece Publicznej im. Hieronima \u0141opaci\u0144skiego w Lublinie<\/strong>. Na wystaw\u0119 zaprosi\u00a0<strong>Tadeusz S\u0142awecki<\/strong>\u00a0&#8211; Dyrektor Biblioteki, a jednocze\u015bnie Prezes\u00a0<strong>Czemiernickiego Towarzystwa Regionalnego<\/strong><\/p>\n\n\n\n<hr class=\"wp-block-separator has-alpha-channel-opacity\"\/>\n\n\n<div class=\"wp-block-image\">\n<figure class=\"aligncenter size-large is-resized\"><img data-dominant-color=\"b3b59f\" data-has-transparency=\"false\" loading=\"lazy\" decoding=\"async\" width=\"880\" height=\"1080\" sizes=\"auto, (max-width: 880px) 100vw, 880px\" src=\"https:\/\/wbp.lublin.pl\/wp-content\/uploads\/2023\/04\/Wojewodztwo-lubelskie-1200-000.-Mapa-scienna-administracyjno-drogowa-880x1080.webp\" alt=\"\" class=\"wp-image-43838 not-transparent\" style=\"--dominant-color: #b3b59f; width:220px;height:270px\" srcset=\"https:\/\/wbp.lublin.pl\/wp-content\/uploads\/2023\/04\/Wojewodztwo-lubelskie-1200-000.-Mapa-scienna-administracyjno-drogowa-880x1080.webp 880w, https:\/\/wbp.lublin.pl\/wp-content\/uploads\/2023\/04\/Wojewodztwo-lubelskie-1200-000.-Mapa-scienna-administracyjno-drogowa-489x600.webp 489w, https:\/\/wbp.lublin.pl\/wp-content\/uploads\/2023\/04\/Wojewodztwo-lubelskie-1200-000.-Mapa-scienna-administracyjno-drogowa-326x400.webp 326w, https:\/\/wbp.lublin.pl\/wp-content\/uploads\/2023\/04\/Wojewodztwo-lubelskie-1200-000.-Mapa-scienna-administracyjno-drogowa-768x943.webp 768w, https:\/\/wbp.lublin.pl\/wp-content\/uploads\/2023\/04\/Wojewodztwo-lubelskie-1200-000.-Mapa-scienna-administracyjno-drogowa-947x1162.webp 947w, https:\/\/wbp.lublin.pl\/wp-content\/uploads\/2023\/04\/Wojewodztwo-lubelskie-1200-000.-Mapa-scienna-administracyjno-drogowa-624x766.webp 624w, https:\/\/wbp.lublin.pl\/wp-content\/uploads\/2023\/04\/Wojewodztwo-lubelskie-1200-000.-Mapa-scienna-administracyjno-drogowa.webp 1100w\" \/><\/figure>\n<\/div>\n\n\n<ul class=\"wp-block-list\">\n<li>Sylwetk\u0119\u00a0<strong>Lubelskiego Bibliotekarza Roku 2022<\/strong>, a tak\u017ce aktualne zadania i prace\u00a0<strong>Wojew\u00f3dzkiej Bibliotece Publicznej im. Hieronima \u0141opaci\u0144skiego w Lublinie\u00a0<\/strong>podejmowane na rzecz sieci bibliotek publicznych wojew\u00f3dztwa lubelskiego przedstawi\u00a0<strong>Joanna Chapska<\/strong>\u00a0&#8211; Kierownik\u00a0<strong>Dzia\u0142u Instrukcyjno-Metodycznego<\/strong>\u00a0Biblioteki<\/li>\n<\/ul>\n\n\n\n<p class=\"has-text-align-center wp-block-paragraph\"><strong>Zaprasza ekipa Studia WBP!<\/strong><\/p>\n\n\n\n<p class=\"wp-block-paragraph\">Odcinki archiwalne s\u0105 dost\u0119pne na kanale YouTube Biblioteki<\/p>\n\n\n\n<figure class=\"wp-block-embed is-type-video is-provider-youtube wp-block-embed-youtube wp-embed-aspect-16-9 wp-has-aspect-ratio\"><div class=\"wp-block-embed__wrapper\">\n<iframe loading=\"lazy\" title=\"Poranek u Hieronima - odc. 146\" width=\"887\" height=\"499\" src=\"https:\/\/www.youtube.com\/embed\/cH8zGJ1s2nU?feature=oembed\" frameborder=\"0\" allow=\"accelerometer; autoplay; clipboard-write; encrypted-media; gyroscope; picture-in-picture; web-share\" referrerpolicy=\"strict-origin-when-cross-origin\" allowfullscreen><\/iframe>\n<\/div><\/figure>\n\n\n\n<p class=\"has-text-align-center wp-block-paragraph\">Zapraszamy!<\/p>\n\n\n\n<p class=\"has-text-align-right wp-block-paragraph\"><em>Dzia\u0142 Informacji i Promocji<\/em><\/p>\n","protected":false},"excerpt":{"rendered":"<p>12 kwietnia 2023, godz. 10.00<br \/>\nFacebook WBP (otwarty dla wszystkich)<\/p>\n","protected":false},"author":7,"featured_media":17980,"comment_status":"closed","ping_status":"closed","sticky":false,"template":"","format":"standard","meta":{"_tec_requires_first_save":true,"_crdt_document":"","pgc_sgb_lightbox_settings":"","_EventAllDay":false,"_EventTimezone":"","_EventStartDate":"","_EventEndDate":"","_EventStartDateUTC":"","_EventEndDateUTC":"","_EventShowMap":false,"_EventShowMapLink":false,"_EventURL":"","_EventCost":"","_EventCostDescription":"","_EventCurrencySymbol":"","_EventCurrencyCode":"","_EventCurrencyPosition":"","_EventDateTimeSeparator":"","_EventTimeRangeSeparator":"","_EventOrganizerID":[],"_EventVenueID":[],"_OrganizerEmail":"","_OrganizerPhone":"","_OrganizerWebsite":"","_VenueAddress":"","_VenueCity":"","_VenueCountry":"","_VenueProvince":"","_VenueState":"","_VenueZip":"","_VenuePhone":"","_VenueURL":"","_VenueStateProvince":"","_VenueLat":"","_VenueLng":"","_VenueShowMap":false,"_VenueShowMapLink":false,"_tribe_blocks_recurrence_rules":"","_tribe_blocks_recurrence_description":"","_tribe_blocks_recurrence_exclusions":"","footnotes":""},"categories":[679,638,537,10],"tags":[],"class_list":["post-43825","post","type-post","status-publish","format-standard","has-post-thumbnail","hentry","category-rok-2023","category-poranek-u-hieronima","category-archiwum-wydarzen","category-aktualnosci"],"publishpress_future_action":{"enabled":false,"date":"2026-05-06 11:43:51","action":"change-status","newStatus":"draft","terms":[],"taxonomy":"category","extraData":[]},"publishpress_future_workflow_manual_trigger":{"enabledWorkflows":[]},"_links":{"self":[{"href":"https:\/\/wbp.lublin.pl\/index.php\/wp-json\/wp\/v2\/posts\/43825","targetHints":{"allow":["GET"]}}],"collection":[{"href":"https:\/\/wbp.lublin.pl\/index.php\/wp-json\/wp\/v2\/posts"}],"about":[{"href":"https:\/\/wbp.lublin.pl\/index.php\/wp-json\/wp\/v2\/types\/post"}],"author":[{"embeddable":true,"href":"https:\/\/wbp.lublin.pl\/index.php\/wp-json\/wp\/v2\/users\/7"}],"replies":[{"embeddable":true,"href":"https:\/\/wbp.lublin.pl\/index.php\/wp-json\/wp\/v2\/comments?post=43825"}],"version-history":[{"count":20,"href":"https:\/\/wbp.lublin.pl\/index.php\/wp-json\/wp\/v2\/posts\/43825\/revisions"}],"predecessor-version":[{"id":78759,"href":"https:\/\/wbp.lublin.pl\/index.php\/wp-json\/wp\/v2\/posts\/43825\/revisions\/78759"}],"wp:featuredmedia":[{"embeddable":true,"href":"https:\/\/wbp.lublin.pl\/index.php\/wp-json\/wp\/v2\/media\/17980"}],"wp:attachment":[{"href":"https:\/\/wbp.lublin.pl\/index.php\/wp-json\/wp\/v2\/media?parent=43825"}],"wp:term":[{"taxonomy":"category","embeddable":true,"href":"https:\/\/wbp.lublin.pl\/index.php\/wp-json\/wp\/v2\/categories?post=43825"},{"taxonomy":"post_tag","embeddable":true,"href":"https:\/\/wbp.lublin.pl\/index.php\/wp-json\/wp\/v2\/tags?post=43825"}],"curies":[{"name":"wp","href":"https:\/\/api.w.org\/{rel}","templated":true}]}}