{"id":43972,"date":"2023-04-18T11:25:12","date_gmt":"2023-04-18T09:25:12","guid":{"rendered":"https:\/\/wbp.lublin.pl\/?p=43972"},"modified":"2026-02-04T13:56:11","modified_gmt":"2026-02-04T12:56:11","slug":"gosc-specjalny-poranka-u-hieronima-irving-finkel","status":"publish","type":"post","link":"https:\/\/wbp.lublin.pl\/index.php\/2023\/04\/18\/gosc-specjalny-poranka-u-hieronima-irving-finkel\/","title":{"rendered":"Staro\u017cytny &#8222;Poranek u Hieronima&#8221;, a w nim go\u015b\u0107 specjalny &#8211; Irving Finkel!\u00a0"},"content":{"rendered":"\n<h4 class=\"wp-block-heading has-text-align-center\"><strong>Cykliczna audycja internetowa Biblioteki<\/strong><br><strong>Facebook WBP (otwarty dla wszystkich) \u2013 odcinek 1<\/strong>47<br><strong>19 kwietnia 2023, godz. 10.00<\/strong><\/h4>\n\n\n\n<p class=\"has-text-align-center wp-block-paragraph\">Staro\u017cytny &#8222;Poranek u Hieronima&#8221;<\/p>\n\n\n\n<div class=\"wp-block-wpzoom-blocks-social-icons is-style-without-canvas-with-label\" style=\"--wpz-social-icons-block-item-font-size:40px;--wpz-social-icons-block-item-padding-horizontal:15px;--wpz-social-icons-block-item-padding-vertical:10px;--wpz-social-icons-block-item-margin-horizontal:0px;--wpz-social-icons-block-item-margin-vertical:0px;--wpz-social-icons-block-item-border-radius:50px;--wpz-social-icons-block-label-font-size:15px;--wpz-social-icons-block-label-color:inherit;--wpz-social-icons-block-label-color-hover:#f1f1f1;--wpz-social-icons-alignment:center\"><a href=\"https:\/\/www.facebook.com\/wbplublin\/\" class=\"social-icon-link\" title=\"Facebook\" target=\"_blank\" style=\"--wpz-social-icons-block-item-color:#4267b2;--wpz-social-icons-block-item-color-hover:#F89406\" rel=\"noopener\"><span class=\"social-icon socicon socicon-facebook\"><\/span><\/a><a href=\"https:\/\/wbp.lublin.pl\" class=\"social-icon-link\" title=\"WordPress\" target=\"_blank\" style=\"--wpz-social-icons-block-item-color:#1877F2;--wpz-social-icons-block-item-color-hover:#F89406\" rel=\"noopener\"><span class=\"social-icon socicon socicon-wordpress\"><\/span><\/a><a href=\"https:\/\/www.youtube.com\/@wbpwlublinie3710\/\" class=\"social-icon-link\" title=\"Youtube\" target=\"_blank\" style=\"--wpz-social-icons-block-item-color:#ff0000;--wpz-social-icons-block-item-color-hover:#F89406\" rel=\"noopener\"><span class=\"social-icon socicon socicon-youtube\"><\/span><\/a><\/div>\n\n\n\n<p class=\"has-text-align-center wp-block-paragraph\"><strong>W programie pierwsza cz\u0119\u015b\u0107 rozmowy z niezwyk\u0142ym pasjonatem i naukowcem z British Museum<\/strong>&nbsp;<\/p>\n\n\n\n<div style=\"height:20px\" aria-hidden=\"true\" class=\"wp-block-spacer\"><\/div>\n\n\n\n<div class=\"wp-block-media-text is-stacked-on-mobile is-image-fill-element\" style=\"grid-template-columns:51% auto\"><figure class=\"wp-block-media-text__media\"><img data-dominant-color=\"594f3b\" data-has-transparency=\"false\" decoding=\"async\" src=\"https:\/\/wbp.lublin.pl\/wp-content\/uploads\/2023\/04\/IMG_6368-jpg.webp\" alt=\"Irving Finkel poranek u hieronima\" class=\"wp-image-43973 size-full not-transparent\" style=\"--dominant-color: #594f3b; object-position:0% 47%\"\/><\/figure><div class=\"wp-block-media-text__content\">\n<p class=\"wp-block-paragraph\"><strong>Irving Finkel<\/strong> \u2013 brytyjski filolog i asyriolog. Jest asystentem kuratora na Wydziale Bliskiego Wschodu w British Museum, gdzie specjalizuje si\u0119 w tekstach zachowanych na glinianych tabliczkach ze staro\u017cytnej Mezopotamii. Pod jego piecz\u0105 pozostaje oko\u0142o 130&nbsp;000 tabliczek z pismem klinowym.&nbsp; Jest cz\u0142onkiem honorowym Instytutu Archeologii i Staro\u017cytno\u015bci Uniwersytetu w Birminghamoraz cz\u0142onkiem rady Anglo-Israel Archeology Society.&nbsp;<\/p>\n<\/div><\/div>\n\n\n\n<div style=\"height:50px\" aria-hidden=\"true\" class=\"wp-block-spacer\"><\/div>\n\n\n\n<figure class=\"wp-block-gallery has-nested-images columns-default is-cropped wp-block-gallery-1 is-layout-flex wp-block-gallery-is-layout-flex\">\n<figure class=\"wp-block-image size-large\"><img data-dominant-color=\"544636\" data-has-transparency=\"false\" style=\"--dominant-color: #544636;\" decoding=\"async\" data-id=\"43974\" src=\"https:\/\/wbp.lublin.pl\/wp-content\/uploads\/2023\/04\/IMG_6390-jpg.webp\" alt=\"Irving Finkel poranek u hieronima\" class=\"wp-image-43974 not-transparent\"\/><\/figure>\n<\/figure>\n\n\n\n<p class=\"wp-block-paragraph\">Z <strong>Irvingiem Finkelem<\/strong>&nbsp;rozmawia\u0142a <strong>Dorota Mo\u015bcibrodzka<\/strong><\/p>\n\n\n\n<p class=\"wp-block-paragraph\">T\u0142umaczenie rozmowy &#8211; <strong>Ewa Molik<\/strong><\/p>\n\n\n\n<p class=\"wp-block-paragraph\">Fot. <strong>Irving Finkel<\/strong> zwiedza <strong>Wojew\u00f3dzk\u0105 Bibliotek\u0119 Publiczn\u0105 im. Hieronima \u0141opaci\u0144skiego w Lublinie<\/strong>, na zdj\u0119ciu z <strong>Ann\u0105 Oleszek <\/strong>&#8211; kierownikiem Dzia\u0142u Zbior\u00f3w Specjalnych Biblioteki. Fot. <strong>Dorota Mo\u015bcibrodzka<\/strong><\/p>\n\n\n\n<p class=\"wp-block-paragraph\">Odcinki archiwalne s\u0105 dost\u0119pne na kanale YouTube Biblioteki<\/p>\n\n\n\n<figure class=\"wp-block-embed is-type-video is-provider-youtube wp-block-embed-youtube wp-embed-aspect-16-9 wp-has-aspect-ratio\"><div class=\"wp-block-embed__wrapper\">\n<iframe loading=\"lazy\" title=\"Poranek u Hieronima - odc. 147\" width=\"887\" height=\"499\" src=\"https:\/\/www.youtube.com\/embed\/Q1UhOVdICLM?feature=oembed\" frameborder=\"0\" allow=\"accelerometer; autoplay; clipboard-write; encrypted-media; gyroscope; picture-in-picture; web-share\" referrerpolicy=\"strict-origin-when-cross-origin\" allowfullscreen><\/iframe>\n<\/div><\/figure>\n\n\n\n<p class=\"has-text-align-center wp-block-paragraph\">Zapraszamy!<\/p>\n\n\n\n<p class=\"has-text-align-right wp-block-paragraph\"><em>Dzia\u0142 Informacji i Promocji<\/em><\/p>\n","protected":false},"excerpt":{"rendered":"<p>W programie pierwsza cz\u0119\u015b\u0107 rozmowy z niezwyk\u0142ym pasjonatem i naukowcem z British Museum<br \/>\n19 kwietnia 2023, godz. 10.00<br \/>\nFacebook WBP (otwarty dla wszystkich)<\/p>\n","protected":false},"author":18,"featured_media":43973,"comment_status":"closed","ping_status":"closed","sticky":false,"template":"","format":"standard","meta":{"_tec_requires_first_save":true,"_crdt_document":"","pgc_sgb_lightbox_settings":"","_EventAllDay":false,"_EventTimezone":"","_EventStartDate":"","_EventEndDate":"","_EventStartDateUTC":"","_EventEndDateUTC":"","_EventShowMap":false,"_EventShowMapLink":false,"_EventURL":"","_EventCost":"","_EventCostDescription":"","_EventCurrencySymbol":"","_EventCurrencyCode":"","_EventCurrencyPosition":"","_EventDateTimeSeparator":"","_EventTimeRangeSeparator":"","_EventOrganizerID":[],"_EventVenueID":[],"_OrganizerEmail":"","_OrganizerPhone":"","_OrganizerWebsite":"","_VenueAddress":"","_VenueCity":"","_VenueCountry":"","_VenueProvince":"","_VenueState":"","_VenueZip":"","_VenuePhone":"","_VenueURL":"","_VenueStateProvince":"","_VenueLat":"","_VenueLng":"","_VenueShowMap":false,"_VenueShowMapLink":false,"_tribe_blocks_recurrence_rules":"","_tribe_blocks_recurrence_description":"","_tribe_blocks_recurrence_exclusions":"","footnotes":""},"categories":[679,638,537,10],"tags":[],"class_list":["post-43972","post","type-post","status-publish","format-standard","has-post-thumbnail","hentry","category-rok-2023","category-poranek-u-hieronima","category-archiwum-wydarzen","category-aktualnosci"],"publishpress_future_action":{"enabled":false,"date":"2026-05-06 11:44:11","action":"change-status","newStatus":"draft","terms":[],"taxonomy":"category","extraData":[]},"publishpress_future_workflow_manual_trigger":{"enabledWorkflows":[]},"_links":{"self":[{"href":"https:\/\/wbp.lublin.pl\/index.php\/wp-json\/wp\/v2\/posts\/43972","targetHints":{"allow":["GET"]}}],"collection":[{"href":"https:\/\/wbp.lublin.pl\/index.php\/wp-json\/wp\/v2\/posts"}],"about":[{"href":"https:\/\/wbp.lublin.pl\/index.php\/wp-json\/wp\/v2\/types\/post"}],"author":[{"embeddable":true,"href":"https:\/\/wbp.lublin.pl\/index.php\/wp-json\/wp\/v2\/users\/18"}],"replies":[{"embeddable":true,"href":"https:\/\/wbp.lublin.pl\/index.php\/wp-json\/wp\/v2\/comments?post=43972"}],"version-history":[{"count":16,"href":"https:\/\/wbp.lublin.pl\/index.php\/wp-json\/wp\/v2\/posts\/43972\/revisions"}],"predecessor-version":[{"id":78753,"href":"https:\/\/wbp.lublin.pl\/index.php\/wp-json\/wp\/v2\/posts\/43972\/revisions\/78753"}],"wp:featuredmedia":[{"embeddable":true,"href":"https:\/\/wbp.lublin.pl\/index.php\/wp-json\/wp\/v2\/media\/43973"}],"wp:attachment":[{"href":"https:\/\/wbp.lublin.pl\/index.php\/wp-json\/wp\/v2\/media?parent=43972"}],"wp:term":[{"taxonomy":"category","embeddable":true,"href":"https:\/\/wbp.lublin.pl\/index.php\/wp-json\/wp\/v2\/categories?post=43972"},{"taxonomy":"post_tag","embeddable":true,"href":"https:\/\/wbp.lublin.pl\/index.php\/wp-json\/wp\/v2\/tags?post=43972"}],"curies":[{"name":"wp","href":"https:\/\/api.w.org\/{rel}","templated":true}]}}