{"id":44036,"date":"2023-04-24T14:38:14","date_gmt":"2023-04-24T12:38:14","guid":{"rendered":"https:\/\/wbp.lublin.pl\/?p=44036"},"modified":"2026-02-04T13:58:35","modified_gmt":"2026-02-04T12:58:35","slug":"ksiazkowy-poranek-u-hieronima-a-w-nim-gosc-specjalny-irving-finkel-czesc-druga-rozmowy-z-brytyjskim-filologiem-i-asyriologiem","status":"publish","type":"post","link":"https:\/\/wbp.lublin.pl\/index.php\/2023\/04\/24\/ksiazkowy-poranek-u-hieronima-a-w-nim-gosc-specjalny-irving-finkel-czesc-druga-rozmowy-z-brytyjskim-filologiem-i-asyriologiem\/","title":{"rendered":"Ksi\u0105\u017ckowy &#8222;Poranek u Hieronima&#8221; &#8211; a w nim go\u015b\u0107 specjalny &#8211; Irving Finkel!\u00a0Cz\u0119\u015b\u0107 druga rozmowy z brytyjskim filologiem i asyriologiem"},"content":{"rendered":"\n<div class=\"wp-block-wpzoom-blocks-social-icons is-style-without-canvas-with-label\" style=\"--wpz-social-icons-block-item-font-size:40px;--wpz-social-icons-block-item-padding-horizontal:15px;--wpz-social-icons-block-item-padding-vertical:10px;--wpz-social-icons-block-item-margin-horizontal:0px;--wpz-social-icons-block-item-margin-vertical:0px;--wpz-social-icons-block-item-border-radius:50px;--wpz-social-icons-block-label-font-size:15px;--wpz-social-icons-block-label-color:inherit;--wpz-social-icons-block-label-color-hover:#f1f1f1;--wpz-social-icons-alignment:center\"><a href=\"https:\/\/www.facebook.com\/wbplublin\/\" class=\"social-icon-link\" title=\"Facebook\" target=\"_blank\" style=\"--wpz-social-icons-block-item-color:#4267b2;--wpz-social-icons-block-item-color-hover:#F89406\" rel=\"noopener\"><span class=\"social-icon socicon socicon-facebook\"><\/span><\/a><a href=\"https:\/\/wbp.lublin.pl\" class=\"social-icon-link\" title=\"WordPress\" target=\"_blank\" style=\"--wpz-social-icons-block-item-color:#1877F2;--wpz-social-icons-block-item-color-hover:#F89406\" rel=\"noopener\"><span class=\"social-icon socicon socicon-wordpress\"><\/span><\/a><a href=\"https:\/\/www.youtube.com\/@wbpwlublinie3710\/\" class=\"social-icon-link\" title=\"Youtube\" target=\"_blank\" style=\"--wpz-social-icons-block-item-color:#ff0000;--wpz-social-icons-block-item-color-hover:#F89406\" rel=\"noopener\"><span class=\"social-icon socicon socicon-youtube\"><\/span><\/a><\/div>\n\n\n\n<p class=\"has-text-align-center wp-block-paragraph\"><strong>Cykliczna audycja internetowa Biblioteki<\/strong><br><strong>Facebook WBP (otwarty dla wszystkich) \u2013 odcinek 148<\/strong><br><strong>26 kwietnia 2023, godz. 10.00<\/strong><\/p>\n\n\n\n<p class=\"has-text-align-center wp-block-paragraph\"><strong>23 kwietnia&nbsp;obchodzili\u015bmy \u015awiatowy Dzie\u0144&nbsp;Ksi\u0105\u017cki&nbsp;i Praw Autorskich<\/strong>. <br><strong>Pozostaj\u0105c w klimacie tego \u015bwi\u0119ta<br>Wojew\u00f3dzka Biblioteka Publiczna im. Hieronima \u0141opaci\u0144skiego w Lublinie <\/strong><br><strong>zaprasza na Ksi\u0105\u017ckowy &#8222;Poranek u Hieronima&#8221;<\/strong><\/p>\n\n\n\n<p class=\"has-text-align-center wp-block-paragraph\"><strong>W programie &#8211; po raz kolejny &#8211; go\u015b\u0107 specjalny, czyli Irving Finkel!<\/strong><\/p>\n\n\n\n<p class=\"has-text-align-center wp-block-paragraph\"><strong>Zapraszamy na drug\u0105 cz\u0119\u015b\u0107 rozmowy z brytyjskim filologiem i asyriologiem<\/strong><\/p>\n\n\n\n<p class=\"wp-block-paragraph\"><strong>Irving Finkel<\/strong>&nbsp;\u2013 brytyjski filolog i asyriolog. Jest asystentem kuratora na Wydziale Bliskiego Wschodu w British Museum, gdzie specjalizuje si\u0119 w tekstach zachowanych na glinianych tabliczkach ze staro\u017cytnej Mezopotamii. Pod jego piecz\u0105 pozostaje oko\u0142o 130 000 tabliczek z pismem klinowym.&nbsp; Jest cz\u0142onkiem honorowym Instytutu Archeologii i Staro\u017cytno\u015bci Uniwersytetu w Birmingham oraz cz\u0142onkiem rady Anglo-Israel Archeology Society.<\/p>\n\n\n\n<p class=\"wp-block-paragraph\"><strong>Z Irvingiem Finkelem rozmawia\u0142a Dorota Mo\u015bcibrodzka<\/strong><\/p>\n\n\n\n<p class=\"wp-block-paragraph\"><strong>T\u0142umaczenie rozmowy i napisy \u2013 Ewa Molik<\/strong><\/p>\n\n\n\n<p class=\"wp-block-paragraph\"><strong>Realizacja nagrania: Marek Janik i Marek Semeniuk<\/strong><\/p>\n\n\n<div class=\"wp-block-image is-style-default\">\n<figure class=\"aligncenter size-full is-resized\"><img data-dominant-color=\"594f3b\" data-has-transparency=\"false\" decoding=\"async\" sizes=\"(max-width: 1920px) 100vw, 1920px\" src=\"https:\/\/wbp.lublin.pl\/wp-content\/uploads\/2023\/04\/IMG_6368-jpg.webp\" alt=\"Irving Finkel poranek u hieronima\" class=\"wp-image-43973 not-transparent\" style=\"--dominant-color: #594f3b; width:480px;height:270px\"\/><\/figure>\n<\/div>\n\n\n<p class=\"has-text-align-center wp-block-paragraph\"><strong>Irving Finkel<\/strong> zwiedzaj\u0105cy <br><strong>Wojew\u00f3dzk\u0105 Bibliotek\u0119 Publiczn\u0105 im. Hieronima \u0141opaci\u0144skiego <\/strong><br><strong>w Lublinie<\/strong><\/p>\n\n\n\n<p class=\"has-text-align-center wp-block-paragraph\">Fot. <br>Dar <strong>Irvinga Finkela<\/strong> dla <strong>Wojew\u00f3dzkiej Biblioteki Publicznej im. Hieronima \u0141opaci\u0144skiego w Lublinie<br>&#8211; William Shakespeare, <em>Hamlet. Prince of Denmark<\/em>, Glasgow 1904 <\/strong>[wydanie miniaturowe, format: 3&#215;5 cm]<\/p>\n\n\n\n<figure class=\"wp-block-gallery has-nested-images columns-default is-cropped wp-block-gallery-1 is-layout-flex wp-block-gallery-is-layout-flex\">\n<figure class=\"wp-block-image size-large is-style-rounded\"><a href=\"https:\/\/wbp.lublin.pl\/wp-content\/uploads\/2023\/04\/Finkel_1-scaled.webp\"><img data-dominant-color=\"8b8182\" data-has-transparency=\"false\" style=\"--dominant-color: #8b8182;\" loading=\"lazy\" decoding=\"async\" width=\"810\" height=\"1080\" sizes=\"auto, (max-width: 810px) 100vw, 810px\" data-id=\"44048\" src=\"https:\/\/wbp.lublin.pl\/wp-content\/uploads\/2023\/04\/Finkel_1-810x1080.webp\" alt=\"\" class=\"wp-image-44048 not-transparent\" srcset=\"https:\/\/wbp.lublin.pl\/wp-content\/uploads\/2023\/04\/Finkel_1-810x1080.webp 810w, https:\/\/wbp.lublin.pl\/wp-content\/uploads\/2023\/04\/Finkel_1-450x600.webp 450w, https:\/\/wbp.lublin.pl\/wp-content\/uploads\/2023\/04\/Finkel_1-300x400.webp 300w, https:\/\/wbp.lublin.pl\/wp-content\/uploads\/2023\/04\/Finkel_1-768x1024.webp 768w, https:\/\/wbp.lublin.pl\/wp-content\/uploads\/2023\/04\/Finkel_1-1152x1536.webp 1152w, https:\/\/wbp.lublin.pl\/wp-content\/uploads\/2023\/04\/Finkel_1-1536x2048.webp 1536w, https:\/\/wbp.lublin.pl\/wp-content\/uploads\/2023\/04\/Finkel_1-947x1263.webp 947w, https:\/\/wbp.lublin.pl\/wp-content\/uploads\/2023\/04\/Finkel_1-624x832.webp 624w, https:\/\/wbp.lublin.pl\/wp-content\/uploads\/2023\/04\/Finkel_1-scaled.webp 1920w\" \/><\/a><\/figure>\n\n\n\n<figure class=\"wp-block-image size-large is-style-rounded\"><a href=\"https:\/\/wbp.lublin.pl\/wp-content\/uploads\/2023\/04\/finkel_2-scaled.webp\"><img data-dominant-color=\"757478\" data-has-transparency=\"false\" style=\"--dominant-color: #757478;\" loading=\"lazy\" decoding=\"async\" width=\"1440\" height=\"1080\" sizes=\"auto, (max-width: 1440px) 100vw, 1440px\" data-id=\"44049\" src=\"https:\/\/wbp.lublin.pl\/wp-content\/uploads\/2023\/04\/finkel_2-1440x1080.webp\" alt=\"\" class=\"wp-image-44049 not-transparent\" srcset=\"https:\/\/wbp.lublin.pl\/wp-content\/uploads\/2023\/04\/finkel_2-1440x1080.webp 1440w, https:\/\/wbp.lublin.pl\/wp-content\/uploads\/2023\/04\/finkel_2-600x450.webp 600w, https:\/\/wbp.lublin.pl\/wp-content\/uploads\/2023\/04\/finkel_2-400x300.webp 400w, https:\/\/wbp.lublin.pl\/wp-content\/uploads\/2023\/04\/finkel_2-768x576.webp 768w, https:\/\/wbp.lublin.pl\/wp-content\/uploads\/2023\/04\/finkel_2-1536x1152.webp 1536w, https:\/\/wbp.lublin.pl\/wp-content\/uploads\/2023\/04\/finkel_2-2048x1536.webp 2048w, https:\/\/wbp.lublin.pl\/wp-content\/uploads\/2023\/04\/finkel_2-947x710.webp 947w, https:\/\/wbp.lublin.pl\/wp-content\/uploads\/2023\/04\/finkel_2-624x468.webp 624w\" \/><\/a><\/figure>\n\n\n\n<figure class=\"wp-block-image size-large is-style-rounded\"><a href=\"https:\/\/wbp.lublin.pl\/wp-content\/uploads\/2023\/04\/finkel_3-scaled.webp\"><img data-dominant-color=\"746e71\" data-has-transparency=\"false\" style=\"--dominant-color: #746e71;\" loading=\"lazy\" decoding=\"async\" width=\"1440\" height=\"1080\" sizes=\"auto, (max-width: 1440px) 100vw, 1440px\" data-id=\"44050\" src=\"https:\/\/wbp.lublin.pl\/wp-content\/uploads\/2023\/04\/finkel_3-1440x1080.webp\" alt=\"\" class=\"wp-image-44050 not-transparent\" srcset=\"https:\/\/wbp.lublin.pl\/wp-content\/uploads\/2023\/04\/finkel_3-1440x1080.webp 1440w, https:\/\/wbp.lublin.pl\/wp-content\/uploads\/2023\/04\/finkel_3-600x450.webp 600w, https:\/\/wbp.lublin.pl\/wp-content\/uploads\/2023\/04\/finkel_3-400x300.webp 400w, https:\/\/wbp.lublin.pl\/wp-content\/uploads\/2023\/04\/finkel_3-768x576.webp 768w, https:\/\/wbp.lublin.pl\/wp-content\/uploads\/2023\/04\/finkel_3-1536x1152.webp 1536w, https:\/\/wbp.lublin.pl\/wp-content\/uploads\/2023\/04\/finkel_3-2048x1536.webp 2048w, https:\/\/wbp.lublin.pl\/wp-content\/uploads\/2023\/04\/finkel_3-947x710.webp 947w, https:\/\/wbp.lublin.pl\/wp-content\/uploads\/2023\/04\/finkel_3-624x468.webp 624w\" \/><\/a><\/figure>\n\n\n\n<figure class=\"wp-block-image size-large is-style-default\"><a href=\"https:\/\/wbp.lublin.pl\/wp-content\/uploads\/2023\/04\/Finkel_4-scaled.webp\"><img data-dominant-color=\"737374\" data-has-transparency=\"false\" style=\"--dominant-color: #737374;\" loading=\"lazy\" decoding=\"async\" width=\"1440\" height=\"1080\" sizes=\"auto, (max-width: 1440px) 100vw, 1440px\" data-id=\"44051\" src=\"https:\/\/wbp.lublin.pl\/wp-content\/uploads\/2023\/04\/Finkel_4-1440x1080.webp\" alt=\"\" class=\"wp-image-44051 not-transparent\" srcset=\"https:\/\/wbp.lublin.pl\/wp-content\/uploads\/2023\/04\/Finkel_4-1440x1080.webp 1440w, https:\/\/wbp.lublin.pl\/wp-content\/uploads\/2023\/04\/Finkel_4-600x450.webp 600w, https:\/\/wbp.lublin.pl\/wp-content\/uploads\/2023\/04\/Finkel_4-400x300.webp 400w, https:\/\/wbp.lublin.pl\/wp-content\/uploads\/2023\/04\/Finkel_4-768x576.webp 768w, https:\/\/wbp.lublin.pl\/wp-content\/uploads\/2023\/04\/Finkel_4-1536x1152.webp 1536w, https:\/\/wbp.lublin.pl\/wp-content\/uploads\/2023\/04\/Finkel_4-2048x1536.webp 2048w, https:\/\/wbp.lublin.pl\/wp-content\/uploads\/2023\/04\/Finkel_4-947x710.webp 947w, https:\/\/wbp.lublin.pl\/wp-content\/uploads\/2023\/04\/Finkel_4-624x468.webp 624w\" \/><\/a><\/figure>\n<\/figure>\n\n\n\n<p class=\"wp-block-paragraph\">Odcinki archiwalne s\u0105 dost\u0119pne na kanale YouTube Biblioteki<\/p>\n\n\n\n<figure class=\"wp-block-embed is-type-video is-provider-youtube wp-block-embed-youtube wp-embed-aspect-16-9 wp-has-aspect-ratio\"><div class=\"wp-block-embed__wrapper\">\n<iframe loading=\"lazy\" title=\"Poranek u Hieronima - odc. 148\" width=\"887\" height=\"499\" src=\"https:\/\/www.youtube.com\/embed\/aLIF51VNqBw?feature=oembed\" frameborder=\"0\" allow=\"accelerometer; autoplay; clipboard-write; encrypted-media; gyroscope; picture-in-picture; web-share\" referrerpolicy=\"strict-origin-when-cross-origin\" allowfullscreen><\/iframe>\n<\/div><\/figure>\n\n\n\n<p class=\"has-text-align-center wp-block-paragraph\">Zapraszamy!<\/p>\n\n\n\n<p class=\"has-text-align-right wp-block-paragraph\"><em>Dzia\u0142 Informacji i Promocji<\/em><\/p>\n","protected":false},"excerpt":{"rendered":"<p>26 kwietnia 2023, godz. 10.00<br \/>\nFacebook WBP (otwarty dla wszystkich)<\/p>\n","protected":false},"author":7,"featured_media":44051,"comment_status":"closed","ping_status":"closed","sticky":false,"template":"","format":"standard","meta":{"_tec_requires_first_save":true,"_crdt_document":"","pgc_sgb_lightbox_settings":"","_EventAllDay":false,"_EventTimezone":"","_EventStartDate":"","_EventEndDate":"","_EventStartDateUTC":"","_EventEndDateUTC":"","_EventShowMap":false,"_EventShowMapLink":false,"_EventURL":"","_EventCost":"","_EventCostDescription":"","_EventCurrencySymbol":"","_EventCurrencyCode":"","_EventCurrencyPosition":"","_EventDateTimeSeparator":"","_EventTimeRangeSeparator":"","_EventOrganizerID":[],"_EventVenueID":[],"_OrganizerEmail":"","_OrganizerPhone":"","_OrganizerWebsite":"","_VenueAddress":"","_VenueCity":"","_VenueCountry":"","_VenueProvince":"","_VenueState":"","_VenueZip":"","_VenuePhone":"","_VenueURL":"","_VenueStateProvince":"","_VenueLat":"","_VenueLng":"","_VenueShowMap":false,"_VenueShowMapLink":false,"_tribe_blocks_recurrence_rules":"","_tribe_blocks_recurrence_description":"","_tribe_blocks_recurrence_exclusions":"","footnotes":""},"categories":[679,638,537,10],"tags":[],"class_list":["post-44036","post","type-post","status-publish","format-standard","has-post-thumbnail","hentry","category-rok-2023","category-poranek-u-hieronima","category-archiwum-wydarzen","category-aktualnosci"],"publishpress_future_action":{"enabled":false,"date":"2026-05-06 11:45:02","action":"change-status","newStatus":"draft","terms":[],"taxonomy":"category","extraData":[]},"publishpress_future_workflow_manual_trigger":{"enabledWorkflows":[]},"_links":{"self":[{"href":"https:\/\/wbp.lublin.pl\/index.php\/wp-json\/wp\/v2\/posts\/44036","targetHints":{"allow":["GET"]}}],"collection":[{"href":"https:\/\/wbp.lublin.pl\/index.php\/wp-json\/wp\/v2\/posts"}],"about":[{"href":"https:\/\/wbp.lublin.pl\/index.php\/wp-json\/wp\/v2\/types\/post"}],"author":[{"embeddable":true,"href":"https:\/\/wbp.lublin.pl\/index.php\/wp-json\/wp\/v2\/users\/7"}],"replies":[{"embeddable":true,"href":"https:\/\/wbp.lublin.pl\/index.php\/wp-json\/wp\/v2\/comments?post=44036"}],"version-history":[{"count":22,"href":"https:\/\/wbp.lublin.pl\/index.php\/wp-json\/wp\/v2\/posts\/44036\/revisions"}],"predecessor-version":[{"id":78755,"href":"https:\/\/wbp.lublin.pl\/index.php\/wp-json\/wp\/v2\/posts\/44036\/revisions\/78755"}],"wp:featuredmedia":[{"embeddable":true,"href":"https:\/\/wbp.lublin.pl\/index.php\/wp-json\/wp\/v2\/media\/44051"}],"wp:attachment":[{"href":"https:\/\/wbp.lublin.pl\/index.php\/wp-json\/wp\/v2\/media?parent=44036"}],"wp:term":[{"taxonomy":"category","embeddable":true,"href":"https:\/\/wbp.lublin.pl\/index.php\/wp-json\/wp\/v2\/categories?post=44036"},{"taxonomy":"post_tag","embeddable":true,"href":"https:\/\/wbp.lublin.pl\/index.php\/wp-json\/wp\/v2\/tags?post=44036"}],"curies":[{"name":"wp","href":"https:\/\/api.w.org\/{rel}","templated":true}]}}