{"id":44128,"date":"2023-05-04T10:30:19","date_gmt":"2023-05-04T08:30:19","guid":{"rendered":"https:\/\/wbp.lublin.pl\/?p=44128"},"modified":"2023-05-11T07:49:27","modified_gmt":"2023-05-11T05:49:27","slug":"spotkanie-z-arturem-barcisiem","status":"publish","type":"post","link":"https:\/\/wbp.lublin.pl\/index.php\/2023\/05\/04\/spotkanie-z-arturem-barcisiem\/","title":{"rendered":"Spotkanie z Arturem Barcisiem"},"content":{"rendered":"\n<p class=\"has-text-align-center wp-block-paragraph\"><strong>Wojew\u00f3dzka Biblioteka Publiczna<\/strong> <br><strong>im. Hieronima \u0141opaci\u0144skiego w Lublinie<\/strong>  <br>oraz <br><strong>Dyskusyjny Klub Ksi\u0105\u017cki<\/strong><\/p>\n\n\n\n<p class=\"has-text-align-center wp-block-paragraph\">zapraszaj\u0105 na spotkanie autorskie <br>9 maja (wtorek) 2023 r. o godzinie 17.00 <br>Galeria Biblioteki WBP <br>Go\u015bciem spotkania b\u0119dzie  <br><strong>Artur Barci\u015b<\/strong><br>Rozmow\u0119 poprowadzi Lidia G\u0142\u0119bicka <\/p>\n\n\n<div class=\"wp-block-image\">\n<figure class=\"aligncenter size-large\"><img data-dominant-color=\"a498a7\" data-has-transparency=\"false\" style=\"--dominant-color: #a498a7;\" loading=\"lazy\" decoding=\"async\" width=\"722\" height=\"1080\" sizes=\"auto, (max-width: 722px) 100vw, 722px\" src=\"https:\/\/wbp.lublin.pl\/wp-content\/uploads\/2023\/05\/baRCIS-FOTO-722x1080.webp\" alt=\"Artur Barci\u015b\" class=\"wp-image-44140 not-transparent\" srcset=\"https:\/\/wbp.lublin.pl\/wp-content\/uploads\/2023\/05\/baRCIS-FOTO-722x1080.webp 722w, https:\/\/wbp.lublin.pl\/wp-content\/uploads\/2023\/05\/baRCIS-FOTO-401x600.webp 401w, https:\/\/wbp.lublin.pl\/wp-content\/uploads\/2023\/05\/baRCIS-FOTO-267x400.webp 267w, https:\/\/wbp.lublin.pl\/wp-content\/uploads\/2023\/05\/baRCIS-FOTO-768x1149.webp 768w, https:\/\/wbp.lublin.pl\/wp-content\/uploads\/2023\/05\/baRCIS-FOTO-624x934.webp 624w, https:\/\/wbp.lublin.pl\/wp-content\/uploads\/2023\/05\/baRCIS-FOTO.webp 933w\" \/><figcaption class=\"wp-element-caption\">Artur Barci\u015b<\/figcaption><\/figure>\n<\/div>\n\n\n<p class=\"wp-block-paragraph\">Artur Barci\u015b &#8211; aktor teatralny, filmowy, radiowy i dubbingowy. Absolwent Pa\u0144stwowej Wy\u017cszej Szko\u0142y Filmowej i Teatralnej im. Leona Schillera w \u0141odzi, gdzie w 1978 roku zadebiutowa\u0142 rol\u0105 Dziennikarza w&nbsp;<em>Weselu<\/em>&nbsp;Stanis\u0142awa Wyspia\u0144skiego w re\u017c. Jana Zdrojewskiego. &nbsp;Artystycznie zwi\u0105zany z warszawskimi scenami: Teatrem na Targ\u00f3wku, Teatrem Narodowym, Teatrem Ateneum oraz Och-Teatrem. Do jego wa\u017cniejszych r\u00f3l teatralnych nale\u017c\u0105: Czarne Tango w <em>Przekl\u0119tym Tangu<\/em> Manuela Puiga w re\u017c. Leny Szurmiej w Teatrze Ateneum, Lejzorek w <em>Burzliwym \u017cyciu Lejzorka<\/em> Ilii Erenburga w re\u017c. Macieja Wojtyszki i Waldemara \u015amigasiewicza w Teatrze Ateneum, Amos Hart w <em>Chicago<\/em> Johna Kandera w re\u017c. Krzysztofa Jasi\u0144skiego w Teatrze Komedia, a tak\u017ce Hitler w <em>Mein Kampf<\/em> George\u2019a Tabori w re\u017c. Roberta Gli\u0144skiego w Teatrze Ateneum. &nbsp;Jako re\u017cyser stworzy\u0142 takie spektakle jak: <em>Trzy razy Piaf&nbsp; <\/em>wg w\u0142asnego scenariusza i <em>Kofta <\/em>Jonasza Kofty w Teatrze Ateneum oraz <em>Taka noc nie powt\u00f3rzy si\u0119 nigdy<\/em> Kacpera Stefanowicza w Teatrze Syrena w Warszawie. W Teatrze Telewizji wyst\u0105pi\u0142 m.in. w <em>Amadeuszu<\/em> Petera Schaffera w re\u017c. Macieja Wojtyszki, <em>Cezarze i<\/em> <em>Pompejuszu<\/em> Henri de Montherlanta w re\u017c. Jerzego Antczaka, <em>Domu otwartym<\/em> Micha\u0142a Ba\u0142uckiego w re\u017c. Micha\u0142a Kwieci\u0144skiego czy <em>Skrzywdzonych i poni\u017conych<\/em> Fiodora Dostojewskiego w re\u017c. Izabelli Cywi\u0144skiej. Jego filmowym debiutem by\u0142o <em>Do ostatniej krwi <\/em>Jerzego Hoffmana, z kt\u00f3rym wsp\u00f3\u0142pracowa\u0142 p\u00f3\u017aniej tak\u017ce przy <em>Znachorze<\/em>. Swoj\u0105 pierwsz\u0105 g\u0142\u00f3wn\u0105 rol\u0119 filmow\u0105 zagra\u0142 w serialu <em>Odlot<\/em> Janusza Dymka. <br>W 1984 r. po raz pierwszy zagra\u0142 u Krzysztofa Kie\u015blowskiego w <em>Bez ko\u0144ca<\/em>, wyst\u0119puj\u0105c potem w znacz\u0105cych epizodach w niemal wszystkich cz\u0119\u015bciach <em>Dekalogu<\/em>.<\/p>\n\n\n\n<p class=\"wp-block-paragraph\">Do jego wa\u017cniejszych r\u00f3l nale\u017cy tak\u017ce kreacja w <em>\u017byciu za \u017cycie<\/em> w re\u017c. Krzysztofa Zanussiego oraz <em>Braciszek <\/em>w re\u017c. Andrzeja Bara\u0144skiego. Jest laureatem wielu presti\u017cowych nagr\u00f3d, nominacji i wyr\u00f3\u017cnie\u0144 w tym m.in. Nagrody dla Najlepszego Aktora Pierwszoplanowego za rol\u0119 tytu\u0142ow\u0105 w filmie <em>Kontroler<\/em> Petera Vogta na Mi\u0119dzynarodowym Festiwalu Filmowym Down Under w Australii w 2003 roku , Nagrody Dziennikarzy na Przegl\u0105dzie Film\u00f3w Kina Niezale\u017cnego OFFensiva we Wroc\u0142awiu w 2004 roku, nominacji do Telekamery dla Najlepszego Aktora w 2005 roku oraz do Z\u0142otej Kaczki w kategorii Najlepszy Aktor za rol\u0119 w filmie <em>Galerianki <\/em>w 2009 roku. Jako re\u017cyser teatralny otrzyma\u0142 Z\u0142ot\u0105 Mask\u0119 za spektakl <em>Jab\u0142ko, <\/em>kt\u00f3ry zrealizowa\u0142 w Teatrze \u017belaznym w Katowicach w 2018 roku. Jest tak\u017ce laureatem I Nagrody Przegl\u0105du Piosenki Aktorskiej we Wroc\u0142awiu z 1980 roku.<\/p>\n\n\n\n<p class=\"wp-block-paragraph\">Serca publiczno\u015bci podbi\u0142y jego role w serialach <em>Miodowe lata<\/em> i <em>Ranczo<\/em>.<\/p>\n\n\n\n<p class=\"wp-block-paragraph\">W Och-Teatrze mo\u017cemy ogl\u0105da\u0107 kilka przedstawie\u0144 z jego udzia\u0142em: <em>Mayday<\/em> oraz <em>Mayday 2 <\/em>Ray\u2019a Cooney\u2019a w re\u017c. Krystyny Jandy czy w <em>Zem\u015bcie<\/em> Aleksandra Fredry w re\u017c. Waldemara \u015amigasiewicza.<\/p>\n\n\n\n<p class=\"wp-block-paragraph\">Spotkanie odb\u0119dzie si\u0119 w ramach XX Tygodnia Bibliotek<\/p>\n\n\n<div class=\"wp-block-image\">\n<figure class=\"aligncenter size-full\"><img data-dominant-color=\"e9dbdd\" data-has-transparency=\"false\" style=\"--dominant-color: #e9dbdd;\" decoding=\"async\" sizes=\"(max-width: 1920px) 100vw, 1920px\" src=\"https:\/\/wbp.lublin.pl\/wp-content\/uploads\/2023\/05\/DKK-LOGO-BELKA-jpg.webp\" alt=\"DKK LOGO BELKA\" class=\"wp-image-44143 not-transparent\"\/><\/figure>\n<\/div>\n\n<div class=\"wp-block-image\">\n<figure class=\"aligncenter size-full\"><img data-dominant-color=\"e5b1b8\" data-has-transparency=\"false\" style=\"--dominant-color: #e5b1b8;\" decoding=\"async\" sizes=\"(max-width: 480px) 100vw, 480px\" src=\"https:\/\/wbp.lublin.pl\/wp-content\/uploads\/2023\/05\/wojewodztwo-lubelskie-logo-belka-jpg.webp\" alt=\"wojew\u00f3dztwo lubelskie logo belka\" class=\"wp-image-44144 not-transparent\"\/><\/figure>\n<\/div>\n\n<div class=\"wp-block-image\">\n<figure class=\"aligncenter size-medium\"><img data-dominant-color=\"f1e1e3\" data-has-transparency=\"false\" style=\"--dominant-color: #f1e1e3;\" decoding=\"async\" sizes=\"(max-width: 600px) 100vw, 600px\" src=\"https:\/\/wbp.lublin.pl\/wp-content\/uploads\/2023\/05\/lubelskie-smakuj-zycie-logo-300x184.png\" alt=\"lubelskie smakuj \u017cycie logo\" class=\"wp-image-44147 not-transparent\"\/><\/figure>\n<\/div>","protected":false},"excerpt":{"rendered":"<p>Wojew\u00f3dzka Biblioteka Publiczna im. Hieronima \u0141opaci\u0144skiego w Lublinie oraz Dyskusyjny Klub Ksi\u0105\u017cki zapraszaj\u0105 na spotkanie autorskie 9 maja (wtorek) 2023 r. o godzinie 17.00 Galeria Biblioteki WBP Go\u015bciem spotkania b\u0119dzie [&hellip;]<\/p>\n","protected":false},"author":18,"featured_media":44091,"comment_status":"closed","ping_status":"closed","sticky":false,"template":"","format":"standard","meta":{"_tec_requires_first_save":true,"_crdt_document":"","pgc_sgb_lightbox_settings":"","_EventAllDay":false,"_EventTimezone":"","_EventStartDate":"","_EventEndDate":"","_EventStartDateUTC":"","_EventEndDateUTC":"","_EventShowMap":false,"_EventShowMapLink":false,"_EventURL":"","_EventCost":"","_EventCostDescription":"","_EventCurrencySymbol":"","_EventCurrencyCode":"","_EventCurrencyPosition":"","_EventDateTimeSeparator":"","_EventTimeRangeSeparator":"","_EventOrganizerID":[],"_EventVenueID":[],"_OrganizerEmail":"","_OrganizerPhone":"","_OrganizerWebsite":"","_VenueAddress":"","_VenueCity":"","_VenueCountry":"","_VenueProvince":"","_VenueState":"","_VenueZip":"","_VenuePhone":"","_VenueURL":"","_VenueStateProvince":"","_VenueLat":"","_VenueLng":"","_VenueShowMap":false,"_VenueShowMapLink":false,"_tribe_blocks_recurrence_rules":"","_tribe_blocks_recurrence_description":"","_tribe_blocks_recurrence_exclusions":"","footnotes":""},"categories":[679,537],"tags":[],"class_list":["post-44128","post","type-post","status-publish","format-standard","has-post-thumbnail","hentry","category-rok-2023","category-archiwum-wydarzen"],"publishpress_future_action":{"enabled":false,"date":"2026-05-06 17:27:31","action":"change-status","newStatus":"draft","terms":[],"taxonomy":"category","extraData":[]},"publishpress_future_workflow_manual_trigger":{"enabledWorkflows":[]},"_links":{"self":[{"href":"https:\/\/wbp.lublin.pl\/index.php\/wp-json\/wp\/v2\/posts\/44128","targetHints":{"allow":["GET"]}}],"collection":[{"href":"https:\/\/wbp.lublin.pl\/index.php\/wp-json\/wp\/v2\/posts"}],"about":[{"href":"https:\/\/wbp.lublin.pl\/index.php\/wp-json\/wp\/v2\/types\/post"}],"author":[{"embeddable":true,"href":"https:\/\/wbp.lublin.pl\/index.php\/wp-json\/wp\/v2\/users\/18"}],"replies":[{"embeddable":true,"href":"https:\/\/wbp.lublin.pl\/index.php\/wp-json\/wp\/v2\/comments?post=44128"}],"version-history":[{"count":12,"href":"https:\/\/wbp.lublin.pl\/index.php\/wp-json\/wp\/v2\/posts\/44128\/revisions"}],"predecessor-version":[{"id":44148,"href":"https:\/\/wbp.lublin.pl\/index.php\/wp-json\/wp\/v2\/posts\/44128\/revisions\/44148"}],"wp:featuredmedia":[{"embeddable":true,"href":"https:\/\/wbp.lublin.pl\/index.php\/wp-json\/wp\/v2\/media\/44091"}],"wp:attachment":[{"href":"https:\/\/wbp.lublin.pl\/index.php\/wp-json\/wp\/v2\/media?parent=44128"}],"wp:term":[{"taxonomy":"category","embeddable":true,"href":"https:\/\/wbp.lublin.pl\/index.php\/wp-json\/wp\/v2\/categories?post=44128"},{"taxonomy":"post_tag","embeddable":true,"href":"https:\/\/wbp.lublin.pl\/index.php\/wp-json\/wp\/v2\/tags?post=44128"}],"curies":[{"name":"wp","href":"https:\/\/api.w.org\/{rel}","templated":true}]}}