{"id":44214,"date":"2023-05-09T12:58:48","date_gmt":"2023-05-09T10:58:48","guid":{"rendered":"https:\/\/wbp.lublin.pl\/?p=44214"},"modified":"2023-05-11T07:41:29","modified_gmt":"2023-05-11T05:41:29","slug":"promocja-ksiazki-dr-hab-ewy-glazewskiej-i-prof-dr-hab-malgorzaty-karwatowskiej-humor-w-czasach-zarazy","status":"publish","type":"post","link":"https:\/\/wbp.lublin.pl\/index.php\/2023\/05\/09\/promocja-ksiazki-dr-hab-ewy-glazewskiej-i-prof-dr-hab-malgorzaty-karwatowskiej-humor-w-czasach-zarazy\/","title":{"rendered":"Promocja ksi\u0105\u017cki dr hab. Ewy G\u0142a\u017cewskiej i prof. dr hab. Ma\u0142gorzaty Karwatowskiej \u201eHumor w czasach zarazy\u201d"},"content":{"rendered":"\n<p class=\"has-text-align-center wp-block-paragraph\">Wojew\u00f3dzka Biblioteka Publiczna <br>im. Hieronima \u0141opaci\u0144skiego w Lublinie<\/p>\n\n\n\n<p class=\"has-text-align-center wp-block-paragraph\">zaprasza na promocj\u0119 ksi\u0105\u017cki dr hab. Ewy G\u0142a\u017cewskiej i prof. dr hab. Ma\u0142gorzaty Karwatowskiej <br><em>\u201eHumor w czasach zarazy<\/em>\u201d (Lublin, 2023)<\/p>\n\n\n\n<p class=\"wp-block-paragraph\"><\/p>\n\n\n<div class=\"wp-block-image\">\n<figure class=\"aligncenter size-full is-resized\"><img data-dominant-color=\"c27185\" data-has-transparency=\"false\" style=\"--dominant-color: #c27185;\" loading=\"lazy\" decoding=\"async\" sizes=\"auto, (max-width: 826px) 100vw, 826px\" src=\"https:\/\/wbp.lublin.pl\/wp-content\/uploads\/2023\/05\/humor-w-czasach-zarazy-b-iext127514887-jpg.webp\" alt=\"\" class=\"wp-image-44223 not-transparent\" width=\"413\" height=\"536\"\/><\/figure>\n<\/div>\n\n\n<p class=\"has-text-align-center wp-block-paragraph\">Spotkanie odb\u0119dzie si\u0119 <strong>10 maja (\u015broda) 2023 r. o godzinie 17.00<\/strong> <br>Galeria Biblioteki<\/p>\n\n\n\n<p class=\"has-text-align-center wp-block-paragraph\">Wst\u0119p wolny<\/p>\n\n\n\n<p class=\"has-text-align-center wp-block-paragraph\">Spotkanie poprowadzi Dorota Mo\u015bcibrodzka<\/p>\n\n\n\n<p class=\"has-text-align-center wp-block-paragraph\">Spotkanie odb\u0119dzie si\u0119 w ramach XX Tygodnia Bibliotek<\/p>\n\n\n\n<p class=\"wp-block-paragraph\"><strong>Ma\u0142gorzata Karwatowska<\/strong> \u2013 &nbsp;prof. dr hab., kierownik Katedry Edukacji Polonistycznej UMCS. Autorka ponad 200 publikacji (w tym 8 monografii) po\u015bwi\u0119conych j\u0119zykowemu obrazowi \u015bwiata utrwalonemu w tekstach m\u0142odzie\u017cy (zw\u0142aszcza rozumieniu poj\u0119\u0107 aksjologicznych), lingwistyce p\u0142ci, etyce s\u0142owa oraz dydaktyce szkolnej i uniwersyteckiej.<\/p>\n\n\n\n<p class=\"wp-block-paragraph\"><strong>Ewa G\u0142a\u017cewska<\/strong> \u2013 dr hab. , prof. UMCS, dyrektor Instytutu Nauk o Kulturze UMCS. Autorka kilkudziesi\u0119ciu publikacji (w tym 3 monografii) z zakresu antropologii spo\u0142eczno- kulturowej, kulturoznawstwa i komunikacji mi\u0119dzykulturowej; wsp\u00f3\u0142autorka podr\u0119cznika akademickiego po\u015bwi\u0119conego komunikacji niewerbalnej.<\/p>\n","protected":false},"excerpt":{"rendered":"<p>Wojew\u00f3dzka Biblioteka Publiczna im. Hieronima \u0141opaci\u0144skiego w Lublinie zaprasza na promocj\u0119 ksi\u0105\u017cki dr hab. Ewy G\u0142a\u017cewskiej i prof. dr hab. Ma\u0142gorzaty Karwatowskiej \u201eHumor w czasach zarazy\u201d (Lublin, 2023) Spotkanie odb\u0119dzie [&hellip;]<\/p>\n","protected":false},"author":21,"featured_media":44223,"comment_status":"closed","ping_status":"closed","sticky":false,"template":"","format":"standard","meta":{"_tec_requires_first_save":true,"_crdt_document":"","pgc_sgb_lightbox_settings":"","_EventAllDay":false,"_EventTimezone":"","_EventStartDate":"","_EventEndDate":"","_EventStartDateUTC":"","_EventEndDateUTC":"","_EventShowMap":false,"_EventShowMapLink":false,"_EventURL":"","_EventCost":"","_EventCostDescription":"","_EventCurrencySymbol":"","_EventCurrencyCode":"","_EventCurrencyPosition":"","_EventDateTimeSeparator":"","_EventTimeRangeSeparator":"","_EventOrganizerID":[],"_EventVenueID":[],"_OrganizerEmail":"","_OrganizerPhone":"","_OrganizerWebsite":"","_VenueAddress":"","_VenueCity":"","_VenueCountry":"","_VenueProvince":"","_VenueState":"","_VenueZip":"","_VenuePhone":"","_VenueURL":"","_VenueStateProvince":"","_VenueLat":"","_VenueLng":"","_VenueShowMap":false,"_VenueShowMapLink":false,"_tribe_blocks_recurrence_rules":"","_tribe_blocks_recurrence_description":"","_tribe_blocks_recurrence_exclusions":"","footnotes":""},"categories":[679,537],"tags":[],"class_list":["post-44214","post","type-post","status-publish","format-standard","has-post-thumbnail","hentry","category-rok-2023","category-archiwum-wydarzen"],"publishpress_future_action":{"enabled":false,"date":"2026-05-06 11:45:04","action":"change-status","newStatus":"draft","terms":[],"taxonomy":"category","extraData":[]},"publishpress_future_workflow_manual_trigger":{"enabledWorkflows":[]},"_links":{"self":[{"href":"https:\/\/wbp.lublin.pl\/index.php\/wp-json\/wp\/v2\/posts\/44214","targetHints":{"allow":["GET"]}}],"collection":[{"href":"https:\/\/wbp.lublin.pl\/index.php\/wp-json\/wp\/v2\/posts"}],"about":[{"href":"https:\/\/wbp.lublin.pl\/index.php\/wp-json\/wp\/v2\/types\/post"}],"author":[{"embeddable":true,"href":"https:\/\/wbp.lublin.pl\/index.php\/wp-json\/wp\/v2\/users\/21"}],"replies":[{"embeddable":true,"href":"https:\/\/wbp.lublin.pl\/index.php\/wp-json\/wp\/v2\/comments?post=44214"}],"version-history":[{"count":8,"href":"https:\/\/wbp.lublin.pl\/index.php\/wp-json\/wp\/v2\/posts\/44214\/revisions"}],"predecessor-version":[{"id":44244,"href":"https:\/\/wbp.lublin.pl\/index.php\/wp-json\/wp\/v2\/posts\/44214\/revisions\/44244"}],"wp:featuredmedia":[{"embeddable":true,"href":"https:\/\/wbp.lublin.pl\/index.php\/wp-json\/wp\/v2\/media\/44223"}],"wp:attachment":[{"href":"https:\/\/wbp.lublin.pl\/index.php\/wp-json\/wp\/v2\/media?parent=44214"}],"wp:term":[{"taxonomy":"category","embeddable":true,"href":"https:\/\/wbp.lublin.pl\/index.php\/wp-json\/wp\/v2\/categories?post=44214"},{"taxonomy":"post_tag","embeddable":true,"href":"https:\/\/wbp.lublin.pl\/index.php\/wp-json\/wp\/v2\/tags?post=44214"}],"curies":[{"name":"wp","href":"https:\/\/api.w.org\/{rel}","templated":true}]}}