{"id":44234,"date":"2023-05-10T12:15:51","date_gmt":"2023-05-10T10:15:51","guid":{"rendered":"https:\/\/wbp.lublin.pl\/?p=44234"},"modified":"2023-05-12T07:18:03","modified_gmt":"2023-05-12T05:18:03","slug":"promocja-ksiazki-marii-trzaskowskiej-ziemianie-w-tyglu-historii","status":"publish","type":"post","link":"https:\/\/wbp.lublin.pl\/index.php\/2023\/05\/10\/promocja-ksiazki-marii-trzaskowskiej-ziemianie-w-tyglu-historii\/","title":{"rendered":"Promocja ksi\u0105\u017cki Marii Trzaskowskiej \u201eZiemianie w tyglu historii\u201d"},"content":{"rendered":"\n<p class=\"has-text-align-center wp-block-paragraph\">Wojew\u00f3dzka Biblioteka Publiczna<br>im. Hieronima \u0141opaci\u0144skiego w Lublinie<\/p>\n\n\n\n<p class=\"has-text-align-center wp-block-paragraph\">zaprasza na promocj\u0119 ksi\u0105\u017cki Marii Magdaleny Trzaskowskiej \u201eZiemianie w tyglu historii\u201d (\u0141omianki, 2021)<\/p>\n\n\n\n<p class=\"wp-block-paragraph\"><\/p>\n\n\n<div class=\"wp-block-image\">\n<figure class=\"aligncenter size-large is-resized\"><img data-dominant-color=\"734b47\" data-has-transparency=\"false\" style=\"--dominant-color: #734b47;\" loading=\"lazy\" decoding=\"async\" sizes=\"auto, (max-width: 762px) 100vw, 762px\" src=\"https:\/\/wbp.lublin.pl\/wp-content\/uploads\/2023\/05\/1-1-762x1080.webp\" alt=\"\" class=\"wp-image-44235 not-transparent\" width=\"381\" height=\"540\" srcset=\"https:\/\/wbp.lublin.pl\/wp-content\/uploads\/2023\/05\/1-1-762x1080.webp 762w, https:\/\/wbp.lublin.pl\/wp-content\/uploads\/2023\/05\/1-1-424x600.webp 424w, https:\/\/wbp.lublin.pl\/wp-content\/uploads\/2023\/05\/1-1-282x400.webp 282w, https:\/\/wbp.lublin.pl\/wp-content\/uploads\/2023\/05\/1-1-768x1088.webp 768w, https:\/\/wbp.lublin.pl\/wp-content\/uploads\/2023\/05\/1-1-1084x1536.webp 1084w, https:\/\/wbp.lublin.pl\/wp-content\/uploads\/2023\/05\/1-1-1446x2048.webp 1446w, https:\/\/wbp.lublin.pl\/wp-content\/uploads\/2023\/05\/1-1-947x1342.webp 947w, https:\/\/wbp.lublin.pl\/wp-content\/uploads\/2023\/05\/1-1-624x884.webp 624w, https:\/\/wbp.lublin.pl\/wp-content\/uploads\/2023\/05\/1-1-scaled.webp 1807w\" \/><\/figure>\n<\/div>\n\n\n<p class=\"has-text-align-center wp-block-paragraph\">Spotkanie odb\u0119dzie si\u0119 <strong>11 maja (czwartek) 2023 r. o godzinie 16.00<\/strong><br>Galeria Biblioteki <\/p>\n\n\n\n<p class=\"has-text-align-center wp-block-paragraph\">Spotkanie poprowadzi dr Grzegorz Figiel<\/p>\n\n\n\n<p class=\"has-text-align-center wp-block-paragraph\">Wst\u0119p wolny<\/p>\n\n\n\n<p class=\"has-text-align-center wp-block-paragraph\">Spotkanie odb\u0119dzie si\u0119 w ramach XX Og\u00f3lnopolskiego Tygodnia Bibliotek<\/p>\n\n\n\n<p class=\"has-text-align-center wp-block-paragraph\">Wydarzenie b\u0119dzie r\u00f3wnie\u017c transmitowane na Facebooku WBP<\/p>\n\n\n\n<figure class=\"wp-block-gallery aligncenter has-nested-images columns-default is-cropped wp-block-gallery-1 is-layout-flex wp-block-gallery-is-layout-flex\">\n<figure class=\"wp-block-image size-full\"><a href=\"https:\/\/wbp.lublin.pl\/wp-content\/uploads\/2023\/05\/2-1-scaled.webp\"><img data-dominant-color=\"802b28\" data-has-transparency=\"false\" style=\"--dominant-color: #802b28;\" loading=\"lazy\" decoding=\"async\" width=\"1837\" height=\"2560\" sizes=\"auto, (max-width: 1837px) 100vw, 1837px\" data-id=\"44236\" src=\"https:\/\/wbp.lublin.pl\/wp-content\/uploads\/2023\/05\/2-1-scaled.webp\" alt=\"\" class=\"wp-image-44236 not-transparent\" srcset=\"https:\/\/wbp.lublin.pl\/wp-content\/uploads\/2023\/05\/2-1-scaled.webp 1837w, https:\/\/wbp.lublin.pl\/wp-content\/uploads\/2023\/05\/2-1-431x600.webp 431w, https:\/\/wbp.lublin.pl\/wp-content\/uploads\/2023\/05\/2-1-775x1080.webp 775w, https:\/\/wbp.lublin.pl\/wp-content\/uploads\/2023\/05\/2-1-287x400.webp 287w, https:\/\/wbp.lublin.pl\/wp-content\/uploads\/2023\/05\/2-1-768x1070.webp 768w, https:\/\/wbp.lublin.pl\/wp-content\/uploads\/2023\/05\/2-1-1102x1536.webp 1102w, https:\/\/wbp.lublin.pl\/wp-content\/uploads\/2023\/05\/2-1-1470x2048.webp 1470w, https:\/\/wbp.lublin.pl\/wp-content\/uploads\/2023\/05\/2-1-947x1320.webp 947w, https:\/\/wbp.lublin.pl\/wp-content\/uploads\/2023\/05\/2-1-624x869.webp 624w\" \/><\/a><\/figure>\n<\/figure>\n","protected":false},"excerpt":{"rendered":"<p>Wojew\u00f3dzka Biblioteka Publicznaim. Hieronima \u0141opaci\u0144skiego w Lublinie zaprasza na promocj\u0119 ksi\u0105\u017cki Marii Magdaleny Trzaskowskiej \u201eZiemianie w tyglu historii\u201d (\u0141omianki, 2021) Spotkanie odb\u0119dzie si\u0119 11 maja (czwartek) 2023 r. o godzinie [&hellip;]<\/p>\n","protected":false},"author":21,"featured_media":44235,"comment_status":"closed","ping_status":"closed","sticky":false,"template":"","format":"standard","meta":{"_tec_requires_first_save":true,"_crdt_document":"","pgc_sgb_lightbox_settings":"","_EventAllDay":false,"_EventTimezone":"","_EventStartDate":"","_EventEndDate":"","_EventStartDateUTC":"","_EventEndDateUTC":"","_EventShowMap":false,"_EventShowMapLink":false,"_EventURL":"","_EventCost":"","_EventCostDescription":"","_EventCurrencySymbol":"","_EventCurrencyCode":"","_EventCurrencyPosition":"","_EventDateTimeSeparator":"","_EventTimeRangeSeparator":"","_EventOrganizerID":[],"_EventVenueID":[],"_OrganizerEmail":"","_OrganizerPhone":"","_OrganizerWebsite":"","_VenueAddress":"","_VenueCity":"","_VenueCountry":"","_VenueProvince":"","_VenueState":"","_VenueZip":"","_VenuePhone":"","_VenueURL":"","_VenueStateProvince":"","_VenueLat":"","_VenueLng":"","_VenueShowMap":false,"_VenueShowMapLink":false,"_tribe_blocks_recurrence_rules":"","_tribe_blocks_recurrence_description":"","_tribe_blocks_recurrence_exclusions":"","footnotes":""},"categories":[679,537],"tags":[],"class_list":["post-44234","post","type-post","status-publish","format-standard","has-post-thumbnail","hentry","category-rok-2023","category-archiwum-wydarzen"],"publishpress_future_action":{"enabled":false,"date":"2026-05-06 11:43:50","action":"change-status","newStatus":"draft","terms":[],"taxonomy":"category","extraData":[]},"publishpress_future_workflow_manual_trigger":{"enabledWorkflows":[]},"_links":{"self":[{"href":"https:\/\/wbp.lublin.pl\/index.php\/wp-json\/wp\/v2\/posts\/44234","targetHints":{"allow":["GET"]}}],"collection":[{"href":"https:\/\/wbp.lublin.pl\/index.php\/wp-json\/wp\/v2\/posts"}],"about":[{"href":"https:\/\/wbp.lublin.pl\/index.php\/wp-json\/wp\/v2\/types\/post"}],"author":[{"embeddable":true,"href":"https:\/\/wbp.lublin.pl\/index.php\/wp-json\/wp\/v2\/users\/21"}],"replies":[{"embeddable":true,"href":"https:\/\/wbp.lublin.pl\/index.php\/wp-json\/wp\/v2\/comments?post=44234"}],"version-history":[{"count":8,"href":"https:\/\/wbp.lublin.pl\/index.php\/wp-json\/wp\/v2\/posts\/44234\/revisions"}],"predecessor-version":[{"id":44247,"href":"https:\/\/wbp.lublin.pl\/index.php\/wp-json\/wp\/v2\/posts\/44234\/revisions\/44247"}],"wp:featuredmedia":[{"embeddable":true,"href":"https:\/\/wbp.lublin.pl\/index.php\/wp-json\/wp\/v2\/media\/44235"}],"wp:attachment":[{"href":"https:\/\/wbp.lublin.pl\/index.php\/wp-json\/wp\/v2\/media?parent=44234"}],"wp:term":[{"taxonomy":"category","embeddable":true,"href":"https:\/\/wbp.lublin.pl\/index.php\/wp-json\/wp\/v2\/categories?post=44234"},{"taxonomy":"post_tag","embeddable":true,"href":"https:\/\/wbp.lublin.pl\/index.php\/wp-json\/wp\/v2\/tags?post=44234"}],"curies":[{"name":"wp","href":"https:\/\/api.w.org\/{rel}","templated":true}]}}