{"id":44248,"date":"2023-05-11T12:59:34","date_gmt":"2023-05-11T10:59:34","guid":{"rendered":"https:\/\/wbp.lublin.pl\/?p=44248"},"modified":"2023-05-13T09:17:26","modified_gmt":"2023-05-13T07:17:26","slug":"promocja-ksiazki-hanny-pienkowskiej-i-tadeusza-staicha-drogami-skalnej-ziemi-podtatrzanska-wloczega-krajoznawcza","status":"publish","type":"post","link":"https:\/\/wbp.lublin.pl\/index.php\/2023\/05\/11\/promocja-ksiazki-hanny-pienkowskiej-i-tadeusza-staicha-drogami-skalnej-ziemi-podtatrzanska-wloczega-krajoznawcza\/","title":{"rendered":"Promocja ksi\u0105\u017cki Hanny Pie\u0144kowskiej i Tadeusza Staicha\u00a0 \u201eDrogami skalnej ziemi. Podtatrza\u0144ska w\u0142\u00f3cz\u0119ga krajoznawcza\u201d\u00a0"},"content":{"rendered":"\n<p class=\"has-text-align-center wp-block-paragraph\">Wojew\u00f3dzka Biblioteka Publiczna <br>im. Hieronima \u0141opaci\u0144skiego w Lublinie<\/p>\n\n\n\n<p class=\"has-text-align-center wp-block-paragraph\">zaprasza na promocj\u0119 ksi\u0105\u017cki Hanny Pie\u0144kowskiej i Tadeusza Staicha&nbsp;<br>\u201eDrogami skalnej ziemi. Podtatrza\u0144ska w\u0142\u00f3cz\u0119ga krajoznawcza\u201d&nbsp; (Krak\u00f3w, 2022)<\/p>\n\n\n\n<p class=\"wp-block-paragraph\"><\/p>\n\n\n<div class=\"wp-block-image\">\n<figure class=\"aligncenter size-large is-resized\"><img data-dominant-color=\"967067\" data-has-transparency=\"false\" style=\"--dominant-color: #967067;\" loading=\"lazy\" decoding=\"async\" sizes=\"auto, (max-width: 864px) 100vw, 864px\" src=\"https:\/\/wbp.lublin.pl\/wp-content\/uploads\/2023\/05\/DSZ-okladka6-muster-scaled-1-864x1080.webp\" alt=\"\" class=\"wp-image-44249 not-transparent\" width=\"432\" height=\"540\"\/><\/figure>\n<\/div>\n\n\n<p class=\"has-text-align-center wp-block-paragraph\">Spotkanie odb\u0119dzie si\u0119 <strong>12 maja (pi\u0105tek) 2023 r. o godzinie 17.00<\/strong><\/p>\n\n\n\n<p class=\"has-text-align-center wp-block-paragraph\">Galeria Biblioteki <\/p>\n\n\n\n<p class=\"has-text-align-center wp-block-paragraph\">Spotkanie poprowadzi Wies\u0142aw Wi\u0105cek<\/p>\n\n\n\n<p class=\"has-text-align-center wp-block-paragraph\">Wst\u0119p wolny<\/p>\n\n\n\n<p class=\"has-text-align-center wp-block-paragraph\">Spotkanie odb\u0119dzie si\u0119 w ramach XX Og\u00f3lnopolskiego Tygodnia Bibliotek<\/p>\n\n\n\n<p class=\"wp-block-paragraph\"><\/p>\n\n\n\n<hr class=\"wp-block-separator has-alpha-channel-opacity\"\/>\n\n\n\n<p class=\"wp-block-paragraph\"><strong>\u201eDrogami skalnej ziemi. Podtatrza\u0144ska w\u0142\u00f3cz\u0119ga krajoznawcza\u201d<\/strong> \u2013 drugie wydanie pi\u0119knego dzie\u0142a Hanny Pie\u0144kowskiej i Tadeusza Staicha, ksi\u0105\u017cki okrzykni\u0119tej z&nbsp;biegiem czasu mianem \u201ebiblii podhala\u0144skiej\u201d, uhonorowanej w 1957 roku nagrod\u0105 literack\u0105 miasta Zakopanego, w\u0142a\u015bnie ujrza\u0142o \u015bwiat\u0142o dzienne. Dzie\u0142o to zyska\u0142o renom\u0119 i zosta\u0142o docenione przez liczne grono krajoznawc\u00f3w, przewodnik\u00f3w i innych os\u00f3b zawodowo zajmuj\u0105cych si\u0119 poruszanymi w&nbsp;nim tematami. Jej ogromna warto\u015b\u0107 \u00adliteracka i merytoryczna sk\u0142oni\u0142a wydawnictwo Astraia do podj\u0119cia zaszczytnej pr\u00f3by drugiego wydania, na kt\u00f3re tak liczy\u0142 Tadeusz Staich i do kt\u00f3rego rozpocz\u0105\u0142 przygotowania pod koniec swojego \u017cycia. Po latach, dzi\u0119ki wsparciu Miasta Zakopanego i&nbsp;innych partner\u00f3w, to wielkie przedsi\u0119wzi\u0119cie dosz\u0142o w\u0142a\u015bnie do skutku. Zadaniu temu oddali\u015bmy mn\u00f3stwo naszego serca, na kt\u00f3re ksi\u0119ga Drogami skalnej ziemi z ca\u0142\u0105 pewno\u015bci\u0105 zas\u0142uguje.<br><\/p>\n\n\n\n<p class=\"wp-block-paragraph\">Ksi\u0105\u017cka uzyska\u0142a now\u0105 szat\u0119 graficzn\u0105, nowe opracowanie i now\u0105 redakcj\u0119. To&nbsp;wydanie zawiera te\u017c prawie dwie\u015bcie fotografii W\u0142adys\u0142awa Wernera, czyli lwi\u0105 cz\u0119\u015b\u0107 oryginalnego materia\u0142u fotograficznego z pierwszego wydania, uzupe\u0142nionego o inne starannie dobrane zdj\u0119cia. Aby mo\u017cna by\u0142o \u0142atwo nawi\u0105za\u0107 do tera\u017aniejszo\u015bci danego miejsca, \u00adzastosowali\u015bmy umieszczone na marginesach kody qr, kt\u00f3re prowadz\u0105 do wartych odwiedzenia stron internetowych opisywanych miejsc, gmin, zabytk\u00f3w, czasem przyk\u0142ad\u00f3w muzycznych, a tak\u017ce do dzie\u0142, kt\u00f3re by\u0142y dla autor\u00f3w inspiracj\u0105, a niekiedy i cenn\u0105 wskaz\u00f3wk\u0105. Pod kilkoma kodami kryj\u0105 si\u0119 r\u00f3wnie\u017c archiwalne nagrania g\u0142osu samego Tadeusza Staicha recytuj\u0105cego swoje utwory poetyckie. Dzi\u0119ki tym cennym dodatkom i&nbsp;uzupe\u0142nieniom ksi\u0105\u017cka zyska\u0142a jeszcze inne, nowsze, bardziej wsp\u00f3\u0142czesne oblicze. Mamy nadziej\u0119, \u017ce to nowe wydanie znajdzie przychylno\u015b\u0107 i uznanie.<\/p>\n\n\n\n<p class=\"wp-block-paragraph\"><a href=\"https:\/\/astraia.pl\">https:\/\/astraia.pl<\/a><\/p>\n","protected":false},"excerpt":{"rendered":"<p> 12 maja (pi\u0105tek) 2023 r. godz. 17.00<\/p>\n","protected":false},"author":21,"featured_media":44249,"comment_status":"closed","ping_status":"closed","sticky":false,"template":"","format":"standard","meta":{"_tec_requires_first_save":true,"_crdt_document":"","pgc_sgb_lightbox_settings":"","_EventAllDay":false,"_EventTimezone":"","_EventStartDate":"","_EventEndDate":"","_EventStartDateUTC":"","_EventEndDateUTC":"","_EventShowMap":false,"_EventShowMapLink":false,"_EventURL":"","_EventCost":"","_EventCostDescription":"","_EventCurrencySymbol":"","_EventCurrencyCode":"","_EventCurrencyPosition":"","_EventDateTimeSeparator":"","_EventTimeRangeSeparator":"","_EventOrganizerID":[],"_EventVenueID":[],"_OrganizerEmail":"","_OrganizerPhone":"","_OrganizerWebsite":"","_VenueAddress":"","_VenueCity":"","_VenueCountry":"","_VenueProvince":"","_VenueState":"","_VenueZip":"","_VenuePhone":"","_VenueURL":"","_VenueStateProvince":"","_VenueLat":"","_VenueLng":"","_VenueShowMap":false,"_VenueShowMapLink":false,"_tribe_blocks_recurrence_rules":"","_tribe_blocks_recurrence_description":"","_tribe_blocks_recurrence_exclusions":"","footnotes":""},"categories":[679,537],"tags":[],"class_list":["post-44248","post","type-post","status-publish","format-standard","has-post-thumbnail","hentry","category-rok-2023","category-archiwum-wydarzen"],"publishpress_future_action":{"enabled":false,"date":"2026-05-06 11:45:09","action":"change-status","newStatus":"draft","terms":[],"taxonomy":"category","extraData":[]},"publishpress_future_workflow_manual_trigger":{"enabledWorkflows":[]},"_links":{"self":[{"href":"https:\/\/wbp.lublin.pl\/index.php\/wp-json\/wp\/v2\/posts\/44248","targetHints":{"allow":["GET"]}}],"collection":[{"href":"https:\/\/wbp.lublin.pl\/index.php\/wp-json\/wp\/v2\/posts"}],"about":[{"href":"https:\/\/wbp.lublin.pl\/index.php\/wp-json\/wp\/v2\/types\/post"}],"author":[{"embeddable":true,"href":"https:\/\/wbp.lublin.pl\/index.php\/wp-json\/wp\/v2\/users\/21"}],"replies":[{"embeddable":true,"href":"https:\/\/wbp.lublin.pl\/index.php\/wp-json\/wp\/v2\/comments?post=44248"}],"version-history":[{"count":9,"href":"https:\/\/wbp.lublin.pl\/index.php\/wp-json\/wp\/v2\/posts\/44248\/revisions"}],"predecessor-version":[{"id":44277,"href":"https:\/\/wbp.lublin.pl\/index.php\/wp-json\/wp\/v2\/posts\/44248\/revisions\/44277"}],"wp:featuredmedia":[{"embeddable":true,"href":"https:\/\/wbp.lublin.pl\/index.php\/wp-json\/wp\/v2\/media\/44249"}],"wp:attachment":[{"href":"https:\/\/wbp.lublin.pl\/index.php\/wp-json\/wp\/v2\/media?parent=44248"}],"wp:term":[{"taxonomy":"category","embeddable":true,"href":"https:\/\/wbp.lublin.pl\/index.php\/wp-json\/wp\/v2\/categories?post=44248"},{"taxonomy":"post_tag","embeddable":true,"href":"https:\/\/wbp.lublin.pl\/index.php\/wp-json\/wp\/v2\/tags?post=44248"}],"curies":[{"name":"wp","href":"https:\/\/api.w.org\/{rel}","templated":true}]}}