{"id":44255,"date":"2023-05-12T07:25:52","date_gmt":"2023-05-12T05:25:52","guid":{"rendered":"https:\/\/wbp.lublin.pl\/?p=44255"},"modified":"2023-05-16T09:22:49","modified_gmt":"2023-05-16T07:22:49","slug":"spotkanie-autorskie-z-alkiem-rogozinskim","status":"publish","type":"post","link":"https:\/\/wbp.lublin.pl\/index.php\/2023\/05\/12\/spotkanie-autorskie-z-alkiem-rogozinskim\/","title":{"rendered":"Spotkanie autorskie z Alkiem Rogozi\u0144skim"},"content":{"rendered":"\n<p class=\"has-text-align-center wp-block-paragraph\"><strong>Wojew\u00f3dzka Biblioteka Publiczna<\/strong><br><strong>im. Hieronima \u0141opaci\u0144skiego w Lublinie<\/strong><\/p>\n\n\n\n<p class=\"has-text-align-center wp-block-paragraph\">oraz<br><br><strong>Dyskusyjny Klub Ksi\u0105\u017cki<\/strong><\/p>\n\n\n\n<p class=\"has-text-align-center wp-block-paragraph\">zapraszaj\u0105 na spotkanie autorskie<\/p>\n\n\n\n<p class=\"has-text-align-center wp-block-paragraph\"><strong>15 maja (poniedzia\u0142ek) 2023 r. o godzinie 17.00<\/strong><br>Galeria Biblioteki <\/p>\n\n\n\n<p class=\"has-text-align-center wp-block-paragraph\">Go\u015bciem spotkania b\u0119dzie<\/p>\n\n\n\n<p class=\"has-text-align-center wp-block-paragraph\"><strong>Alek Rogozi\u0144ski<\/strong><\/p>\n\n\n\n<p class=\"has-text-align-center wp-block-paragraph\">Rozmow\u0119 poprowadz\u0105 Joanna Za\u0142\u0119cka-Maleska i Lidia G\u0142\u0119bicka<\/p>\n\n\n<div class=\"wp-block-image\">\n<figure class=\"aligncenter size-large is-resized\"><img data-dominant-color=\"454444\" data-has-transparency=\"false\" style=\"--dominant-color: #454444;\" loading=\"lazy\" decoding=\"async\" sizes=\"auto, (max-width: 719px) 100vw, 719px\" src=\"https:\/\/wbp.lublin.pl\/wp-content\/uploads\/2023\/05\/pcs2-scaled-1-719x1080.webp\" alt=\"\" class=\"wp-image-44256 not-transparent\" width=\"360\" height=\"540\" srcset=\"https:\/\/wbp.lublin.pl\/wp-content\/uploads\/2023\/05\/pcs2-scaled-1-719x1080.webp 719w, https:\/\/wbp.lublin.pl\/wp-content\/uploads\/2023\/05\/pcs2-scaled-1-399x600.webp 399w, https:\/\/wbp.lublin.pl\/wp-content\/uploads\/2023\/05\/pcs2-scaled-1-266x400.webp 266w, https:\/\/wbp.lublin.pl\/wp-content\/uploads\/2023\/05\/pcs2-scaled-1-768x1154.webp 768w, https:\/\/wbp.lublin.pl\/wp-content\/uploads\/2023\/05\/pcs2-scaled-1-1022x1536.webp 1022w, https:\/\/wbp.lublin.pl\/wp-content\/uploads\/2023\/05\/pcs2-scaled-1-1363x2048.webp 1363w, https:\/\/wbp.lublin.pl\/wp-content\/uploads\/2023\/05\/pcs2-scaled-1-947x1423.webp 947w, https:\/\/wbp.lublin.pl\/wp-content\/uploads\/2023\/05\/pcs2-scaled-1-624x937.webp 624w, https:\/\/wbp.lublin.pl\/wp-content\/uploads\/2023\/05\/pcs2-scaled-1.webp 1704w\" \/><\/figure>\n<\/div>\n\n\n<p class=\"has-text-align-center wp-block-paragraph\"><a href=\"https:\/\/www.alekrogozinski.pl\/press\/\">https:\/\/www.alekrogozinski.pl\/press\/<\/a><\/p>\n\n\n\n<p class=\"wp-block-paragraph\"><strong>Alek Rogozi\u0144ski <\/strong>&#8211; z zawodu dziennikarz, z pasji kryminalista\u2026 to znaczy \u2013 tw\u00f3rca krymina\u0142\u00f3w. Przez lata zwi\u0105zany z mediami. Karier\u0119 zaczyna\u0142 w po\u0142owie lat 90. w kultowej ju\u017c dzisiaj Rozg\u0142o\u015bni Harcerskiej, potem zasiada\u0142 za mikrofonem m.in. w Radiu Plus i warszawskim Radiu Kolor. W latach 2007-2020 pracowa\u0142 w wydawnictwie Edipresse, gdzie piastowa\u0142 funkcj\u0119 sekretarza redakcji magazynu \u201eParty\u201d. Zadebiutowa\u0142 w marcu 2015 roku krymina\u0142em <em>Ukochany z piek\u0142a rodem<\/em>, zdobywaj\u0105c 1-sze miejsce na li\u015bcie bestseller\u00f3w kryminalnych EMPIK.com. Kolejn\u0105 1-sz\u0105 pozycj\u0119 zdoby\u0142 w 2022 roku w kategorii literatura obyczajowa dzi\u0119ki powie\u015bci <em>Przekl\u0119ta szkatu\u0142ka<\/em>.<\/p>\n\n\n\n<p class=\"wp-block-paragraph\">Dwie jego powie\u015bci, <em>Jak Ci\u0119 zabi\u0107, kochanie?<\/em> i <em>Do trzech razy \u015bmier\u0107<\/em>, zosta\u0142y nominowane w plebiscycie \u201eKsi\u0105\u017cka roku\u201d portalu LubimyCzyta\u0107.pl. Za ksi\u0105\u017ck\u0119 <em>Lustereczko, powiedz przecie<\/em> nagrodzony 1-sz\u0105 nagrod\u0105 w plebiscycie \u201eZbrodnia z przymru\u017ceniem oka\u201d. Ponownie zdoby\u0142 t\u0119 nagrod\u0119 rok p\u00f3\u017aniej za powie\u015b\u0107 <em>Zbrodnia w wielkim mie\u015bcie<\/em>, a dwa lata p\u00f3\u017aniej za komedi\u0119 kryminaln\u0105 <em>Raz, dwa, trzy\u2026 giniesz ty!<\/em>. W 2021 roku jego ksi\u0105\u017cka <em>Miasteczko morderc\u00f3w<\/em> zosta\u0142a nominowana do Grand Prix Festiwalu Kryminalna Warszawa.<br>W pa\u017adzierniku 2022 roku w czasie gali wr\u0119czenia nagr\u00f3d \u201eZ\u0142oty Pocisk\u201d, odbywaj\u0105cej si\u0119 w ramach 25. Mi\u0119dzynarodowych Targ\u00f3w Ksi\u0105\u017cki w Krakowie, zosta\u0142 wyr\u00f3\u017cniony za swoj\u0105 tw\u00f3rczo\u015b\u0107 nagrod\u0105 specjaln\u0105.<\/p>\n\n\n\n<p class=\"wp-block-paragraph\"><a href=\"https:\/\/www.alekrogozinski.pl\/press\/\">https:\/\/www.alekrogozinski.pl<\/a><\/p>\n\n\n\n<p class=\"has-text-align-center wp-block-paragraph\">Spotkanie odb\u0119dzie si\u0119 w ramach XX Og\u00f3lnopolskiego Tygodnia Bibliotek<\/p>\n\n\n<div class=\"wp-block-image\">\n<figure class=\"aligncenter size-full is-resized\"><img data-dominant-color=\"e8dbdc\" data-has-transparency=\"false\" style=\"--dominant-color: #e8dbdc;\" loading=\"lazy\" decoding=\"async\" sizes=\"auto, (max-width: 947px) 100vw, 947px\" src=\"https:\/\/wbp.lublin.pl\/wp-content\/uploads\/2023\/05\/DKK-LOGO-BELKA-jpg-1.webp\" alt=\"logo\" class=\"wp-image-44264 not-transparent\" width=\"710\" height=\"115\" srcset=\"https:\/\/wbp.lublin.pl\/wp-content\/uploads\/2023\/05\/DKK-LOGO-BELKA-jpg-1.webp 947w, https:\/\/wbp.lublin.pl\/wp-content\/uploads\/2023\/05\/DKK-LOGO-BELKA-jpg-1-600x97.webp 600w, https:\/\/wbp.lublin.pl\/wp-content\/uploads\/2023\/05\/DKK-LOGO-BELKA-jpg-1-400x65.webp 400w, https:\/\/wbp.lublin.pl\/wp-content\/uploads\/2023\/05\/DKK-LOGO-BELKA-jpg-1-768x124.webp 768w, https:\/\/wbp.lublin.pl\/wp-content\/uploads\/2023\/05\/DKK-LOGO-BELKA-jpg-1-624x101.webp 624w\" \/><\/figure>\n<\/div>\n\n<div class=\"wp-block-image\">\n<figure class=\"aligncenter size-full is-resized\"><img data-dominant-color=\"e5b1b8\" data-has-transparency=\"false\" style=\"--dominant-color: #e5b1b8;\" loading=\"lazy\" decoding=\"async\" sizes=\"auto, (max-width: 480px) 100vw, 480px\" src=\"https:\/\/wbp.lublin.pl\/wp-content\/uploads\/2023\/05\/wojewodztwo-lubelskie-logo-belka-jpg-1.webp\" alt=\"logo\" class=\"wp-image-44265 not-transparent\" width=\"234\" height=\"66\" srcset=\"https:\/\/wbp.lublin.pl\/wp-content\/uploads\/2023\/05\/wojewodztwo-lubelskie-logo-belka-jpg-1.webp 480w, https:\/\/wbp.lublin.pl\/wp-content\/uploads\/2023\/05\/wojewodztwo-lubelskie-logo-belka-jpg-1-400x113.webp 400w\" \/><\/figure>\n<\/div>\n\n<div class=\"wp-block-image\">\n<figure class=\"aligncenter size-full is-resized\"><img data-dominant-color=\"f1e1e3\" data-has-transparency=\"false\" style=\"--dominant-color: #f1e1e3;\" loading=\"lazy\" decoding=\"async\" sizes=\"auto, (max-width: 982px) 100vw, 982px\" src=\"https:\/\/wbp.lublin.pl\/wp-content\/uploads\/2023\/05\/lubelskie-smakuj-zycie-logo.webp\" alt=\"logo\" class=\"wp-image-44266 not-transparent\" width=\"194\" height=\"119\" srcset=\"https:\/\/wbp.lublin.pl\/wp-content\/uploads\/2023\/05\/lubelskie-smakuj-zycie-logo.webp 982w, https:\/\/wbp.lublin.pl\/wp-content\/uploads\/2023\/05\/lubelskie-smakuj-zycie-logo-600x367.webp 600w, https:\/\/wbp.lublin.pl\/wp-content\/uploads\/2023\/05\/lubelskie-smakuj-zycie-logo-400x245.webp 400w, https:\/\/wbp.lublin.pl\/wp-content\/uploads\/2023\/05\/lubelskie-smakuj-zycie-logo-768x470.webp 768w, https:\/\/wbp.lublin.pl\/wp-content\/uploads\/2023\/05\/lubelskie-smakuj-zycie-logo-947x580.webp 947w, https:\/\/wbp.lublin.pl\/wp-content\/uploads\/2023\/05\/lubelskie-smakuj-zycie-logo-624x382.webp 624w\" \/><\/figure>\n<\/div>","protected":false},"excerpt":{"rendered":"<p>15 maja (poniedzia\u0142ek) 2023 r., godz. 17.00<\/p>\n","protected":false},"author":21,"featured_media":44281,"comment_status":"closed","ping_status":"closed","sticky":false,"template":"","format":"standard","meta":{"_tec_requires_first_save":true,"_crdt_document":"","pgc_sgb_lightbox_settings":"","_EventAllDay":false,"_EventTimezone":"","_EventStartDate":"","_EventEndDate":"","_EventStartDateUTC":"","_EventEndDateUTC":"","_EventShowMap":false,"_EventShowMapLink":false,"_EventURL":"","_EventCost":"","_EventCostDescription":"","_EventCurrencySymbol":"","_EventCurrencyCode":"","_EventCurrencyPosition":"","_EventDateTimeSeparator":"","_EventTimeRangeSeparator":"","_EventOrganizerID":[],"_EventVenueID":[],"_OrganizerEmail":"","_OrganizerPhone":"","_OrganizerWebsite":"","_VenueAddress":"","_VenueCity":"","_VenueCountry":"","_VenueProvince":"","_VenueState":"","_VenueZip":"","_VenuePhone":"","_VenueURL":"","_VenueStateProvince":"","_VenueLat":"","_VenueLng":"","_VenueShowMap":false,"_VenueShowMapLink":false,"_tribe_blocks_recurrence_rules":"","_tribe_blocks_recurrence_description":"","_tribe_blocks_recurrence_exclusions":"","footnotes":""},"categories":[679,537,1],"tags":[],"class_list":["post-44255","post","type-post","status-publish","format-standard","has-post-thumbnail","hentry","category-rok-2023","category-archiwum-wydarzen","category-bez-kategorii"],"publishpress_future_action":{"enabled":false,"date":"2026-05-06 11:45:03","action":"change-status","newStatus":"draft","terms":[],"taxonomy":"category","extraData":[]},"publishpress_future_workflow_manual_trigger":{"enabledWorkflows":[]},"_links":{"self":[{"href":"https:\/\/wbp.lublin.pl\/index.php\/wp-json\/wp\/v2\/posts\/44255","targetHints":{"allow":["GET"]}}],"collection":[{"href":"https:\/\/wbp.lublin.pl\/index.php\/wp-json\/wp\/v2\/posts"}],"about":[{"href":"https:\/\/wbp.lublin.pl\/index.php\/wp-json\/wp\/v2\/types\/post"}],"author":[{"embeddable":true,"href":"https:\/\/wbp.lublin.pl\/index.php\/wp-json\/wp\/v2\/users\/21"}],"replies":[{"embeddable":true,"href":"https:\/\/wbp.lublin.pl\/index.php\/wp-json\/wp\/v2\/comments?post=44255"}],"version-history":[{"count":10,"href":"https:\/\/wbp.lublin.pl\/index.php\/wp-json\/wp\/v2\/posts\/44255\/revisions"}],"predecessor-version":[{"id":44320,"href":"https:\/\/wbp.lublin.pl\/index.php\/wp-json\/wp\/v2\/posts\/44255\/revisions\/44320"}],"wp:featuredmedia":[{"embeddable":true,"href":"https:\/\/wbp.lublin.pl\/index.php\/wp-json\/wp\/v2\/media\/44281"}],"wp:attachment":[{"href":"https:\/\/wbp.lublin.pl\/index.php\/wp-json\/wp\/v2\/media?parent=44255"}],"wp:term":[{"taxonomy":"category","embeddable":true,"href":"https:\/\/wbp.lublin.pl\/index.php\/wp-json\/wp\/v2\/categories?post=44255"},{"taxonomy":"post_tag","embeddable":true,"href":"https:\/\/wbp.lublin.pl\/index.php\/wp-json\/wp\/v2\/tags?post=44255"}],"curies":[{"name":"wp","href":"https:\/\/api.w.org\/{rel}","templated":true}]}}