{"id":44286,"date":"2023-05-13T13:12:46","date_gmt":"2023-05-13T11:12:46","guid":{"rendered":"https:\/\/wbp.lublin.pl\/?p=44286"},"modified":"2023-06-09T09:48:26","modified_gmt":"2023-06-09T07:48:26","slug":"xx-ogolnopolski-tydzien-bibliotek-w-obiektywie-spotkanie-z-arturem-barcisiem","status":"publish","type":"post","link":"https:\/\/wbp.lublin.pl\/index.php\/2023\/05\/13\/xx-ogolnopolski-tydzien-bibliotek-w-obiektywie-spotkanie-z-arturem-barcisiem\/","title":{"rendered":"XX Og\u00f3lnopolski Tydzie\u0144 Bibliotek w obiektywie: Spotkanie z Arturem Barcisiem"},"content":{"rendered":"\n\n\n<p class=\"wp-block-paragraph\">9 maja (wtorek) 20023 r.  w Wojew\u00f3dzkiej Bibliotece Publicznej im. Hieronima \u0141opaci\u0144skiego odby\u0142o si\u0119 spotkanie z Arturem Barcisiem. Spotkanie zorganizowano w ramach Dyskusyjnego Klubu Ksi\u0105\u017cki. <\/p>\n\n\n\n<p class=\"wp-block-paragraph\"><\/p>\n\n\n\n<figure class=\"wp-block-gallery has-nested-images columns-1 is-cropped wp-block-gallery-1 is-layout-flex wp-block-gallery-is-layout-flex\">\n<figure class=\"wp-block-image size-large\"><a href=\"https:\/\/wbp.lublin.pl\/wp-content\/uploads\/2023\/05\/50-jpg.webp\"><img data-dominant-color=\"857b74\" data-has-transparency=\"false\" style=\"--dominant-color: #857b74;\" decoding=\"async\" data-id=\"44325\" src=\"https:\/\/wbp.lublin.pl\/wp-content\/uploads\/2023\/05\/50-jpg.webp\" alt=\"XX Og\u00f3lnopolski Tydzie\u0144 Bibliotek w obiektywie: Spotkanie z Arturem Barcisiem\" class=\"wp-image-44325 not-transparent\"\/><\/a><figcaption class=\"wp-element-caption\">Artur Barci\u015b i Tadeusz S\u0142awecki &#8211; Dyrektor Wojew\u00f3dzkiej Biblioteki Publicznej im. Hieronima \u0141opaci\u0144skiego w Lublinie<\/figcaption><\/figure>\n\n\n\n<figure class=\"wp-block-image size-large\"><a href=\"https:\/\/wbp.lublin.pl\/wp-content\/uploads\/2023\/05\/51.jpg\"><img data-dominant-color=\"6d655d\" data-has-transparency=\"false\" style=\"--dominant-color: #6d655d;\" decoding=\"async\" data-id=\"44326\" src=\"https:\/\/wbp.lublin.pl\/wp-content\/uploads\/2023\/05\/51.jpg\" alt=\"XX Og\u00f3lnopolski Tydzie\u0144 Bibliotek w obiektywie: Spotkanie z Arturem Barcisiem\" class=\"wp-image-44326 not-transparent\"\/><\/a><figcaption class=\"wp-element-caption\">Artur Barci\u015b, Tadeusz S\u0142awecki &#8211; Dyrektor Wojew\u00f3dzkiej Biblioteki Publicznej im. Hieronima \u0141opaci\u0144skiego w Lublinie oraz Lidia G\u0142\u0119bicka i Marzena Targo\u0144ska (koordynatorki Dyskusyjnego Klubu Ksi\u0105\u017cki)<\/figcaption><\/figure>\n\n\n\n<figure class=\"wp-block-image size-large\"><a href=\"https:\/\/wbp.lublin.pl\/wp-content\/uploads\/2023\/05\/52-jpg.webp\"><img data-dominant-color=\"6f6469\" data-has-transparency=\"false\" style=\"--dominant-color: #6f6469;\" decoding=\"async\" data-id=\"44327\" src=\"https:\/\/wbp.lublin.pl\/wp-content\/uploads\/2023\/05\/52-jpg.webp\" alt=\"XX Og\u00f3lnopolski Tydzie\u0144 Bibliotek w obiektywie: Spotkanie z Arturem Barcisiem\" class=\"wp-image-44327 not-transparent\"\/><\/a><figcaption class=\"wp-element-caption\">Spotkanie prowadzi\u0142a  Lidia G\u0142\u0119bicka <\/figcaption><\/figure>\n\n\n\n<figure class=\"wp-block-image size-large\"><a href=\"https:\/\/wbp.lublin.pl\/wp-content\/uploads\/2023\/05\/53-jpg.webp\"><img data-dominant-color=\"575550\" data-has-transparency=\"false\" style=\"--dominant-color: #575550;\" decoding=\"async\" data-id=\"44328\" src=\"https:\/\/wbp.lublin.pl\/wp-content\/uploads\/2023\/05\/53-jpg.webp\" alt=\"XX Og\u00f3lnopolski Tydzie\u0144 Bibliotek w obiektywie: Spotkanie z Arturem Barcisiem\" class=\"wp-image-44328 not-transparent\"\/><\/a><\/figure>\n\n\n\n<figure class=\"wp-block-image size-large\"><a href=\"https:\/\/wbp.lublin.pl\/wp-content\/uploads\/2023\/05\/55-jpg.webp\"><img data-dominant-color=\"7a6f71\" data-has-transparency=\"false\" style=\"--dominant-color: #7a6f71;\" decoding=\"async\" data-id=\"44329\" src=\"https:\/\/wbp.lublin.pl\/wp-content\/uploads\/2023\/05\/55-jpg.webp\" alt=\"XX Og\u00f3lnopolski Tydzie\u0144 Bibliotek w obiektywie: Spotkanie z Arturem Barcisiem\" class=\"wp-image-44329 not-transparent\"\/><\/a><\/figure>\n\n\n\n<figure class=\"wp-block-image size-large\"><a href=\"https:\/\/wbp.lublin.pl\/wp-content\/uploads\/2023\/05\/56-jpg.webp\"><img data-dominant-color=\"786872\" data-has-transparency=\"false\" style=\"--dominant-color: #786872;\" decoding=\"async\" data-id=\"44330\" src=\"https:\/\/wbp.lublin.pl\/wp-content\/uploads\/2023\/05\/56-jpg.webp\" alt=\"XX Og\u00f3lnopolski Tydzie\u0144 Bibliotek w obiektywie: Spotkanie z Arturem Barcisiem\" class=\"wp-image-44330 not-transparent\"\/><\/a><\/figure>\n\n\n\n<figure class=\"wp-block-image size-large\"><a href=\"https:\/\/wbp.lublin.pl\/wp-content\/uploads\/2023\/05\/58.jpg\"><img data-dominant-color=\"78716c\" data-has-transparency=\"false\" style=\"--dominant-color: #78716c;\" decoding=\"async\" data-id=\"44331\" src=\"https:\/\/wbp.lublin.pl\/wp-content\/uploads\/2023\/05\/58.jpg\" alt=\"XX Og\u00f3lnopolski Tydzie\u0144 Bibliotek w obiektywie: Spotkanie z Arturem Barcisiem\" class=\"wp-image-44331 not-transparent\"\/><\/a><\/figure>\n\n\n\n<figure class=\"wp-block-image size-large\"><a href=\"https:\/\/wbp.lublin.pl\/wp-content\/uploads\/2023\/05\/59.jpg\"><img data-dominant-color=\"685f5d\" data-has-transparency=\"false\" style=\"--dominant-color: #685f5d;\" decoding=\"async\" data-id=\"44332\" src=\"https:\/\/wbp.lublin.pl\/wp-content\/uploads\/2023\/05\/59.jpg\" alt=\"XX Og\u00f3lnopolski Tydzie\u0144 Bibliotek w obiektywie: Spotkanie z Arturem Barcisiem\" class=\"wp-image-44332 not-transparent\"\/><\/a><figcaption class=\"wp-element-caption\">Tadeusz S\u0142awecki i dr Grzegorz Figiel <\/figcaption><\/figure>\n\n\n\n<figure class=\"wp-block-image size-large\"><a href=\"https:\/\/wbp.lublin.pl\/wp-content\/uploads\/2023\/05\/61-jpg.webp\"><img data-dominant-color=\"575150\" data-has-transparency=\"false\" style=\"--dominant-color: #575150;\" decoding=\"async\" data-id=\"44333\" src=\"https:\/\/wbp.lublin.pl\/wp-content\/uploads\/2023\/05\/61-jpg.webp\" alt=\"XX Og\u00f3lnopolski Tydzie\u0144 Bibliotek w obiektywie: Spotkanie z Arturem Barcisiem\" class=\"wp-image-44333 not-transparent\"\/><\/a><\/figure>\n\n\n\n<figure class=\"wp-block-image size-large\"><a href=\"https:\/\/wbp.lublin.pl\/wp-content\/uploads\/2023\/05\/68-jpg.webp\"><img data-dominant-color=\"635355\" data-has-transparency=\"false\" style=\"--dominant-color: #635355;\" decoding=\"async\" data-id=\"44341\" src=\"https:\/\/wbp.lublin.pl\/wp-content\/uploads\/2023\/05\/68-jpg.webp\" alt=\"XX Og\u00f3lnopolski Tydzie\u0144 Bibliotek w obiektywie: Spotkanie z Arturem Barcisiem\" class=\"wp-image-44341 not-transparent\"\/><\/a><\/figure>\n\n\n\n<figure class=\"wp-block-image size-large\"><a href=\"https:\/\/wbp.lublin.pl\/wp-content\/uploads\/2023\/05\/67-jpg.webp\"><img data-dominant-color=\"5b5857\" data-has-transparency=\"false\" style=\"--dominant-color: #5b5857;\" decoding=\"async\" data-id=\"44340\" src=\"https:\/\/wbp.lublin.pl\/wp-content\/uploads\/2023\/05\/67-jpg.webp\" alt=\"XX Og\u00f3lnopolski Tydzie\u0144 Bibliotek w obiektywie: Spotkanie z Arturem Barcisiem\" class=\"wp-image-44340 not-transparent\"\/><\/a><\/figure>\n\n\n\n<figure class=\"wp-block-image size-large\"><a href=\"https:\/\/wbp.lublin.pl\/wp-content\/uploads\/2023\/05\/66-jpg.webp\"><img data-dominant-color=\"5f544b\" data-has-transparency=\"false\" style=\"--dominant-color: #5f544b;\" decoding=\"async\" data-id=\"44339\" src=\"https:\/\/wbp.lublin.pl\/wp-content\/uploads\/2023\/05\/66-jpg.webp\" alt=\"XX Og\u00f3lnopolski Tydzie\u0144 Bibliotek w obiektywie: Spotkanie z Arturem Barcisiem\" class=\"wp-image-44339 not-transparent\"\/><\/a><\/figure>\n\n\n\n<figure class=\"wp-block-image size-large\"><a href=\"https:\/\/wbp.lublin.pl\/wp-content\/uploads\/2023\/05\/65-jpg.webp\"><img data-dominant-color=\"4d4540\" data-has-transparency=\"false\" style=\"--dominant-color: #4d4540;\" decoding=\"async\" data-id=\"44338\" src=\"https:\/\/wbp.lublin.pl\/wp-content\/uploads\/2023\/05\/65-jpg.webp\" alt=\"XX Og\u00f3lnopolski Tydzie\u0144 Bibliotek w obiektywie: Spotkanie z Arturem Barcisiem\" class=\"wp-image-44338 not-transparent\"\/><\/a><\/figure>\n\n\n\n<figure class=\"wp-block-image size-large\"><a href=\"https:\/\/wbp.lublin.pl\/wp-content\/uploads\/2023\/05\/63-jpg.webp\"><img data-dominant-color=\"6d5e66\" data-has-transparency=\"false\" style=\"--dominant-color: #6d5e66;\" decoding=\"async\" data-id=\"44337\" src=\"https:\/\/wbp.lublin.pl\/wp-content\/uploads\/2023\/05\/63-jpg.webp\" alt=\"XX Og\u00f3lnopolski Tydzie\u0144 Bibliotek w obiektywie: Spotkanie z Arturem Barcisiem\" class=\"wp-image-44337 not-transparent\"\/><\/a><\/figure>\n\n\n\n<figure class=\"wp-block-image size-large\"><a href=\"https:\/\/wbp.lublin.pl\/wp-content\/uploads\/2023\/05\/64.jpg\"><img data-dominant-color=\"595551\" data-has-transparency=\"false\" style=\"--dominant-color: #595551;\" decoding=\"async\" data-id=\"44336\" src=\"https:\/\/wbp.lublin.pl\/wp-content\/uploads\/2023\/05\/64.jpg\" alt=\"XX Og\u00f3lnopolski Tydzie\u0144 Bibliotek w obiektywie: Spotkanie z Arturem Barcisiem\" class=\"wp-image-44336 not-transparent\"\/><\/a><\/figure>\n\n\n\n<figure class=\"wp-block-image size-large\"><a href=\"https:\/\/wbp.lublin.pl\/wp-content\/uploads\/2023\/05\/62.jpg\"><img data-dominant-color=\"42403c\" data-has-transparency=\"false\" style=\"--dominant-color: #42403c;\" decoding=\"async\" data-id=\"44335\" src=\"https:\/\/wbp.lublin.pl\/wp-content\/uploads\/2023\/05\/62.jpg\" alt=\"XX Og\u00f3lnopolski Tydzie\u0144 Bibliotek w obiektywie: Spotkanie z Arturem Barcisiem\" class=\"wp-image-44335 not-transparent\"\/><\/a><\/figure>\n\n\n\n<figure class=\"wp-block-image size-large\"><a href=\"https:\/\/wbp.lublin.pl\/wp-content\/uploads\/2023\/05\/70-jpg.webp\"><img data-dominant-color=\"72656b\" data-has-transparency=\"false\" style=\"--dominant-color: #72656b;\" decoding=\"async\" data-id=\"44343\" src=\"https:\/\/wbp.lublin.pl\/wp-content\/uploads\/2023\/05\/70-jpg.webp\" alt=\"XX Og\u00f3lnopolski Tydzie\u0144 Bibliotek w obiektywie: Spotkanie z Arturem Barcisiem\" class=\"wp-image-44343 not-transparent\"\/><\/a><\/figure>\n\n\n\n<figure class=\"wp-block-image size-large\"><a href=\"https:\/\/wbp.lublin.pl\/wp-content\/uploads\/2023\/05\/71-jpg.webp\"><img data-dominant-color=\"625355\" data-has-transparency=\"false\" style=\"--dominant-color: #625355;\" decoding=\"async\" data-id=\"44344\" src=\"https:\/\/wbp.lublin.pl\/wp-content\/uploads\/2023\/05\/71-jpg.webp\" alt=\"XX Og\u00f3lnopolski Tydzie\u0144 Bibliotek w obiektywie: Spotkanie z Arturem Barcisiem\" class=\"wp-image-44344 not-transparent\"\/><\/a><\/figure>\n\n\n\n<figure class=\"wp-block-image size-large\"><a href=\"https:\/\/wbp.lublin.pl\/wp-content\/uploads\/2023\/05\/72-1-jpg.webp\"><img data-dominant-color=\"6d5f65\" data-has-transparency=\"false\" style=\"--dominant-color: #6d5f65;\" decoding=\"async\" data-id=\"44346\" src=\"https:\/\/wbp.lublin.pl\/wp-content\/uploads\/2023\/05\/72-1-jpg.webp\" alt=\"XX Og\u00f3lnopolski Tydzie\u0144 Bibliotek w obiektywie: Spotkanie z Arturem Barcisiem\" class=\"wp-image-44346 not-transparent\"\/><\/a><\/figure>\n\n\n\n<figure class=\"wp-block-image size-large\"><a href=\"https:\/\/wbp.lublin.pl\/wp-content\/uploads\/2023\/05\/73-1.jpg\"><img data-dominant-color=\"6b5d57\" data-has-transparency=\"false\" style=\"--dominant-color: #6b5d57;\" decoding=\"async\" data-id=\"44348\" src=\"https:\/\/wbp.lublin.pl\/wp-content\/uploads\/2023\/05\/73-1.jpg\" alt=\"XX Og\u00f3lnopolski Tydzie\u0144 Bibliotek w obiektywie: Spotkanie z Arturem Barcisiem\" class=\"wp-image-44348 not-transparent\"\/><\/a><\/figure>\n\n\n\n<figure class=\"wp-block-image size-large\"><a href=\"https:\/\/wbp.lublin.pl\/wp-content\/uploads\/2023\/05\/74-jpg.webp\"><img data-dominant-color=\"7c6d64\" data-has-transparency=\"false\" style=\"--dominant-color: #7c6d64;\" decoding=\"async\" data-id=\"44349\" src=\"https:\/\/wbp.lublin.pl\/wp-content\/uploads\/2023\/05\/74-jpg.webp\" alt=\"XX Og\u00f3lnopolski Tydzie\u0144 Bibliotek w obiektywie: Spotkanie z Arturem Barcisiem\" class=\"wp-image-44349 not-transparent\"\/><\/a><\/figure>\n\n\n\n<figure class=\"wp-block-image size-large\"><a href=\"https:\/\/wbp.lublin.pl\/wp-content\/uploads\/2023\/05\/75-jpg.webp\"><img data-dominant-color=\"827161\" data-has-transparency=\"false\" style=\"--dominant-color: #827161;\" decoding=\"async\" data-id=\"44350\" src=\"https:\/\/wbp.lublin.pl\/wp-content\/uploads\/2023\/05\/75-jpg.webp\" alt=\"XX Og\u00f3lnopolski Tydzie\u0144 Bibliotek w obiektywie: Spotkanie z Arturem Barcisiem\" class=\"wp-image-44350 not-transparent\"\/><\/a><\/figure>\n\n\n\n<figure class=\"wp-block-image size-large\"><a href=\"https:\/\/wbp.lublin.pl\/wp-content\/uploads\/2023\/05\/76-jpg.webp\"><img data-dominant-color=\"65534a\" data-has-transparency=\"false\" style=\"--dominant-color: #65534a;\" decoding=\"async\" data-id=\"44351\" src=\"https:\/\/wbp.lublin.pl\/wp-content\/uploads\/2023\/05\/76-jpg.webp\" alt=\"XX Og\u00f3lnopolski Tydzie\u0144 Bibliotek w obiektywie: Spotkanie z Arturem Barcisiem\" class=\"wp-image-44351 not-transparent\"\/><\/a><\/figure>\n\n\n\n<figure class=\"wp-block-image size-large\"><a href=\"https:\/\/wbp.lublin.pl\/wp-content\/uploads\/2023\/05\/77-jpg.webp\"><img data-dominant-color=\"5e5043\" data-has-transparency=\"false\" style=\"--dominant-color: #5e5043;\" decoding=\"async\" data-id=\"44352\" src=\"https:\/\/wbp.lublin.pl\/wp-content\/uploads\/2023\/05\/77-jpg.webp\" alt=\"XX Og\u00f3lnopolski Tydzie\u0144 Bibliotek w obiektywie: Spotkanie z Arturem Barcisiem\" class=\"wp-image-44352 not-transparent\"\/><\/a><\/figure>\n\n\n\n<figure class=\"wp-block-image size-large\"><a href=\"https:\/\/wbp.lublin.pl\/wp-content\/uploads\/2023\/05\/86.jpg\"><img data-dominant-color=\"8a766f\" data-has-transparency=\"false\" style=\"--dominant-color: #8a766f;\" decoding=\"async\" data-id=\"44364\" src=\"https:\/\/wbp.lublin.pl\/wp-content\/uploads\/2023\/05\/86.jpg\" alt=\"XX Og\u00f3lnopolski Tydzie\u0144 Bibliotek w obiektywie: Spotkanie z Arturem Barcisiem\" class=\"wp-image-44364 not-transparent\"\/><\/a><\/figure>\n\n\n\n<figure class=\"wp-block-image size-large\"><a href=\"https:\/\/wbp.lublin.pl\/wp-content\/uploads\/2023\/05\/78-1-jpg.webp\"><img data-dominant-color=\"64574e\" data-has-transparency=\"false\" style=\"--dominant-color: #64574e;\" decoding=\"async\" data-id=\"44354\" src=\"https:\/\/wbp.lublin.pl\/wp-content\/uploads\/2023\/05\/78-1-jpg.webp\" alt=\"XX Og\u00f3lnopolski Tydzie\u0144 Bibliotek w obiektywie: Spotkanie z Arturem Barcisiem\" class=\"wp-image-44354 not-transparent\"\/><\/a><\/figure>\n\n\n\n<figure class=\"wp-block-image size-large\"><a href=\"https:\/\/wbp.lublin.pl\/wp-content\/uploads\/2023\/05\/79-jpg.webp\"><img data-dominant-color=\"655c54\" data-has-transparency=\"false\" style=\"--dominant-color: #655c54;\" decoding=\"async\" data-id=\"44355\" src=\"https:\/\/wbp.lublin.pl\/wp-content\/uploads\/2023\/05\/79-jpg.webp\" alt=\"XX Og\u00f3lnopolski Tydzie\u0144 Bibliotek w obiektywie: Spotkanie z Arturem Barcisiem\" class=\"wp-image-44355 not-transparent\"\/><\/a><\/figure>\n\n\n\n<figure class=\"wp-block-image size-large\"><a href=\"https:\/\/wbp.lublin.pl\/wp-content\/uploads\/2023\/05\/80-jpg.webp\"><img data-dominant-color=\"746054\" data-has-transparency=\"false\" style=\"--dominant-color: #746054;\" decoding=\"async\" data-id=\"44356\" src=\"https:\/\/wbp.lublin.pl\/wp-content\/uploads\/2023\/05\/80-jpg.webp\" alt=\"XX Og\u00f3lnopolski Tydzie\u0144 Bibliotek w obiektywie: Spotkanie z Arturem Barcisiem\" class=\"wp-image-44356 not-transparent\"\/><\/a><\/figure>\n\n\n\n<figure class=\"wp-block-image size-large\"><a href=\"https:\/\/wbp.lublin.pl\/wp-content\/uploads\/2023\/05\/81-jpg.webp\"><img data-dominant-color=\"7f7365\" data-has-transparency=\"false\" style=\"--dominant-color: #7f7365;\" decoding=\"async\" data-id=\"44357\" src=\"https:\/\/wbp.lublin.pl\/wp-content\/uploads\/2023\/05\/81-jpg.webp\" alt=\"XX Og\u00f3lnopolski Tydzie\u0144 Bibliotek w obiektywie: Spotkanie z Arturem Barcisiem\" class=\"wp-image-44357 not-transparent\"\/><\/a><\/figure>\n\n\n\n<figure class=\"wp-block-image size-large\"><a href=\"https:\/\/wbp.lublin.pl\/wp-content\/uploads\/2023\/05\/82-jpg.webp\"><img data-dominant-color=\"8d7e78\" data-has-transparency=\"false\" style=\"--dominant-color: #8d7e78;\" decoding=\"async\" data-id=\"44358\" src=\"https:\/\/wbp.lublin.pl\/wp-content\/uploads\/2023\/05\/82-jpg.webp\" alt=\"XX Og\u00f3lnopolski Tydzie\u0144 Bibliotek w obiektywie: Spotkanie z Arturem Barcisiem\" class=\"wp-image-44358 not-transparent\"\/><\/a><\/figure>\n\n\n\n<figure class=\"wp-block-image size-large\"><a href=\"https:\/\/wbp.lublin.pl\/wp-content\/uploads\/2023\/05\/83-1.jpg\"><img data-dominant-color=\"625451\" data-has-transparency=\"false\" style=\"--dominant-color: #625451;\" decoding=\"async\" data-id=\"44360\" src=\"https:\/\/wbp.lublin.pl\/wp-content\/uploads\/2023\/05\/83-1.jpg\" alt=\"XX Og\u00f3lnopolski Tydzie\u0144 Bibliotek w obiektywie: Spotkanie z Arturem Barcisiem\" class=\"wp-image-44360 not-transparent\"\/><\/a><\/figure>\n\n\n\n<figure class=\"wp-block-image size-large\"><a href=\"https:\/\/wbp.lublin.pl\/wp-content\/uploads\/2023\/05\/84-1-jpg.webp\"><img data-dominant-color=\"6f6460\" data-has-transparency=\"false\" style=\"--dominant-color: #6f6460;\" decoding=\"async\" data-id=\"44362\" src=\"https:\/\/wbp.lublin.pl\/wp-content\/uploads\/2023\/05\/84-1-jpg.webp\" alt=\"XX Og\u00f3lnopolski Tydzie\u0144 Bibliotek w obiektywie: Spotkanie z Arturem Barcisiem\" class=\"wp-image-44362 not-transparent\"\/><\/a><\/figure>\n\n\n\n<figure class=\"wp-block-image size-large\"><a href=\"https:\/\/wbp.lublin.pl\/wp-content\/uploads\/2023\/05\/85-jpg.webp\"><img data-dominant-color=\"85746d\" data-has-transparency=\"false\" style=\"--dominant-color: #85746d;\" decoding=\"async\" data-id=\"44363\" src=\"https:\/\/wbp.lublin.pl\/wp-content\/uploads\/2023\/05\/85-jpg.webp\" alt=\"XX Og\u00f3lnopolski Tydzie\u0144 Bibliotek w obiektywie: Spotkanie z Arturem Barcisiem\" class=\"wp-image-44363 not-transparent\"\/><\/a><\/figure>\n<\/figure>\n\n\n\n<p class=\"wp-block-paragraph\">Fot. Dorota Mo\u015bcibrodzka<\/p>\n","protected":false},"excerpt":{"rendered":"<p>9 maja (wtorek) 20023 r. w Wojew\u00f3dzkiej Bibliotece Publicznej im. Hieronima \u0141opaci\u0144skiego odby\u0142o si\u0119 spotkanie z Arturem Barcisiem. Spotkanie zorganizowano w ramach Dyskusyjnego Klubu Ksi\u0105\u017cki. Fot. Dorota Mo\u015bcibrodzka<\/p>\n","protected":false},"author":21,"featured_media":44329,"comment_status":"closed","ping_status":"closed","sticky":false,"template":"","format":"standard","meta":{"_tec_requires_first_save":true,"_crdt_document":"","pgc_sgb_lightbox_settings":"","_EventAllDay":false,"_EventTimezone":"","_EventStartDate":"","_EventEndDate":"","_EventStartDateUTC":"","_EventEndDateUTC":"","_EventShowMap":false,"_EventShowMapLink":false,"_EventURL":"","_EventCost":"","_EventCostDescription":"","_EventCurrencySymbol":"","_EventCurrencyCode":"","_EventCurrencyPosition":"","_EventDateTimeSeparator":"","_EventTimeRangeSeparator":"","_EventOrganizerID":[],"_EventVenueID":[],"_OrganizerEmail":"","_OrganizerPhone":"","_OrganizerWebsite":"","_VenueAddress":"","_VenueCity":"","_VenueCountry":"","_VenueProvince":"","_VenueState":"","_VenueZip":"","_VenuePhone":"","_VenueURL":"","_VenueStateProvince":"","_VenueLat":"","_VenueLng":"","_VenueShowMap":false,"_VenueShowMapLink":false,"_tribe_blocks_recurrence_rules":"","_tribe_blocks_recurrence_description":"","_tribe_blocks_recurrence_exclusions":"","footnotes":""},"categories":[679,537,540],"tags":[],"class_list":["post-44286","post","type-post","status-publish","format-standard","has-post-thumbnail","hentry","category-rok-2023","category-archiwum-wydarzen","category-spotkania-autorskie-w-obiektywie"],"publishpress_future_action":{"enabled":false,"date":"2026-05-06 12:12:08","action":"change-status","newStatus":"draft","terms":[],"taxonomy":"category","extraData":[]},"publishpress_future_workflow_manual_trigger":{"enabledWorkflows":[]},"_links":{"self":[{"href":"https:\/\/wbp.lublin.pl\/index.php\/wp-json\/wp\/v2\/posts\/44286","targetHints":{"allow":["GET"]}}],"collection":[{"href":"https:\/\/wbp.lublin.pl\/index.php\/wp-json\/wp\/v2\/posts"}],"about":[{"href":"https:\/\/wbp.lublin.pl\/index.php\/wp-json\/wp\/v2\/types\/post"}],"author":[{"embeddable":true,"href":"https:\/\/wbp.lublin.pl\/index.php\/wp-json\/wp\/v2\/users\/21"}],"replies":[{"embeddable":true,"href":"https:\/\/wbp.lublin.pl\/index.php\/wp-json\/wp\/v2\/comments?post=44286"}],"version-history":[{"count":6,"href":"https:\/\/wbp.lublin.pl\/index.php\/wp-json\/wp\/v2\/posts\/44286\/revisions"}],"predecessor-version":[{"id":44590,"href":"https:\/\/wbp.lublin.pl\/index.php\/wp-json\/wp\/v2\/posts\/44286\/revisions\/44590"}],"wp:featuredmedia":[{"embeddable":true,"href":"https:\/\/wbp.lublin.pl\/index.php\/wp-json\/wp\/v2\/media\/44329"}],"wp:attachment":[{"href":"https:\/\/wbp.lublin.pl\/index.php\/wp-json\/wp\/v2\/media?parent=44286"}],"wp:term":[{"taxonomy":"category","embeddable":true,"href":"https:\/\/wbp.lublin.pl\/index.php\/wp-json\/wp\/v2\/categories?post=44286"},{"taxonomy":"post_tag","embeddable":true,"href":"https:\/\/wbp.lublin.pl\/index.php\/wp-json\/wp\/v2\/tags?post=44286"}],"curies":[{"name":"wp","href":"https:\/\/api.w.org\/{rel}","templated":true}]}}