{"id":44307,"date":"2023-05-13T11:10:04","date_gmt":"2023-05-13T09:10:04","guid":{"rendered":"https:\/\/wbp.lublin.pl\/?p=44307"},"modified":"2023-05-16T08:14:57","modified_gmt":"2023-05-16T06:14:57","slug":"spotkanie-autorskie-online-z-paulina-platkowska","status":"publish","type":"post","link":"https:\/\/wbp.lublin.pl\/index.php\/2023\/05\/13\/spotkanie-autorskie-online-z-paulina-platkowska\/","title":{"rendered":"Spotkanie autorskie online z Paulin\u0105 P\u0142atkowsk\u0105"},"content":{"rendered":"\n<p class=\"has-text-align-center wp-block-paragraph\"><strong>Wojew\u00f3dzka Biblioteka Publiczna im. Hieronima \u0141opaci\u0144skiego w Lublinie <\/strong><br>oraz <br><strong>Dyskusyjny Klub Ksi\u0105\u017cki <\/strong><\/p>\n\n\n\n<p class=\"has-text-align-center wp-block-paragraph\">zapraszaj\u0105 <\/p>\n\n\n\n<p class=\"has-text-align-center wp-block-paragraph\">na spotkanie autorskie online<\/p>\n\n\n\n<p class=\"has-text-align-center wp-block-paragraph\"><strong>15 maja (poniedzia\u0142ek) 2023 r. o godz. 11.30<\/strong><\/p>\n\n\n\n<p class=\"has-text-align-center wp-block-paragraph\">Go\u015bciem spotkania b\u0119dzie <strong>Paulina P\u0142atkowska<\/strong>, autorka ksi\u0105\u017cek dla dzieci, m\u0142odzie\u017cy i doros\u0142ych<\/p>\n\n\n\n<p class=\"has-text-align-center wp-block-paragraph\">Rozmow\u0119&nbsp; poprowadzi Joanna \u017belazowska<\/p>\n\n\n\n<p class=\"has-text-align-center wp-block-paragraph\">Spotkanie b\u0119dzie transmitowane na Facebooku Biblioteki<\/p>\n\n\n\n<p class=\"has-text-align-center wp-block-paragraph\"><a href=\"https:\/\/www.facebook.com\/wbplublin\">https:\/\/www.facebook.com\/wbplublin<\/a><\/p>\n\n\n\n<p class=\"has-text-align-center has-small-font-size wp-block-paragraph\"><strong>(spotkanie wy\u0142\u0105cznie online!)<\/strong><\/p>\n\n\n\n<div class=\"wp-block-cover\"><span aria-hidden=\"true\" class=\"wp-block-cover__background has-background-dim\"><\/span><img data-dominant-color=\"504748\" data-has-transparency=\"false\" style=\"--dominant-color: #504748;\" loading=\"lazy\" decoding=\"async\" width=\"1620\" height=\"1080\" sizes=\"auto, (max-width: 2560px) 100vw, 2560px\" class=\"wp-block-cover__image-background wp-image-44308 not-transparent\" alt=\"\" src=\"https:\/\/wbp.lublin.pl\/wp-content\/uploads\/2023\/05\/N93A1920-2-1-1620x1080.webp\" data-object-fit=\"cover\" srcset=\"https:\/\/wbp.lublin.pl\/wp-content\/uploads\/2023\/05\/N93A1920-2-1-1620x1080.webp 1620w, https:\/\/wbp.lublin.pl\/wp-content\/uploads\/2023\/05\/N93A1920-2-1-600x400.webp 600w, https:\/\/wbp.lublin.pl\/wp-content\/uploads\/2023\/05\/N93A1920-2-1-400x267.webp 400w, https:\/\/wbp.lublin.pl\/wp-content\/uploads\/2023\/05\/N93A1920-2-1-768x512.webp 768w, https:\/\/wbp.lublin.pl\/wp-content\/uploads\/2023\/05\/N93A1920-2-1-1536x1024.webp 1536w, https:\/\/wbp.lublin.pl\/wp-content\/uploads\/2023\/05\/N93A1920-2-1-2048x1365.webp 2048w, https:\/\/wbp.lublin.pl\/wp-content\/uploads\/2023\/05\/N93A1920-2-1-947x631.webp 947w, https:\/\/wbp.lublin.pl\/wp-content\/uploads\/2023\/05\/N93A1920-2-1-624x416.webp 624w, https:\/\/wbp.lublin.pl\/wp-content\/uploads\/2023\/05\/N93A1920-2-1-84x56.webp 84w\" \/><div class=\"wp-block-cover__inner-container is-layout-flow wp-block-cover-is-layout-flow\">\n<p class=\"has-text-align-center has-large-font-size wp-block-paragraph\"><\/p>\n<\/div><\/div>\n\n\n\n<p class=\"has-text-align-left wp-block-paragraph\">Materia\u0142y w\u0142asne autorki<\/p>\n\n\n\n<p class=\"wp-block-paragraph\"><\/p>\n\n\n\n<hr class=\"wp-block-separator has-alpha-channel-opacity\"\/>\n\n\n\n<p class=\"wp-block-paragraph\"><strong>Paulina P\u0142atkowska<\/strong> \u2013 z wykszta\u0142cenia kulturoznawczyni, z zawodu autorka ksi\u0105\u017cek dla dzieci, doros\u0142ych, bajek i s\u0142uchowisk. \u017byje zgodnie z natur\u0105 , coraz bardziej zielono, w spokoju i pogodzie ducha.&nbsp; Historie do ksi\u0105\u017cek wymy\u015bla w lesie, na spacerach, w podr\u00f3\u017cy , w ogrodzie, ka\u017cde nowe wyzwanie poszerza jej zbi\u00f3r fascynacji, wybor\u00f3w \u017cyciowych: \u017cona, mama i autorka ksi\u0105\u017cek dla dzieci i doros\u0142ych. \u017byje coraz pro\u015bciej i coraz bardziej zielono, w spokoju i pogodzie ducha. Jest jaroszk\u0105, hoduje pszczo\u0142y, kwiaty, zio\u0142a, kota i psa; zbiera kamienie, raczej polne ni\u017c szlachetne. Historie do ksi\u0105\u017cek wymy\u015bla w lesie.<\/p>\n\n\n\n<hr class=\"wp-block-separator has-alpha-channel-opacity\"\/>\n\n\n\n<p class=\"has-text-align-center wp-block-paragraph\">Spotkanie odb\u0119dzie si\u0119 w ramach XX Og\u00f3lnopolskiego Tygodnia Bibliotek<\/p>\n\n\n\n<figure class=\"wp-block-image size-full\"><img data-dominant-color=\"e9dbdd\" data-has-transparency=\"false\" style=\"--dominant-color: #e9dbdd;\" decoding=\"async\" sizes=\"(max-width: 1920px) 100vw, 1920px\" src=\"https:\/\/wbp.lublin.pl\/wp-content\/uploads\/2023\/05\/DKK-LOGO-BELKA-jpg.webp\" alt=\"DKK LOGO BELKA\" class=\"wp-image-44143 not-transparent\"\/><\/figure>\n\n\n<div class=\"wp-block-image\">\n<figure class=\"aligncenter size-full is-resized\"><img data-dominant-color=\"e5b1b8\" data-has-transparency=\"false\" style=\"--dominant-color: #e5b1b8;\" loading=\"lazy\" decoding=\"async\" sizes=\"auto, (max-width: 480px) 100vw, 480px\" src=\"https:\/\/wbp.lublin.pl\/wp-content\/uploads\/2023\/05\/wojewodztwo-lubelskie-logo-belka-jpg-1.webp\" alt=\"\" class=\"wp-image-44265 not-transparent\" width=\"240\" height=\"68\" srcset=\"https:\/\/wbp.lublin.pl\/wp-content\/uploads\/2023\/05\/wojewodztwo-lubelskie-logo-belka-jpg-1.webp 480w, https:\/\/wbp.lublin.pl\/wp-content\/uploads\/2023\/05\/wojewodztwo-lubelskie-logo-belka-jpg-1-400x113.webp 400w\" \/><\/figure>\n<\/div>\n\n<div class=\"wp-block-image\">\n<figure class=\"aligncenter size-full is-resized\"><img data-dominant-color=\"f1e1e3\" data-has-transparency=\"false\" style=\"--dominant-color: #f1e1e3;\" loading=\"lazy\" decoding=\"async\" sizes=\"auto, (max-width: 982px) 100vw, 982px\" src=\"https:\/\/wbp.lublin.pl\/wp-content\/uploads\/2023\/05\/lubelskie-smakuj-zycie-logo.webp\" alt=\"\" class=\"wp-image-44266 not-transparent\" width=\"150\" height=\"92\" srcset=\"https:\/\/wbp.lublin.pl\/wp-content\/uploads\/2023\/05\/lubelskie-smakuj-zycie-logo.webp 982w, https:\/\/wbp.lublin.pl\/wp-content\/uploads\/2023\/05\/lubelskie-smakuj-zycie-logo-600x367.webp 600w, https:\/\/wbp.lublin.pl\/wp-content\/uploads\/2023\/05\/lubelskie-smakuj-zycie-logo-400x245.webp 400w, https:\/\/wbp.lublin.pl\/wp-content\/uploads\/2023\/05\/lubelskie-smakuj-zycie-logo-768x470.webp 768w, https:\/\/wbp.lublin.pl\/wp-content\/uploads\/2023\/05\/lubelskie-smakuj-zycie-logo-947x580.webp 947w, https:\/\/wbp.lublin.pl\/wp-content\/uploads\/2023\/05\/lubelskie-smakuj-zycie-logo-624x382.webp 624w\" \/><\/figure>\n<\/div>","protected":false},"excerpt":{"rendered":"<p>15 maja (poniedzia\u0142ek) 2023 r. o godz. 11.30<br \/>\nFacebook Biblioteki<\/p>\n","protected":false},"author":21,"featured_media":44308,"comment_status":"closed","ping_status":"closed","sticky":false,"template":"","format":"standard","meta":{"_tec_requires_first_save":true,"_crdt_document":"","pgc_sgb_lightbox_settings":"","_EventAllDay":false,"_EventTimezone":"","_EventStartDate":"","_EventEndDate":"","_EventStartDateUTC":"","_EventEndDateUTC":"","_EventShowMap":false,"_EventShowMapLink":false,"_EventURL":"","_EventCost":"","_EventCostDescription":"","_EventCurrencySymbol":"","_EventCurrencyCode":"","_EventCurrencyPosition":"","_EventDateTimeSeparator":"","_EventTimeRangeSeparator":"","_EventOrganizerID":[],"_EventVenueID":[],"_OrganizerEmail":"","_OrganizerPhone":"","_OrganizerWebsite":"","_VenueAddress":"","_VenueCity":"","_VenueCountry":"","_VenueProvince":"","_VenueState":"","_VenueZip":"","_VenuePhone":"","_VenueURL":"","_VenueStateProvince":"","_VenueLat":"","_VenueLng":"","_VenueShowMap":false,"_VenueShowMapLink":false,"_tribe_blocks_recurrence_rules":"","_tribe_blocks_recurrence_description":"","_tribe_blocks_recurrence_exclusions":"","footnotes":""},"categories":[664,679,537],"tags":[],"class_list":["post-44307","post","type-post","status-publish","format-standard","has-post-thumbnail","hentry","category-oddzial-dla-dzieci","category-rok-2023","category-archiwum-wydarzen"],"publishpress_future_action":{"enabled":false,"date":"2026-05-06 11:45:00","action":"change-status","newStatus":"draft","terms":[],"taxonomy":"category","extraData":[]},"publishpress_future_workflow_manual_trigger":{"enabledWorkflows":[]},"_links":{"self":[{"href":"https:\/\/wbp.lublin.pl\/index.php\/wp-json\/wp\/v2\/posts\/44307","targetHints":{"allow":["GET"]}}],"collection":[{"href":"https:\/\/wbp.lublin.pl\/index.php\/wp-json\/wp\/v2\/posts"}],"about":[{"href":"https:\/\/wbp.lublin.pl\/index.php\/wp-json\/wp\/v2\/types\/post"}],"author":[{"embeddable":true,"href":"https:\/\/wbp.lublin.pl\/index.php\/wp-json\/wp\/v2\/users\/21"}],"replies":[{"embeddable":true,"href":"https:\/\/wbp.lublin.pl\/index.php\/wp-json\/wp\/v2\/comments?post=44307"}],"version-history":[{"count":12,"href":"https:\/\/wbp.lublin.pl\/index.php\/wp-json\/wp\/v2\/posts\/44307\/revisions"}],"predecessor-version":[{"id":44515,"href":"https:\/\/wbp.lublin.pl\/index.php\/wp-json\/wp\/v2\/posts\/44307\/revisions\/44515"}],"wp:featuredmedia":[{"embeddable":true,"href":"https:\/\/wbp.lublin.pl\/index.php\/wp-json\/wp\/v2\/media\/44308"}],"wp:attachment":[{"href":"https:\/\/wbp.lublin.pl\/index.php\/wp-json\/wp\/v2\/media?parent=44307"}],"wp:term":[{"taxonomy":"category","embeddable":true,"href":"https:\/\/wbp.lublin.pl\/index.php\/wp-json\/wp\/v2\/categories?post=44307"},{"taxonomy":"post_tag","embeddable":true,"href":"https:\/\/wbp.lublin.pl\/index.php\/wp-json\/wp\/v2\/tags?post=44307"}],"curies":[{"name":"wp","href":"https:\/\/api.w.org\/{rel}","templated":true}]}}