{"id":44368,"date":"2023-05-16T09:37:31","date_gmt":"2023-05-16T07:37:31","guid":{"rendered":"https:\/\/wbp.lublin.pl\/?p=44368"},"modified":"2023-06-09T09:47:43","modified_gmt":"2023-06-09T07:47:43","slug":"xx-ogolnopolski-tydzien-bibliotek-w-obiektywie-spotkanie-promujace-ksiazke-dr-hab-ewy-glazewskiej-i-prof-dr-hab-malgorzaty-karwatowskiej-humor-w-czasach-zarazy","status":"publish","type":"post","link":"https:\/\/wbp.lublin.pl\/index.php\/2023\/05\/16\/xx-ogolnopolski-tydzien-bibliotek-w-obiektywie-spotkanie-promujace-ksiazke-dr-hab-ewy-glazewskiej-i-prof-dr-hab-malgorzaty-karwatowskiej-humor-w-czasach-zarazy\/","title":{"rendered":"XX Og\u00f3lnopolski Tydzie\u0144 Bibliotek w obiektywie: Spotkanie z dr hab. Ew\u0105 G\u0142a\u017cewsk\u0105 i prof. dr hab. Ma\u0142gorzat\u0105 Karwatowsk\u0105"},"content":{"rendered":"\n<p class=\"wp-block-paragraph\">10 maja (\u015broda) 20023 r.  w Wojew\u00f3dzkiej Bibliotece Publicznej im. Hieronima \u0141opaci\u0144skiego odby\u0142a si\u0119 promocja  ksi\u0105\u017cki dr hab. Ewy G\u0142a\u017cewskiej i prof. dr hab. Ma\u0142gorzaty Karwatowskiej \u201eHumor w czasach zarazy\u201d. Spotkanie prowadzi\u0142a Dorota Mo\u015bcibrodzka.<\/p>\n\n\n\n<p class=\"wp-block-paragraph\"><\/p>\n\n\n\n<figure class=\"wp-block-gallery has-nested-images columns-1 is-cropped wp-block-gallery-1 is-layout-flex wp-block-gallery-is-layout-flex\">\n<figure class=\"wp-block-image size-large\"><a href=\"https:\/\/wbp.lublin.pl\/wp-content\/uploads\/2023\/05\/98-scaled.webp\"><img data-dominant-color=\"6b6064\" data-has-transparency=\"false\" style=\"--dominant-color: #6b6064;\" loading=\"lazy\" decoding=\"async\" width=\"1920\" height=\"1078\" sizes=\"auto, (max-width: 1920px) 100vw, 1920px\" data-id=\"44524\" src=\"https:\/\/wbp.lublin.pl\/wp-content\/uploads\/2023\/05\/98-1920x1078.webp\" alt=\"\" class=\"wp-image-44524 not-transparent\" srcset=\"https:\/\/wbp.lublin.pl\/wp-content\/uploads\/2023\/05\/98-1920x1078.webp 1920w, https:\/\/wbp.lublin.pl\/wp-content\/uploads\/2023\/05\/98-600x337.webp 600w, https:\/\/wbp.lublin.pl\/wp-content\/uploads\/2023\/05\/98-400x225.webp 400w, https:\/\/wbp.lublin.pl\/wp-content\/uploads\/2023\/05\/98-768x431.webp 768w, https:\/\/wbp.lublin.pl\/wp-content\/uploads\/2023\/05\/98-1536x862.webp 1536w, https:\/\/wbp.lublin.pl\/wp-content\/uploads\/2023\/05\/98-2048x1150.webp 2048w, https:\/\/wbp.lublin.pl\/wp-content\/uploads\/2023\/05\/98-947x532.webp 947w, https:\/\/wbp.lublin.pl\/wp-content\/uploads\/2023\/05\/98-624x350.webp 624w\" \/><\/a><figcaption class=\"wp-element-caption\">dr hab. Ewa G\u0142a\u017cewska i prof. dr hab. Ma\u0142gorzata Karwatowska oraz Dorota Mo\u015bcibrodzka<\/figcaption><\/figure>\n\n\n\n<figure class=\"wp-block-image size-large\"><a href=\"https:\/\/wbp.lublin.pl\/wp-content\/uploads\/2023\/05\/99-scaled.webp\"><img data-dominant-color=\"695c5d\" data-has-transparency=\"false\" style=\"--dominant-color: #695c5d;\" loading=\"lazy\" decoding=\"async\" width=\"1920\" height=\"1078\" sizes=\"auto, (max-width: 1920px) 100vw, 1920px\" data-id=\"44525\" src=\"https:\/\/wbp.lublin.pl\/wp-content\/uploads\/2023\/05\/99-1920x1078.webp\" alt=\"\" class=\"wp-image-44525 not-transparent\" srcset=\"https:\/\/wbp.lublin.pl\/wp-content\/uploads\/2023\/05\/99-1920x1078.webp 1920w, https:\/\/wbp.lublin.pl\/wp-content\/uploads\/2023\/05\/99-600x337.webp 600w, https:\/\/wbp.lublin.pl\/wp-content\/uploads\/2023\/05\/99-400x225.webp 400w, https:\/\/wbp.lublin.pl\/wp-content\/uploads\/2023\/05\/99-768x431.webp 768w, https:\/\/wbp.lublin.pl\/wp-content\/uploads\/2023\/05\/99-1536x862.webp 1536w, https:\/\/wbp.lublin.pl\/wp-content\/uploads\/2023\/05\/99-2048x1150.webp 2048w, https:\/\/wbp.lublin.pl\/wp-content\/uploads\/2023\/05\/99-947x532.webp 947w, https:\/\/wbp.lublin.pl\/wp-content\/uploads\/2023\/05\/99-624x350.webp 624w\" \/><\/a><\/figure>\n\n\n\n<figure class=\"wp-block-image size-large\"><a href=\"https:\/\/wbp.lublin.pl\/wp-content\/uploads\/2023\/05\/101-scaled.webp\"><img data-dominant-color=\"5e504f\" data-has-transparency=\"false\" style=\"--dominant-color: #5e504f;\" loading=\"lazy\" decoding=\"async\" width=\"1920\" height=\"1078\" sizes=\"auto, (max-width: 1920px) 100vw, 1920px\" data-id=\"44522\" src=\"https:\/\/wbp.lublin.pl\/wp-content\/uploads\/2023\/05\/101-1920x1078.webp\" alt=\"\" class=\"wp-image-44522 not-transparent\" srcset=\"https:\/\/wbp.lublin.pl\/wp-content\/uploads\/2023\/05\/101-1920x1078.webp 1920w, https:\/\/wbp.lublin.pl\/wp-content\/uploads\/2023\/05\/101-600x337.webp 600w, https:\/\/wbp.lublin.pl\/wp-content\/uploads\/2023\/05\/101-400x225.webp 400w, https:\/\/wbp.lublin.pl\/wp-content\/uploads\/2023\/05\/101-768x431.webp 768w, https:\/\/wbp.lublin.pl\/wp-content\/uploads\/2023\/05\/101-1536x862.webp 1536w, https:\/\/wbp.lublin.pl\/wp-content\/uploads\/2023\/05\/101-2048x1150.webp 2048w, https:\/\/wbp.lublin.pl\/wp-content\/uploads\/2023\/05\/101-947x532.webp 947w, https:\/\/wbp.lublin.pl\/wp-content\/uploads\/2023\/05\/101-624x350.webp 624w\" \/><\/a><\/figure>\n\n\n\n<figure class=\"wp-block-image size-large\"><a href=\"https:\/\/wbp.lublin.pl\/wp-content\/uploads\/2023\/05\/102-scaled.webp\"><img data-dominant-color=\"6e615f\" data-has-transparency=\"false\" style=\"--dominant-color: #6e615f;\" loading=\"lazy\" decoding=\"async\" width=\"1920\" height=\"1078\" sizes=\"auto, (max-width: 1920px) 100vw, 1920px\" data-id=\"44526\" src=\"https:\/\/wbp.lublin.pl\/wp-content\/uploads\/2023\/05\/102-1920x1078.webp\" alt=\"\" class=\"wp-image-44526 not-transparent\" srcset=\"https:\/\/wbp.lublin.pl\/wp-content\/uploads\/2023\/05\/102-1920x1078.webp 1920w, https:\/\/wbp.lublin.pl\/wp-content\/uploads\/2023\/05\/102-600x337.webp 600w, https:\/\/wbp.lublin.pl\/wp-content\/uploads\/2023\/05\/102-400x225.webp 400w, https:\/\/wbp.lublin.pl\/wp-content\/uploads\/2023\/05\/102-768x431.webp 768w, https:\/\/wbp.lublin.pl\/wp-content\/uploads\/2023\/05\/102-1536x862.webp 1536w, https:\/\/wbp.lublin.pl\/wp-content\/uploads\/2023\/05\/102-2048x1150.webp 2048w, https:\/\/wbp.lublin.pl\/wp-content\/uploads\/2023\/05\/102-947x532.webp 947w, https:\/\/wbp.lublin.pl\/wp-content\/uploads\/2023\/05\/102-624x350.webp 624w\" \/><\/a><\/figure>\n\n\n\n<figure class=\"wp-block-image size-large\"><a href=\"https:\/\/wbp.lublin.pl\/wp-content\/uploads\/2023\/05\/103-scaled.webp\"><img data-dominant-color=\"998f93\" data-has-transparency=\"false\" style=\"--dominant-color: #998f93;\" loading=\"lazy\" decoding=\"async\" width=\"1920\" height=\"1078\" sizes=\"auto, (max-width: 1920px) 100vw, 1920px\" data-id=\"44523\" src=\"https:\/\/wbp.lublin.pl\/wp-content\/uploads\/2023\/05\/103-1920x1078.webp\" alt=\"\" class=\"wp-image-44523 not-transparent\" srcset=\"https:\/\/wbp.lublin.pl\/wp-content\/uploads\/2023\/05\/103-1920x1078.webp 1920w, https:\/\/wbp.lublin.pl\/wp-content\/uploads\/2023\/05\/103-600x337.webp 600w, https:\/\/wbp.lublin.pl\/wp-content\/uploads\/2023\/05\/103-400x225.webp 400w, https:\/\/wbp.lublin.pl\/wp-content\/uploads\/2023\/05\/103-768x431.webp 768w, https:\/\/wbp.lublin.pl\/wp-content\/uploads\/2023\/05\/103-1536x862.webp 1536w, https:\/\/wbp.lublin.pl\/wp-content\/uploads\/2023\/05\/103-2048x1149.webp 2048w, https:\/\/wbp.lublin.pl\/wp-content\/uploads\/2023\/05\/103-947x532.webp 947w, https:\/\/wbp.lublin.pl\/wp-content\/uploads\/2023\/05\/103-624x350.webp 624w\" \/><\/a><\/figure>\n\n\n\n<figure class=\"wp-block-image size-large\"><a href=\"https:\/\/wbp.lublin.pl\/wp-content\/uploads\/2023\/05\/107-scaled.webp\"><img data-dominant-color=\"6c645e\" data-has-transparency=\"false\" style=\"--dominant-color: #6c645e;\" loading=\"lazy\" decoding=\"async\" width=\"1920\" height=\"1078\" sizes=\"auto, (max-width: 1920px) 100vw, 1920px\" data-id=\"44529\" src=\"https:\/\/wbp.lublin.pl\/wp-content\/uploads\/2023\/05\/107-1920x1078.webp\" alt=\"\" class=\"wp-image-44529 not-transparent\" srcset=\"https:\/\/wbp.lublin.pl\/wp-content\/uploads\/2023\/05\/107-1920x1078.webp 1920w, https:\/\/wbp.lublin.pl\/wp-content\/uploads\/2023\/05\/107-600x337.webp 600w, https:\/\/wbp.lublin.pl\/wp-content\/uploads\/2023\/05\/107-400x225.webp 400w, https:\/\/wbp.lublin.pl\/wp-content\/uploads\/2023\/05\/107-768x431.webp 768w, https:\/\/wbp.lublin.pl\/wp-content\/uploads\/2023\/05\/107-1536x862.webp 1536w, https:\/\/wbp.lublin.pl\/wp-content\/uploads\/2023\/05\/107-2048x1150.webp 2048w, https:\/\/wbp.lublin.pl\/wp-content\/uploads\/2023\/05\/107-947x532.webp 947w, https:\/\/wbp.lublin.pl\/wp-content\/uploads\/2023\/05\/107-624x350.webp 624w\" \/><\/a><\/figure>\n\n\n\n<figure class=\"wp-block-image size-large\"><a href=\"https:\/\/wbp.lublin.pl\/wp-content\/uploads\/2023\/05\/105-scaled.webp\"><img data-dominant-color=\"574d45\" data-has-transparency=\"false\" style=\"--dominant-color: #574d45;\" loading=\"lazy\" decoding=\"async\" width=\"1920\" height=\"1078\" sizes=\"auto, (max-width: 1920px) 100vw, 1920px\" data-id=\"44527\" src=\"https:\/\/wbp.lublin.pl\/wp-content\/uploads\/2023\/05\/105-1920x1078.webp\" alt=\"\" class=\"wp-image-44527 not-transparent\" srcset=\"https:\/\/wbp.lublin.pl\/wp-content\/uploads\/2023\/05\/105-1920x1078.webp 1920w, https:\/\/wbp.lublin.pl\/wp-content\/uploads\/2023\/05\/105-600x337.webp 600w, https:\/\/wbp.lublin.pl\/wp-content\/uploads\/2023\/05\/105-400x225.webp 400w, https:\/\/wbp.lublin.pl\/wp-content\/uploads\/2023\/05\/105-768x431.webp 768w, https:\/\/wbp.lublin.pl\/wp-content\/uploads\/2023\/05\/105-1536x862.webp 1536w, https:\/\/wbp.lublin.pl\/wp-content\/uploads\/2023\/05\/105-2048x1150.webp 2048w, https:\/\/wbp.lublin.pl\/wp-content\/uploads\/2023\/05\/105-947x532.webp 947w, https:\/\/wbp.lublin.pl\/wp-content\/uploads\/2023\/05\/105-624x350.webp 624w\" \/><\/a><\/figure>\n\n\n\n<figure class=\"wp-block-image size-large\"><a href=\"https:\/\/wbp.lublin.pl\/wp-content\/uploads\/2023\/05\/106-1-scaled.webp\"><img data-dominant-color=\"5e564d\" data-has-transparency=\"false\" style=\"--dominant-color: #5e564d;\" loading=\"lazy\" decoding=\"async\" width=\"1920\" height=\"1078\" sizes=\"auto, (max-width: 1920px) 100vw, 1920px\" data-id=\"44528\" src=\"https:\/\/wbp.lublin.pl\/wp-content\/uploads\/2023\/05\/106-1-1920x1078.webp\" alt=\"\" class=\"wp-image-44528 not-transparent\" srcset=\"https:\/\/wbp.lublin.pl\/wp-content\/uploads\/2023\/05\/106-1-1920x1078.webp 1920w, https:\/\/wbp.lublin.pl\/wp-content\/uploads\/2023\/05\/106-1-600x337.webp 600w, https:\/\/wbp.lublin.pl\/wp-content\/uploads\/2023\/05\/106-1-400x225.webp 400w, https:\/\/wbp.lublin.pl\/wp-content\/uploads\/2023\/05\/106-1-768x431.webp 768w, https:\/\/wbp.lublin.pl\/wp-content\/uploads\/2023\/05\/106-1-1536x862.webp 1536w, https:\/\/wbp.lublin.pl\/wp-content\/uploads\/2023\/05\/106-1-2048x1150.webp 2048w, https:\/\/wbp.lublin.pl\/wp-content\/uploads\/2023\/05\/106-1-947x532.webp 947w, https:\/\/wbp.lublin.pl\/wp-content\/uploads\/2023\/05\/106-1-624x350.webp 624w\" \/><\/a><\/figure>\n\n\n\n<figure class=\"wp-block-image size-large\"><a href=\"https:\/\/wbp.lublin.pl\/wp-content\/uploads\/2023\/05\/110-1-scaled.webp\"><img data-dominant-color=\"54433d\" data-has-transparency=\"false\" style=\"--dominant-color: #54433d;\" loading=\"lazy\" decoding=\"async\" width=\"1920\" height=\"1078\" sizes=\"auto, (max-width: 1920px) 100vw, 1920px\" data-id=\"44530\" src=\"https:\/\/wbp.lublin.pl\/wp-content\/uploads\/2023\/05\/110-1-1920x1078.webp\" alt=\"\" class=\"wp-image-44530 not-transparent\" srcset=\"https:\/\/wbp.lublin.pl\/wp-content\/uploads\/2023\/05\/110-1-1920x1078.webp 1920w, https:\/\/wbp.lublin.pl\/wp-content\/uploads\/2023\/05\/110-1-600x337.webp 600w, https:\/\/wbp.lublin.pl\/wp-content\/uploads\/2023\/05\/110-1-400x225.webp 400w, https:\/\/wbp.lublin.pl\/wp-content\/uploads\/2023\/05\/110-1-768x431.webp 768w, https:\/\/wbp.lublin.pl\/wp-content\/uploads\/2023\/05\/110-1-1536x862.webp 1536w, https:\/\/wbp.lublin.pl\/wp-content\/uploads\/2023\/05\/110-1-2048x1150.webp 2048w, https:\/\/wbp.lublin.pl\/wp-content\/uploads\/2023\/05\/110-1-947x532.webp 947w, https:\/\/wbp.lublin.pl\/wp-content\/uploads\/2023\/05\/110-1-624x350.webp 624w\" \/><\/a><\/figure>\n<\/figure>\n\n\n\n<p class=\"wp-block-paragraph\">Fot. Katarzyna Stanek<\/p>\n","protected":false},"excerpt":{"rendered":"<p>10 maja (\u015broda) 20023 r. w Wojew\u00f3dzkiej Bibliotece Publicznej im. Hieronima \u0141opaci\u0144skiego odby\u0142a si\u0119 promocja ksi\u0105\u017cki dr hab. Ewy G\u0142a\u017cewskiej i prof. dr hab. Ma\u0142gorzaty Karwatowskiej \u201eHumor w czasach zarazy\u201d. [&hellip;]<\/p>\n","protected":false},"author":21,"featured_media":44524,"comment_status":"closed","ping_status":"closed","sticky":false,"template":"","format":"standard","meta":{"_tec_requires_first_save":true,"_crdt_document":"","pgc_sgb_lightbox_settings":"","_EventAllDay":false,"_EventTimezone":"","_EventStartDate":"","_EventEndDate":"","_EventStartDateUTC":"","_EventEndDateUTC":"","_EventShowMap":false,"_EventShowMapLink":false,"_EventURL":"","_EventCost":"","_EventCostDescription":"","_EventCurrencySymbol":"","_EventCurrencyCode":"","_EventCurrencyPosition":"","_EventDateTimeSeparator":"","_EventTimeRangeSeparator":"","_EventOrganizerID":[],"_EventVenueID":[],"_OrganizerEmail":"","_OrganizerPhone":"","_OrganizerWebsite":"","_VenueAddress":"","_VenueCity":"","_VenueCountry":"","_VenueProvince":"","_VenueState":"","_VenueZip":"","_VenuePhone":"","_VenueURL":"","_VenueStateProvince":"","_VenueLat":"","_VenueLng":"","_VenueShowMap":false,"_VenueShowMapLink":false,"_tribe_blocks_recurrence_rules":"","_tribe_blocks_recurrence_description":"","_tribe_blocks_recurrence_exclusions":"","footnotes":""},"categories":[679,537,540],"tags":[],"class_list":["post-44368","post","type-post","status-publish","format-standard","has-post-thumbnail","hentry","category-rok-2023","category-archiwum-wydarzen","category-spotkania-autorskie-w-obiektywie"],"publishpress_future_action":{"enabled":false,"date":"2026-05-06 12:59:02","action":"change-status","newStatus":"draft","terms":[],"taxonomy":"category","extraData":[]},"publishpress_future_workflow_manual_trigger":{"enabledWorkflows":[]},"_links":{"self":[{"href":"https:\/\/wbp.lublin.pl\/index.php\/wp-json\/wp\/v2\/posts\/44368","targetHints":{"allow":["GET"]}}],"collection":[{"href":"https:\/\/wbp.lublin.pl\/index.php\/wp-json\/wp\/v2\/posts"}],"about":[{"href":"https:\/\/wbp.lublin.pl\/index.php\/wp-json\/wp\/v2\/types\/post"}],"author":[{"embeddable":true,"href":"https:\/\/wbp.lublin.pl\/index.php\/wp-json\/wp\/v2\/users\/21"}],"replies":[{"embeddable":true,"href":"https:\/\/wbp.lublin.pl\/index.php\/wp-json\/wp\/v2\/comments?post=44368"}],"version-history":[{"count":9,"href":"https:\/\/wbp.lublin.pl\/index.php\/wp-json\/wp\/v2\/posts\/44368\/revisions"}],"predecessor-version":[{"id":44598,"href":"https:\/\/wbp.lublin.pl\/index.php\/wp-json\/wp\/v2\/posts\/44368\/revisions\/44598"}],"wp:featuredmedia":[{"embeddable":true,"href":"https:\/\/wbp.lublin.pl\/index.php\/wp-json\/wp\/v2\/media\/44524"}],"wp:attachment":[{"href":"https:\/\/wbp.lublin.pl\/index.php\/wp-json\/wp\/v2\/media?parent=44368"}],"wp:term":[{"taxonomy":"category","embeddable":true,"href":"https:\/\/wbp.lublin.pl\/index.php\/wp-json\/wp\/v2\/categories?post=44368"},{"taxonomy":"post_tag","embeddable":true,"href":"https:\/\/wbp.lublin.pl\/index.php\/wp-json\/wp\/v2\/tags?post=44368"}],"curies":[{"name":"wp","href":"https:\/\/api.w.org\/{rel}","templated":true}]}}