{"id":44421,"date":"2023-05-18T16:38:43","date_gmt":"2023-05-18T14:38:43","guid":{"rendered":"https:\/\/wbp.lublin.pl\/?p=44421"},"modified":"2023-05-19T09:15:31","modified_gmt":"2023-05-19T07:15:31","slug":"xx-ogolnopolski-tydzien-bibliotek-w-obiektywie-mieszkamy-w-ksiazce-czyli-co-ty-wiesz-o-bohaterach-warsztat-dla-dzieci","status":"publish","type":"post","link":"https:\/\/wbp.lublin.pl\/index.php\/2023\/05\/18\/xx-ogolnopolski-tydzien-bibliotek-w-obiektywie-mieszkamy-w-ksiazce-czyli-co-ty-wiesz-o-bohaterach-warsztat-dla-dzieci\/","title":{"rendered":"XX Og\u00f3lnopolski Tydzie\u0144 Bibliotek w obiektywie: \u201eMieszkamy w ksi\u0105\u017cce, czyli co Ty wiesz o bohaterach.\u00a0Warsztaty dla dzieci\u201d"},"content":{"rendered":"\n<!--more-->\n\n\n\n<p class=\"wp-block-paragraph\">Od 8 do 15 maja 2023 r. w Wojew\u00f3dzkiej Bibliotece im. Hieronima \u0141opaci\u0144skiego w Lublinie w Oddziale dla Dzieci odbywa\u0142y si\u0119 warsztaty <strong><em>Mieszkamy w ksi\u0105\u017cce, czyli co Ty wiesz o bohaterach<\/em><\/strong>, kt\u00f3re przygotowa\u0142y i prowadzi\u0142y: Joanna \u017belazowska i Iwona Niewczas (Dzia\u0142 Udost\u0119pniania Zbior\u00f3w. Multimedia). Podczas warsztat\u00f3w dzieci mog\u0142y r\u00f3wnie\u017c zobaczy\u0107 ciekawe zbiory specjalne Biblioteki, kt\u00f3re  zaprezentowa\u0142a Anna \u0141ukasik (Dzia\u0142 Zbior\u00f3w Specjalnych WBP).<\/p>\n\n\n\n<figure class=\"wp-block-gallery has-nested-images columns-1 is-cropped wp-block-gallery-1 is-layout-flex wp-block-gallery-is-layout-flex\">\n<figure class=\"wp-block-image size-large\"><a href=\"https:\/\/wbp.lublin.pl\/wp-content\/uploads\/2023\/05\/12c-1-scaled.webp\"><img data-dominant-color=\"81807d\" data-has-transparency=\"false\" style=\"--dominant-color: #81807d;\" loading=\"lazy\" decoding=\"async\" width=\"1920\" height=\"1078\" sizes=\"auto, (max-width: 1920px) 100vw, 1920px\" data-id=\"44615\" src=\"https:\/\/wbp.lublin.pl\/wp-content\/uploads\/2023\/05\/12c-1-1920x1078.webp\" alt=\"\" class=\"wp-image-44615 not-transparent\" srcset=\"https:\/\/wbp.lublin.pl\/wp-content\/uploads\/2023\/05\/12c-1-1920x1078.webp 1920w, https:\/\/wbp.lublin.pl\/wp-content\/uploads\/2023\/05\/12c-1-600x337.webp 600w, https:\/\/wbp.lublin.pl\/wp-content\/uploads\/2023\/05\/12c-1-400x225.webp 400w, https:\/\/wbp.lublin.pl\/wp-content\/uploads\/2023\/05\/12c-1-768x431.webp 768w, https:\/\/wbp.lublin.pl\/wp-content\/uploads\/2023\/05\/12c-1-1536x862.webp 1536w, https:\/\/wbp.lublin.pl\/wp-content\/uploads\/2023\/05\/12c-1-2048x1150.webp 2048w, https:\/\/wbp.lublin.pl\/wp-content\/uploads\/2023\/05\/12c-1-947x532.webp 947w, https:\/\/wbp.lublin.pl\/wp-content\/uploads\/2023\/05\/12c-1-624x350.webp 624w\" \/><\/a><figcaption class=\"wp-element-caption\">Joanna \u017belazowska (Dzia\u0142 Udost\u0119pniania Zbior\u00f3w. Multimedia &#8211; Oddzia\u0142 dla Dzieci)<\/figcaption><\/figure>\n\n\n\n<figure class=\"wp-block-image size-large\"><a href=\"https:\/\/wbp.lublin.pl\/wp-content\/uploads\/2023\/05\/12a-2-scaled.webp\"><img data-dominant-color=\"766d65\" data-has-transparency=\"false\" style=\"--dominant-color: #766d65;\" loading=\"lazy\" decoding=\"async\" width=\"1920\" height=\"1078\" sizes=\"auto, (max-width: 1920px) 100vw, 1920px\" data-id=\"44616\" src=\"https:\/\/wbp.lublin.pl\/wp-content\/uploads\/2023\/05\/12a-2-1920x1078.webp\" alt=\"\" class=\"wp-image-44616 not-transparent\" srcset=\"https:\/\/wbp.lublin.pl\/wp-content\/uploads\/2023\/05\/12a-2-1920x1078.webp 1920w, https:\/\/wbp.lublin.pl\/wp-content\/uploads\/2023\/05\/12a-2-600x337.webp 600w, https:\/\/wbp.lublin.pl\/wp-content\/uploads\/2023\/05\/12a-2-400x225.webp 400w, https:\/\/wbp.lublin.pl\/wp-content\/uploads\/2023\/05\/12a-2-768x431.webp 768w, https:\/\/wbp.lublin.pl\/wp-content\/uploads\/2023\/05\/12a-2-1536x862.webp 1536w, https:\/\/wbp.lublin.pl\/wp-content\/uploads\/2023\/05\/12a-2-2048x1150.webp 2048w, https:\/\/wbp.lublin.pl\/wp-content\/uploads\/2023\/05\/12a-2-947x532.webp 947w, https:\/\/wbp.lublin.pl\/wp-content\/uploads\/2023\/05\/12a-2-624x350.webp 624w\" \/><\/a><figcaption class=\"wp-element-caption\">Warsztaty <strong><em>Mieszkamy w ksi\u0105\u017cce, czyli co Ty wiesz o bohaterach<\/em><\/strong><\/figcaption><\/figure>\n\n\n\n<figure class=\"wp-block-image size-large\"><a href=\"https:\/\/wbp.lublin.pl\/wp-content\/uploads\/2023\/05\/12b-1-scaled.webp\"><img data-dominant-color=\"7e766f\" data-has-transparency=\"false\" style=\"--dominant-color: #7e766f;\" loading=\"lazy\" decoding=\"async\" width=\"1920\" height=\"1078\" sizes=\"auto, (max-width: 1920px) 100vw, 1920px\" data-id=\"44617\" src=\"https:\/\/wbp.lublin.pl\/wp-content\/uploads\/2023\/05\/12b-1-1920x1078.webp\" alt=\"\" class=\"wp-image-44617 not-transparent\" srcset=\"https:\/\/wbp.lublin.pl\/wp-content\/uploads\/2023\/05\/12b-1-1920x1078.webp 1920w, https:\/\/wbp.lublin.pl\/wp-content\/uploads\/2023\/05\/12b-1-600x337.webp 600w, https:\/\/wbp.lublin.pl\/wp-content\/uploads\/2023\/05\/12b-1-400x224.webp 400w, https:\/\/wbp.lublin.pl\/wp-content\/uploads\/2023\/05\/12b-1-768x431.webp 768w, https:\/\/wbp.lublin.pl\/wp-content\/uploads\/2023\/05\/12b-1-1536x862.webp 1536w, https:\/\/wbp.lublin.pl\/wp-content\/uploads\/2023\/05\/12b-1-2048x1149.webp 2048w, https:\/\/wbp.lublin.pl\/wp-content\/uploads\/2023\/05\/12b-1-947x531.webp 947w, https:\/\/wbp.lublin.pl\/wp-content\/uploads\/2023\/05\/12b-1-624x350.webp 624w\" \/><\/a><figcaption class=\"wp-element-caption\">Warsztaty <strong><em>Mieszkamy w ksi\u0105\u017cce, czyli co Ty wiesz o bohaterach<\/em><\/strong><\/figcaption><\/figure>\n\n\n\n<figure class=\"wp-block-image size-large\"><a href=\"https:\/\/wbp.lublin.pl\/wp-content\/uploads\/2023\/05\/12d-1-scaled.webp\"><img data-dominant-color=\"50483d\" data-has-transparency=\"false\" style=\"--dominant-color: #50483d;\" loading=\"lazy\" decoding=\"async\" width=\"1920\" height=\"1078\" sizes=\"auto, (max-width: 1920px) 100vw, 1920px\" data-id=\"44618\" src=\"https:\/\/wbp.lublin.pl\/wp-content\/uploads\/2023\/05\/12d-1-1920x1078.webp\" alt=\"\" class=\"wp-image-44618 not-transparent\" srcset=\"https:\/\/wbp.lublin.pl\/wp-content\/uploads\/2023\/05\/12d-1-1920x1078.webp 1920w, https:\/\/wbp.lublin.pl\/wp-content\/uploads\/2023\/05\/12d-1-600x337.webp 600w, https:\/\/wbp.lublin.pl\/wp-content\/uploads\/2023\/05\/12d-1-400x225.webp 400w, https:\/\/wbp.lublin.pl\/wp-content\/uploads\/2023\/05\/12d-1-768x431.webp 768w, https:\/\/wbp.lublin.pl\/wp-content\/uploads\/2023\/05\/12d-1-1536x862.webp 1536w, https:\/\/wbp.lublin.pl\/wp-content\/uploads\/2023\/05\/12d-1-2048x1150.webp 2048w, https:\/\/wbp.lublin.pl\/wp-content\/uploads\/2023\/05\/12d-1-947x532.webp 947w, https:\/\/wbp.lublin.pl\/wp-content\/uploads\/2023\/05\/12d-1-624x350.webp 624w\" \/><\/a><figcaption class=\"wp-element-caption\">Warsztaty <strong><em>Mieszkamy w ksi\u0105\u017cce, czyli co Ty wiesz o bohaterach<\/em><\/strong><\/figcaption><\/figure>\n\n\n\n<figure class=\"wp-block-image size-large\"><a href=\"https:\/\/wbp.lublin.pl\/wp-content\/uploads\/2023\/05\/12e-1-scaled.webp\"><img data-dominant-color=\"5b5348\" data-has-transparency=\"false\" style=\"--dominant-color: #5b5348;\" loading=\"lazy\" decoding=\"async\" width=\"606\" height=\"1080\" sizes=\"auto, (max-width: 606px) 100vw, 606px\" data-id=\"44614\" src=\"https:\/\/wbp.lublin.pl\/wp-content\/uploads\/2023\/05\/12e-1-606x1080.webp\" alt=\"\" class=\"wp-image-44614 not-transparent\" srcset=\"https:\/\/wbp.lublin.pl\/wp-content\/uploads\/2023\/05\/12e-1-606x1080.webp 606w, https:\/\/wbp.lublin.pl\/wp-content\/uploads\/2023\/05\/12e-1-337x600.webp 337w, https:\/\/wbp.lublin.pl\/wp-content\/uploads\/2023\/05\/12e-1-225x400.webp 225w, https:\/\/wbp.lublin.pl\/wp-content\/uploads\/2023\/05\/12e-1-768x1368.webp 768w, https:\/\/wbp.lublin.pl\/wp-content\/uploads\/2023\/05\/12e-1-862x1536.webp 862w, https:\/\/wbp.lublin.pl\/wp-content\/uploads\/2023\/05\/12e-1-1150x2048.webp 1150w, https:\/\/wbp.lublin.pl\/wp-content\/uploads\/2023\/05\/12e-1-947x1687.webp 947w, https:\/\/wbp.lublin.pl\/wp-content\/uploads\/2023\/05\/12e-1-624x1112.webp 624w, https:\/\/wbp.lublin.pl\/wp-content\/uploads\/2023\/05\/12e-1-scaled.webp 1437w\" \/><\/a><figcaption class=\"wp-element-caption\">Warsztaty <strong><em>Mieszkamy w ksi\u0105\u017cce, czyli co Ty wiesz o bohaterach<\/em><\/strong><\/figcaption><\/figure>\n<\/figure>\n\n\n\n<figure class=\"wp-block-gallery has-nested-images columns-1 is-cropped wp-block-gallery-2 is-layout-flex wp-block-gallery-is-layout-flex\">\n<figure class=\"wp-block-image size-large\"><a href=\"https:\/\/wbp.lublin.pl\/wp-content\/uploads\/2023\/05\/3-4-jpg.webp\"><img data-dominant-color=\"595448\" data-has-transparency=\"false\" style=\"--dominant-color: #595448;\" decoding=\"async\" data-id=\"44603\" src=\"https:\/\/wbp.lublin.pl\/wp-content\/uploads\/2023\/05\/3-4-jpg.webp\" alt=\"\" class=\"wp-image-44603 not-transparent\"\/><\/a><figcaption class=\"wp-element-caption\">Iwona Niewczas (Dzia\u0142 Udost\u0119pniania Zbior\u00f3w. Multimedia)<\/figcaption><\/figure>\n\n\n\n<figure class=\"wp-block-image size-large\"><a href=\"https:\/\/wbp.lublin.pl\/wp-content\/uploads\/2023\/05\/10-1-jpg.webp\"><img data-dominant-color=\"514741\" data-has-transparency=\"false\" style=\"--dominant-color: #514741;\" decoding=\"async\" data-id=\"44609\" src=\"https:\/\/wbp.lublin.pl\/wp-content\/uploads\/2023\/05\/10-1-jpg.webp\" alt=\"\" class=\"wp-image-44609 not-transparent\"\/><\/a><figcaption class=\"wp-element-caption\">Pokaz zbior\u00f3w specjalnych WBP &#8211; Anna \u0141ukasik (Zbiory Specjalne WBP)<\/figcaption><\/figure>\n\n\n\n<figure class=\"wp-block-image size-large\"><a href=\"https:\/\/wbp.lublin.pl\/wp-content\/uploads\/2023\/05\/6-2-jpg.webp\"><img data-dominant-color=\"5b4231\" data-has-transparency=\"false\" style=\"--dominant-color: #5b4231;\" decoding=\"async\" data-id=\"44604\" src=\"https:\/\/wbp.lublin.pl\/wp-content\/uploads\/2023\/05\/6-2-jpg.webp\" alt=\"\" class=\"wp-image-44604 not-transparent\"\/><\/a><\/figure>\n\n\n\n<figure class=\"wp-block-image size-large\"><a href=\"https:\/\/wbp.lublin.pl\/wp-content\/uploads\/2023\/05\/5-3-jpg.webp\"><img data-dominant-color=\"675954\" data-has-transparency=\"false\" style=\"--dominant-color: #675954;\" decoding=\"async\" data-id=\"44606\" src=\"https:\/\/wbp.lublin.pl\/wp-content\/uploads\/2023\/05\/5-3-jpg.webp\" alt=\"\" class=\"wp-image-44606 not-transparent\"\/><\/a><\/figure>\n\n\n\n<figure class=\"wp-block-image size-large\"><a href=\"https:\/\/wbp.lublin.pl\/wp-content\/uploads\/2023\/05\/9-1-jpg.webp\"><img data-dominant-color=\"6b5b52\" data-has-transparency=\"false\" style=\"--dominant-color: #6b5b52;\" decoding=\"async\" data-id=\"44607\" src=\"https:\/\/wbp.lublin.pl\/wp-content\/uploads\/2023\/05\/9-1-jpg.webp\" alt=\"\" class=\"wp-image-44607 not-transparent\"\/><\/a><\/figure>\n\n\n\n<figure class=\"wp-block-image size-large\"><a href=\"https:\/\/wbp.lublin.pl\/wp-content\/uploads\/2023\/05\/7-2-jpg.webp\"><img data-dominant-color=\"4f453c\" data-has-transparency=\"false\" style=\"--dominant-color: #4f453c;\" decoding=\"async\" data-id=\"44608\" src=\"https:\/\/wbp.lublin.pl\/wp-content\/uploads\/2023\/05\/7-2-jpg.webp\" alt=\"\" class=\"wp-image-44608 not-transparent\"\/><\/a><\/figure>\n<\/figure>\n\n\n\n<p class=\"wp-block-paragraph\">Fot. Dorota Mo\u015bcibrodzka, Katarzyna Stanek<\/p>\n","protected":false},"excerpt":{"rendered":"","protected":false},"author":21,"featured_media":44615,"comment_status":"closed","ping_status":"closed","sticky":false,"template":"","format":"standard","meta":{"_tec_requires_first_save":true,"_crdt_document":"","pgc_sgb_lightbox_settings":"","_EventAllDay":false,"_EventTimezone":"","_EventStartDate":"","_EventEndDate":"","_EventStartDateUTC":"","_EventEndDateUTC":"","_EventShowMap":false,"_EventShowMapLink":false,"_EventURL":"","_EventCost":"","_EventCostDescription":"","_EventCurrencySymbol":"","_EventCurrencyCode":"","_EventCurrencyPosition":"","_EventDateTimeSeparator":"","_EventTimeRangeSeparator":"","_EventOrganizerID":[],"_EventVenueID":[],"_OrganizerEmail":"","_OrganizerPhone":"","_OrganizerWebsite":"","_VenueAddress":"","_VenueCity":"","_VenueCountry":"","_VenueProvince":"","_VenueState":"","_VenueZip":"","_VenuePhone":"","_VenueURL":"","_VenueStateProvince":"","_VenueLat":"","_VenueLng":"","_VenueShowMap":false,"_VenueShowMapLink":false,"_tribe_blocks_recurrence_rules":"","_tribe_blocks_recurrence_description":"","_tribe_blocks_recurrence_exclusions":"","footnotes":""},"categories":[664,10,90],"tags":[],"class_list":["post-44421","post","type-post","status-publish","format-standard","has-post-thumbnail","hentry","category-oddzial-dla-dzieci","category-aktualnosci","category-imprezy"],"publishpress_future_action":{"enabled":false,"date":"2026-05-06 17:27:52","action":"change-status","newStatus":"draft","terms":[],"taxonomy":"category","extraData":[]},"publishpress_future_workflow_manual_trigger":{"enabledWorkflows":[]},"_links":{"self":[{"href":"https:\/\/wbp.lublin.pl\/index.php\/wp-json\/wp\/v2\/posts\/44421","targetHints":{"allow":["GET"]}}],"collection":[{"href":"https:\/\/wbp.lublin.pl\/index.php\/wp-json\/wp\/v2\/posts"}],"about":[{"href":"https:\/\/wbp.lublin.pl\/index.php\/wp-json\/wp\/v2\/types\/post"}],"author":[{"embeddable":true,"href":"https:\/\/wbp.lublin.pl\/index.php\/wp-json\/wp\/v2\/users\/21"}],"replies":[{"embeddable":true,"href":"https:\/\/wbp.lublin.pl\/index.php\/wp-json\/wp\/v2\/comments?post=44421"}],"version-history":[{"count":12,"href":"https:\/\/wbp.lublin.pl\/index.php\/wp-json\/wp\/v2\/posts\/44421\/revisions"}],"predecessor-version":[{"id":45118,"href":"https:\/\/wbp.lublin.pl\/index.php\/wp-json\/wp\/v2\/posts\/44421\/revisions\/45118"}],"wp:featuredmedia":[{"embeddable":true,"href":"https:\/\/wbp.lublin.pl\/index.php\/wp-json\/wp\/v2\/media\/44615"}],"wp:attachment":[{"href":"https:\/\/wbp.lublin.pl\/index.php\/wp-json\/wp\/v2\/media?parent=44421"}],"wp:term":[{"taxonomy":"category","embeddable":true,"href":"https:\/\/wbp.lublin.pl\/index.php\/wp-json\/wp\/v2\/categories?post=44421"},{"taxonomy":"post_tag","embeddable":true,"href":"https:\/\/wbp.lublin.pl\/index.php\/wp-json\/wp\/v2\/tags?post=44421"}],"curies":[{"name":"wp","href":"https:\/\/api.w.org\/{rel}","templated":true}]}}