{"id":44483,"date":"2023-05-18T15:57:02","date_gmt":"2023-05-18T13:57:02","guid":{"rendered":"https:\/\/wbp.lublin.pl\/?p=44483"},"modified":"2023-06-09T09:46:54","modified_gmt":"2023-06-09T07:46:54","slug":"xx-ogolnopolski-tydzien-bibliotek-w-obiektywie-warsztaty","status":"publish","type":"post","link":"https:\/\/wbp.lublin.pl\/index.php\/2023\/05\/18\/xx-ogolnopolski-tydzien-bibliotek-w-obiektywie-warsztaty\/","title":{"rendered":"XX Og\u00f3lnopolski Tydzie\u0144 Bibliotek w obiektywie: warsztaty"},"content":{"rendered":"\n<p class=\"wp-block-paragraph\">Podczas XX Og\u00f3lnopolskiego Tygodnia Bibliotek Wojew\u00f3dzka Biblioteka Publiczna im. Hieronima \u0141opaci\u0144skiego z grup\u0105&nbsp;<strong>Otulanie w\u0142\u00f3czk\u0105<\/strong>&nbsp;przygotowa\u0142a warsztaty \u2013 zak\u0142adka do ksi\u0105\u017cki.&nbsp;<\/p>\n\n\n\n<figure class=\"wp-block-gallery has-nested-images columns-1 is-cropped wp-block-gallery-1 is-layout-flex wp-block-gallery-is-layout-flex\">\n<figure class=\"wp-block-image size-large\"><a href=\"https:\/\/wbp.lublin.pl\/wp-content\/uploads\/2023\/05\/111-jpg.webp\"><img data-dominant-color=\"67514a\" data-has-transparency=\"false\" style=\"--dominant-color: #67514a;\" decoding=\"async\" data-id=\"44684\" src=\"https:\/\/wbp.lublin.pl\/wp-content\/uploads\/2023\/05\/111-jpg.webp\" alt=\"\" class=\"wp-image-44684 not-transparent\"\/><\/a><\/figure>\n\n\n\n<figure class=\"wp-block-image size-large\"><a href=\"https:\/\/wbp.lublin.pl\/wp-content\/uploads\/2023\/05\/112-jpg.webp\"><img data-dominant-color=\"787271\" data-has-transparency=\"false\" style=\"--dominant-color: #787271;\" decoding=\"async\" data-id=\"44686\" src=\"https:\/\/wbp.lublin.pl\/wp-content\/uploads\/2023\/05\/112-jpg.webp\" alt=\"\" class=\"wp-image-44686 not-transparent\"\/><\/a><figcaption class=\"wp-element-caption\">W\u0142\u00f3czkowe inspiracje<\/figcaption><\/figure>\n\n\n\n<figure class=\"wp-block-image size-large\"><a href=\"https:\/\/wbp.lublin.pl\/wp-content\/uploads\/2023\/05\/113-jpg.webp\"><img data-dominant-color=\"58514d\" data-has-transparency=\"false\" style=\"--dominant-color: #58514d;\" decoding=\"async\" data-id=\"44685\" src=\"https:\/\/wbp.lublin.pl\/wp-content\/uploads\/2023\/05\/113-jpg.webp\" alt=\"\" class=\"wp-image-44685 not-transparent\"\/><\/a><figcaption class=\"wp-element-caption\">Nauka nowych \u015bcieg\u00f3w<\/figcaption><\/figure>\n\n\n\n<figure class=\"wp-block-image size-large\"><a href=\"https:\/\/wbp.lublin.pl\/wp-content\/uploads\/2023\/05\/114-jpg.webp\"><img data-dominant-color=\"423935\" data-has-transparency=\"false\" style=\"--dominant-color: #423935;\" decoding=\"async\" data-id=\"44688\" src=\"https:\/\/wbp.lublin.pl\/wp-content\/uploads\/2023\/05\/114-jpg.webp\" alt=\"\" class=\"wp-image-44688 not-transparent\"\/><\/a><figcaption class=\"wp-element-caption\">Nauka nowych \u015bcieg\u00f3w<\/figcaption><\/figure>\n\n\n\n<figure class=\"wp-block-image size-large\"><a href=\"https:\/\/wbp.lublin.pl\/wp-content\/uploads\/2023\/05\/115-jpg.webp\"><img data-dominant-color=\"605755\" data-has-transparency=\"false\" style=\"--dominant-color: #605755;\" decoding=\"async\" data-id=\"44687\" src=\"https:\/\/wbp.lublin.pl\/wp-content\/uploads\/2023\/05\/115-jpg.webp\" alt=\"\" class=\"wp-image-44687 not-transparent\"\/><\/a><\/figure>\n\n\n\n<figure class=\"wp-block-image size-large\"><a href=\"https:\/\/wbp.lublin.pl\/wp-content\/uploads\/2023\/05\/117-jpg.webp\"><img data-dominant-color=\"878389\" data-has-transparency=\"false\" style=\"--dominant-color: #878389;\" decoding=\"async\" data-id=\"44689\" src=\"https:\/\/wbp.lublin.pl\/wp-content\/uploads\/2023\/05\/117-jpg.webp\" alt=\"\" class=\"wp-image-44689 not-transparent\"\/><\/a><\/figure>\n\n\n\n<figure class=\"wp-block-image size-large\"><a href=\"https:\/\/wbp.lublin.pl\/wp-content\/uploads\/2023\/05\/118-jpg.webp\"><img data-dominant-color=\"5b514c\" data-has-transparency=\"false\" style=\"--dominant-color: #5b514c;\" decoding=\"async\" data-id=\"44690\" src=\"https:\/\/wbp.lublin.pl\/wp-content\/uploads\/2023\/05\/118-jpg.webp\" alt=\"\" class=\"wp-image-44690 not-transparent\"\/><\/a><figcaption class=\"wp-element-caption\">Mirka zawsze gotowa do pomocy<\/figcaption><\/figure>\n\n\n\n<figure class=\"wp-block-image size-large\"><a href=\"https:\/\/wbp.lublin.pl\/wp-content\/uploads\/2023\/05\/119-jpg.webp\"><img data-dominant-color=\"756e69\" data-has-transparency=\"false\" style=\"--dominant-color: #756e69;\" decoding=\"async\" data-id=\"44692\" src=\"https:\/\/wbp.lublin.pl\/wp-content\/uploads\/2023\/05\/119-jpg.webp\" alt=\"\" class=\"wp-image-44692 not-transparent\"\/><\/a><\/figure>\n\n\n\n<figure class=\"wp-block-image size-large\"><a href=\"https:\/\/wbp.lublin.pl\/wp-content\/uploads\/2023\/05\/120-jpg.webp\"><img data-dominant-color=\"554a43\" data-has-transparency=\"false\" style=\"--dominant-color: #554a43;\" decoding=\"async\" data-id=\"44691\" src=\"https:\/\/wbp.lublin.pl\/wp-content\/uploads\/2023\/05\/120-jpg.webp\" alt=\"\" class=\"wp-image-44691 not-transparent\"\/><\/a><figcaption class=\"wp-element-caption\">Pocz\u0105tki bywaj\u0105 trudne&#8230;<\/figcaption><\/figure>\n\n\n\n<figure class=\"wp-block-image size-large\"><a href=\"https:\/\/wbp.lublin.pl\/wp-content\/uploads\/2023\/05\/122-jpg.webp\"><img data-dominant-color=\"6b6867\" data-has-transparency=\"false\" style=\"--dominant-color: #6b6867;\" decoding=\"async\" data-id=\"44694\" src=\"https:\/\/wbp.lublin.pl\/wp-content\/uploads\/2023\/05\/122-jpg.webp\" alt=\"\" class=\"wp-image-44694 not-transparent\"\/><\/a><\/figure>\n\n\n\n<figure class=\"wp-block-image size-large\"><a href=\"https:\/\/wbp.lublin.pl\/wp-content\/uploads\/2023\/05\/123-jpg.webp\"><img data-dominant-color=\"504844\" data-has-transparency=\"false\" style=\"--dominant-color: #504844;\" decoding=\"async\" data-id=\"44693\" src=\"https:\/\/wbp.lublin.pl\/wp-content\/uploads\/2023\/05\/123-jpg.webp\" alt=\"\" class=\"wp-image-44693 not-transparent\"\/><\/a><\/figure>\n\n\n\n<figure class=\"wp-block-image size-large\"><a href=\"https:\/\/wbp.lublin.pl\/wp-content\/uploads\/2023\/05\/124-jpg.webp\"><img data-dominant-color=\"4d4543\" data-has-transparency=\"false\" style=\"--dominant-color: #4d4543;\" decoding=\"async\" data-id=\"44695\" src=\"https:\/\/wbp.lublin.pl\/wp-content\/uploads\/2023\/05\/124-jpg.webp\" alt=\"\" class=\"wp-image-44695 not-transparent\"\/><\/a><\/figure>\n\n\n\n<figure class=\"wp-block-image size-large\"><a href=\"https:\/\/wbp.lublin.pl\/wp-content\/uploads\/2023\/05\/125-jpg.webp\"><img data-dominant-color=\"636666\" data-has-transparency=\"false\" style=\"--dominant-color: #636666;\" decoding=\"async\" data-id=\"44696\" src=\"https:\/\/wbp.lublin.pl\/wp-content\/uploads\/2023\/05\/125-jpg.webp\" alt=\"\" class=\"wp-image-44696 not-transparent\"\/><\/a><figcaption class=\"wp-element-caption\">Irenka &#8211; mistrzyni w\u0142\u00f3czkowych detali<\/figcaption><\/figure>\n\n\n\n<figure class=\"wp-block-image size-large\"><a href=\"https:\/\/wbp.lublin.pl\/wp-content\/uploads\/2023\/05\/127-jpg.webp\"><img data-dominant-color=\"504b4c\" data-has-transparency=\"false\" style=\"--dominant-color: #504b4c;\" decoding=\"async\" data-id=\"44697\" src=\"https:\/\/wbp.lublin.pl\/wp-content\/uploads\/2023\/05\/127-jpg.webp\" alt=\"\" class=\"wp-image-44697 not-transparent\"\/><\/a><\/figure>\n\n\n\n<figure class=\"wp-block-image size-large\"><a href=\"https:\/\/wbp.lublin.pl\/wp-content\/uploads\/2023\/05\/128-jpg.webp\"><img data-dominant-color=\"4f4946\" data-has-transparency=\"false\" style=\"--dominant-color: #4f4946;\" decoding=\"async\" data-id=\"44698\" src=\"https:\/\/wbp.lublin.pl\/wp-content\/uploads\/2023\/05\/128-jpg.webp\" alt=\"\" class=\"wp-image-44698 not-transparent\"\/><\/a><\/figure>\n\n\n\n<figure class=\"wp-block-image size-large\"><a href=\"https:\/\/wbp.lublin.pl\/wp-content\/uploads\/2023\/05\/129-jpg.webp\"><img data-dominant-color=\"3a3132\" data-has-transparency=\"false\" style=\"--dominant-color: #3a3132;\" decoding=\"async\" data-id=\"44699\" src=\"https:\/\/wbp.lublin.pl\/wp-content\/uploads\/2023\/05\/129-jpg.webp\" alt=\"\" class=\"wp-image-44699 not-transparent\"\/><\/a><\/figure>\n\n\n\n<figure class=\"wp-block-image size-large\"><a href=\"https:\/\/wbp.lublin.pl\/wp-content\/uploads\/2023\/05\/130-jpg.webp\"><img data-dominant-color=\"342d2c\" data-has-transparency=\"false\" style=\"--dominant-color: #342d2c;\" decoding=\"async\" data-id=\"44700\" src=\"https:\/\/wbp.lublin.pl\/wp-content\/uploads\/2023\/05\/130-jpg.webp\" alt=\"\" class=\"wp-image-44700 not-transparent\"\/><\/a><\/figure>\n\n\n\n<figure class=\"wp-block-image size-large\"><a href=\"https:\/\/wbp.lublin.pl\/wp-content\/uploads\/2023\/05\/132-jpg.webp\"><img data-dominant-color=\"56514f\" data-has-transparency=\"false\" style=\"--dominant-color: #56514f;\" decoding=\"async\" data-id=\"44701\" src=\"https:\/\/wbp.lublin.pl\/wp-content\/uploads\/2023\/05\/132-jpg.webp\" alt=\"\" class=\"wp-image-44701 not-transparent\"\/><\/a><\/figure>\n\n\n\n<figure class=\"wp-block-image size-large\"><a href=\"https:\/\/wbp.lublin.pl\/wp-content\/uploads\/2023\/05\/133-jpg.webp\"><img data-dominant-color=\"544c47\" data-has-transparency=\"false\" style=\"--dominant-color: #544c47;\" decoding=\"async\" data-id=\"44702\" src=\"https:\/\/wbp.lublin.pl\/wp-content\/uploads\/2023\/05\/133-jpg.webp\" alt=\"\" class=\"wp-image-44702 not-transparent\"\/><\/a><\/figure>\n\n\n\n<figure class=\"wp-block-image size-large\"><a href=\"https:\/\/wbp.lublin.pl\/wp-content\/uploads\/2023\/05\/134-jpg.webp\"><img data-dominant-color=\"5f5852\" data-has-transparency=\"false\" style=\"--dominant-color: #5f5852;\" decoding=\"async\" data-id=\"44703\" src=\"https:\/\/wbp.lublin.pl\/wp-content\/uploads\/2023\/05\/134-jpg.webp\" alt=\"\" class=\"wp-image-44703 not-transparent\"\/><\/a><figcaption class=\"wp-element-caption\">Ewa i kaktusy &#8211; szukajcie ich w przestrzeni miejskiej! <\/figcaption><\/figure>\n\n\n\n<figure class=\"wp-block-image size-large\"><a href=\"https:\/\/wbp.lublin.pl\/wp-content\/uploads\/2023\/05\/135-jpg.webp\"><img data-dominant-color=\"51453e\" data-has-transparency=\"false\" style=\"--dominant-color: #51453e;\" decoding=\"async\" data-id=\"44704\" src=\"https:\/\/wbp.lublin.pl\/wp-content\/uploads\/2023\/05\/135-jpg.webp\" alt=\"\" class=\"wp-image-44704 not-transparent\"\/><\/a><\/figure>\n\n\n\n<figure class=\"wp-block-image size-large\"><a href=\"https:\/\/wbp.lublin.pl\/wp-content\/uploads\/2023\/05\/136-jpg.webp\"><img data-dominant-color=\"6a6563\" data-has-transparency=\"false\" style=\"--dominant-color: #6a6563;\" decoding=\"async\" data-id=\"44705\" src=\"https:\/\/wbp.lublin.pl\/wp-content\/uploads\/2023\/05\/136-jpg.webp\" alt=\"\" class=\"wp-image-44705 not-transparent\"\/><\/a><\/figure>\n\n\n\n<figure class=\"wp-block-image size-large\"><a href=\"https:\/\/wbp.lublin.pl\/wp-content\/uploads\/2023\/05\/137-rotated.webp\"><img data-dominant-color=\"4e504f\" data-has-transparency=\"false\" style=\"--dominant-color: #4e504f;\" loading=\"lazy\" decoding=\"async\" width=\"606\" height=\"1080\" sizes=\"auto, (max-width: 606px) 100vw, 606px\" data-id=\"44706\" src=\"https:\/\/wbp.lublin.pl\/wp-content\/uploads\/2023\/05\/137-606x1080.webp\" alt=\"\" class=\"wp-image-44706 not-transparent\" srcset=\"https:\/\/wbp.lublin.pl\/wp-content\/uploads\/2023\/05\/137-606x1080.webp 606w, https:\/\/wbp.lublin.pl\/wp-content\/uploads\/2023\/05\/137-337x600.webp 337w, https:\/\/wbp.lublin.pl\/wp-content\/uploads\/2023\/05\/137-225x400.webp 225w, https:\/\/wbp.lublin.pl\/wp-content\/uploads\/2023\/05\/137-768x1368.webp 768w, https:\/\/wbp.lublin.pl\/wp-content\/uploads\/2023\/05\/137-862x1536.webp 862w, https:\/\/wbp.lublin.pl\/wp-content\/uploads\/2023\/05\/137-947x1687.webp 947w, https:\/\/wbp.lublin.pl\/wp-content\/uploads\/2023\/05\/137-624x1111.webp 624w, https:\/\/wbp.lublin.pl\/wp-content\/uploads\/2023\/05\/137.webp 1078w\" \/><\/a><\/figure>\n<\/figure>\n\n\n\n<p class=\"wp-block-paragraph\">Fot. Dorota Mo\u015bcibrodzka<\/p>\n","protected":false},"excerpt":{"rendered":"<p>Wojew\u00f3dzka Biblioteka Publiczna im. Hieronima \u0141opaci\u0144skiego z grup\u0105\u00a0Otulanie w\u0142\u00f3czk\u0105\u00a0przygotowa\u0142a warsztaty \u2013 zak\u0142adka do ksi\u0105\u017cki.\u00a0<\/p>\n","protected":false},"author":21,"featured_media":44684,"comment_status":"closed","ping_status":"closed","sticky":false,"template":"","format":"standard","meta":{"_tec_requires_first_save":true,"_crdt_document":"","pgc_sgb_lightbox_settings":"","_EventAllDay":false,"_EventTimezone":"","_EventStartDate":"","_EventEndDate":"","_EventStartDateUTC":"","_EventEndDateUTC":"","_EventShowMap":false,"_EventShowMapLink":false,"_EventURL":"","_EventCost":"","_EventCostDescription":"","_EventCurrencySymbol":"","_EventCurrencyCode":"","_EventCurrencyPosition":"","_EventDateTimeSeparator":"","_EventTimeRangeSeparator":"","_EventOrganizerID":[],"_EventVenueID":[],"_OrganizerEmail":"","_OrganizerPhone":"","_OrganizerWebsite":"","_VenueAddress":"","_VenueCity":"","_VenueCountry":"","_VenueProvince":"","_VenueState":"","_VenueZip":"","_VenuePhone":"","_VenueURL":"","_VenueStateProvince":"","_VenueLat":"","_VenueLng":"","_VenueShowMap":false,"_VenueShowMapLink":false,"_tribe_blocks_recurrence_rules":"","_tribe_blocks_recurrence_description":"","_tribe_blocks_recurrence_exclusions":"","footnotes":""},"categories":[679,537,538],"tags":[],"class_list":["post-44483","post","type-post","status-publish","format-standard","has-post-thumbnail","hentry","category-rok-2023","category-archiwum-wydarzen","category-imprezy-w-obiektywie"],"publishpress_future_action":{"enabled":false,"date":"2026-05-06 11:45:19","action":"change-status","newStatus":"draft","terms":[],"taxonomy":"category","extraData":[]},"publishpress_future_workflow_manual_trigger":{"enabledWorkflows":[]},"_links":{"self":[{"href":"https:\/\/wbp.lublin.pl\/index.php\/wp-json\/wp\/v2\/posts\/44483","targetHints":{"allow":["GET"]}}],"collection":[{"href":"https:\/\/wbp.lublin.pl\/index.php\/wp-json\/wp\/v2\/posts"}],"about":[{"href":"https:\/\/wbp.lublin.pl\/index.php\/wp-json\/wp\/v2\/types\/post"}],"author":[{"embeddable":true,"href":"https:\/\/wbp.lublin.pl\/index.php\/wp-json\/wp\/v2\/users\/21"}],"replies":[{"embeddable":true,"href":"https:\/\/wbp.lublin.pl\/index.php\/wp-json\/wp\/v2\/comments?post=44483"}],"version-history":[{"count":9,"href":"https:\/\/wbp.lublin.pl\/index.php\/wp-json\/wp\/v2\/posts\/44483\/revisions"}],"predecessor-version":[{"id":45753,"href":"https:\/\/wbp.lublin.pl\/index.php\/wp-json\/wp\/v2\/posts\/44483\/revisions\/45753"}],"wp:featuredmedia":[{"embeddable":true,"href":"https:\/\/wbp.lublin.pl\/index.php\/wp-json\/wp\/v2\/media\/44684"}],"wp:attachment":[{"href":"https:\/\/wbp.lublin.pl\/index.php\/wp-json\/wp\/v2\/media?parent=44483"}],"wp:term":[{"taxonomy":"category","embeddable":true,"href":"https:\/\/wbp.lublin.pl\/index.php\/wp-json\/wp\/v2\/categories?post=44483"},{"taxonomy":"post_tag","embeddable":true,"href":"https:\/\/wbp.lublin.pl\/index.php\/wp-json\/wp\/v2\/tags?post=44483"}],"curies":[{"name":"wp","href":"https:\/\/api.w.org\/{rel}","templated":true}]}}