{"id":44719,"date":"2023-05-19T08:49:40","date_gmt":"2023-05-19T06:49:40","guid":{"rendered":"https:\/\/wbp.lublin.pl\/?p=44719"},"modified":"2023-05-19T09:00:24","modified_gmt":"2023-05-19T07:00:24","slug":"zegnamy-sp-leokadie-saweczko","status":"publish","type":"post","link":"https:\/\/wbp.lublin.pl\/index.php\/2023\/05\/19\/zegnamy-sp-leokadie-saweczko\/","title":{"rendered":"\u017begnamy \u015bp.\u00a0Leokadi\u0119 Saweczko"},"content":{"rendered":"\n<!--more-->\n\n\n\n<p class=\"has-text-align-center wp-block-paragraph\">Z wielkim smutkiem i \u017calem przyj\u0119li\u015bmy wiadomo\u015b\u0107 o \u015bmierci <br><strong>\u015bp. Leokadii Saweczko<\/strong> <br>(1931-2023)<\/p>\n\n\n\n<p class=\"has-text-align-center wp-block-paragraph\">emerytowanego pracownika<br>Biblioteki Publicznej im. Hieronima \u0141opaci\u0144skiego w Lublinie<\/p>\n\n\n\n<p class=\"has-text-align-center wp-block-paragraph\">Rodzinie i Bliskim wyrazy najg\u0142\u0119bszego wsp\u00f3\u0142czucia sk\u0142adaj\u0105<br>Dyrekcja<br>oraz&nbsp;emerytowani i obecni Pracownicy<br>Wojew\u00f3dzkiej Biblioteki Publicznej im. Hieronima \u0141opaci\u0144skiego w Lublinie<\/p>\n\n\n\n<p class=\"has-text-align-center wp-block-paragraph\">Uroczysto\u015bci pogrzebowe&nbsp;<strong>\u015bp. Leokadii Saweczko<\/strong><br>odb\u0119d\u0105 si\u0119 w poniedzia\u0142ek 22 maja 2023 roku<br>o godz. 14.00 na cmentarzu przy ul. Lipowej w Lublinie&nbsp;<\/p>\n\n\n\n<p class=\"has-text-align-left wp-block-paragraph\"><strong>Leokadia Saweczko<\/strong> urodzi\u0142a si\u0119 16 marca 1931 r. w Kolanie (powiat parczewski) w rodzinie ch\u0142opskiej Marianny (z Korszeni\u00f3w) i J\u00f3zefa Kliszczewskich. Szko\u0142\u0119 podstawow\u0105 uko\u0144czy\u0142a w rodzinnej miejscowo\u015bci. W latach 1945-1951 uczy\u0142a si\u0119 na Wydziale Komunikacyjnym Pa\u0144stwowej Szko\u0142y Budownictwa w Lublinie. Wraz z matur\u0105 uzyska\u0142a tytu\u0142 technika ruchowo-przewozowego. Od maja 1952 r. do maja 1958 r. pracowa\u0142a jako starszy likwidator Dzia\u0142u Finansowego w Lubelskim Przedsi\u0119biorstwie Budownictwa Przemys\u0142owego. Od kwietnia 1964 r. przez kolejnych sze\u015b\u0107 lat pe\u0142ni\u0142a odpowiedzialn\u0105 funkcj\u0119 g\u0142\u00f3wnej ksi\u0119gowej w Banku Sp\u00f3\u0142dzielczym w Garbowie. <br>Od lutego 1969 r. zwi\u0105za\u0142a si\u0119 z zawodem bibliotekarza, zosta\u0142a kierowniczk\u0105 GBP w Garbowie (powiat pu\u0142awski). Przez dwana\u015bcie lat pracy w tej plac\u00f3wce wykaza\u0142a si\u0119 wzorow\u0105 organizacj\u0105 sieci gminnej, powo\u0142a\u0142a i prowadzi\u0142a dwie filie biblioteczne (w Le\u015bcach i Przybys\u0142awicach) oraz zorganizowa\u0142a kilkana\u015bcie punkt\u00f3w bibliotecznych, zaopatruj\u0105c je w bogate zestawy ksi\u0105\u017ckowe. W s\u0142u\u017cbie ksi\u0105\u017cce i mieszka\u0144com potrafi\u0142a zjedna\u0107 grono spo\u0142ecznik\u00f3w, zar\u00f3wno gospody\u0144 wiejskich jak i nauczycieli. Systematycznie odwiedza\u0142a plac\u00f3wki i prowadzi\u0142a aktywn\u0105 wymian\u0119 zbior\u00f3w. Przyczyni\u0142a si\u0119 do uporz\u0105dkowania warsztatu pracy biblioteki, jako pierwsza z bibliotekarek wiejskich wojew\u00f3dztwa opisa\u0142a ca\u0142y ksi\u0119gozbi\u00f3r na grzbietach i oprawi\u0142a w foli\u0119. Umiej\u0119tnie wsp\u00f3\u0142pracowa\u0142a ze \u015brodowiskiem, szko\u0142ami, organizacjami wiejskimi. Prowadzi\u0142a wiele atrakcyjnych form upowszechniaj\u0105cych czytelnictwo, czego finalnym efektem by\u0142 dynamiczny jego wzrost. Kierowana przez ni\u0105 GBP by\u0142a w tych latach liderk\u0105 ca\u0142ej licznej sieci powiatu pu\u0142awskiego i jedn\u0105 z czo\u0142owych w skali wojew\u00f3dztwa.<br>Intensywnie pracuj\u0105c, w 1974 r. uko\u0144czy\u0142a XII dwuletni Korespondencyjny Kurs Bibliotekarski w POKB w Lublinie, daj\u0105cy jej \u015brednie wykszta\u0142cenie bibliotekarskie. W 1981 r. Leokadia Saweczko przenios\u0142a si\u0119 do Oddzia\u0142u WBP w Lublinie. Za porozumieniem stron od 18 lutego 1981 r. zwi\u0105za\u0142a si\u0119 z plac\u00f3wk\u0105 gromadz\u0105c\u0105 i opracowuj\u0105c\u0105 zbiory oraz s\u0142u\u017c\u0105c\u0105 opiek\u0105 instrukcyjno-metodyczn\u0105 i szkoleniow\u0105 bibliotekarzom terenowym rejonu lubelskiego. Awansowa\u0142a te\u017c na stanowisko starszego bibliotekarza. Od 1 wrze\u015bnia 1982 r. przej\u0119\u0142a obowi\u0105zki kierownika Dzia\u0142u Gromadzenia w oddziale terenowym WBP. Decydowa\u0142a o doborze i opracowaniu nowo\u015bci wydawniczych dla wielu plac\u00f3wek. Wykorzystywa\u0142a znajomo\u015b\u0107 potrzeb czytelniczych poszczeg\u00f3lnych \u015brodowisk oraz r\u00f3\u017cnych grup korzystaj\u0105cych z biblioteki. \u015aci\u015ble wsp\u00f3\u0142pracowa\u0142a z Domem Ksi\u0105\u017cki i doskona\u0142e zna\u0142a rynek wydawniczy. Efektywnie wykorzystywa\u0142a fundusze gminne, wzbogacaj\u0105c dop\u0142yw nowo\u015bci. Z ko\u0144cem stycznia 1984 r. przesz\u0142a na emerytur\u0119, ale nie zaprzesta\u0142a pracy. W oddziale pracowa\u0142a jeszcze w niepe\u0142nym wymiarze godzin do 31 sierpnia 1991 r. Pe\u0142ni\u0142a te\u017c funkcj\u0119 pracownika gospodarczego.<br>Wyr\u00f3\u017cniona zosta\u0142a m.in.: nagrod\u0105 wojew\u00f3dzk\u0105 z okazji Dnia Dzia\u0142acza (1977), nagrod\u0105 Ministra Kultury i Sztuki (1979), odznak\u0105 Zas\u0142u\u017cony Dzia\u0142acz Kultury (1980).<\/p>\n\n\n\n<p class=\"wp-block-paragraph\">Biogram zaczerpni\u0119ty ze <em>S\u0142ownika Biograficznego Bibliotekarzy Lubelszczyzny (1944-2014)<\/em>, oprac. Jerzy Gajewski, Lublin 2015<\/p>\n\n\n\n<p class=\"wp-block-paragraph\"><\/p>\n","protected":false},"excerpt":{"rendered":"","protected":false},"author":21,"featured_media":28729,"comment_status":"closed","ping_status":"closed","sticky":false,"template":"","format":"standard","meta":{"_tec_requires_first_save":true,"_crdt_document":"","pgc_sgb_lightbox_settings":"","_EventAllDay":false,"_EventTimezone":"","_EventStartDate":"","_EventEndDate":"","_EventStartDateUTC":"","_EventEndDateUTC":"","_EventShowMap":false,"_EventShowMapLink":false,"_EventURL":"","_EventCost":"","_EventCostDescription":"","_EventCurrencySymbol":"","_EventCurrencyCode":"","_EventCurrencyPosition":"","_EventDateTimeSeparator":"","_EventTimeRangeSeparator":"","_EventOrganizerID":[],"_EventVenueID":[0],"_OrganizerEmail":"","_OrganizerPhone":"","_OrganizerWebsite":"","_VenueAddress":"","_VenueCity":"","_VenueCountry":"","_VenueProvince":"","_VenueState":"","_VenueZip":"","_VenuePhone":"","_VenueURL":"","_VenueStateProvince":"","_VenueLat":"","_VenueLng":"","_VenueShowMap":false,"_VenueShowMapLink":false,"_tribe_blocks_recurrence_rules":"","_tribe_blocks_recurrence_description":"","_tribe_blocks_recurrence_exclusions":"","footnotes":""},"categories":[1,10,53],"tags":[],"class_list":["post-44719","post","type-post","status-publish","format-standard","has-post-thumbnail","hentry","category-bez-kategorii","category-aktualnosci","category-komunikaty"],"publishpress_future_action":{"enabled":false,"date":"2026-05-06 17:27:50","action":"change-status","newStatus":"draft","terms":[],"taxonomy":"category","extraData":[]},"publishpress_future_workflow_manual_trigger":{"enabledWorkflows":[]},"_links":{"self":[{"href":"https:\/\/wbp.lublin.pl\/index.php\/wp-json\/wp\/v2\/posts\/44719","targetHints":{"allow":["GET"]}}],"collection":[{"href":"https:\/\/wbp.lublin.pl\/index.php\/wp-json\/wp\/v2\/posts"}],"about":[{"href":"https:\/\/wbp.lublin.pl\/index.php\/wp-json\/wp\/v2\/types\/post"}],"author":[{"embeddable":true,"href":"https:\/\/wbp.lublin.pl\/index.php\/wp-json\/wp\/v2\/users\/21"}],"replies":[{"embeddable":true,"href":"https:\/\/wbp.lublin.pl\/index.php\/wp-json\/wp\/v2\/comments?post=44719"}],"version-history":[{"count":7,"href":"https:\/\/wbp.lublin.pl\/index.php\/wp-json\/wp\/v2\/posts\/44719\/revisions"}],"predecessor-version":[{"id":44761,"href":"https:\/\/wbp.lublin.pl\/index.php\/wp-json\/wp\/v2\/posts\/44719\/revisions\/44761"}],"wp:featuredmedia":[{"embeddable":true,"href":"https:\/\/wbp.lublin.pl\/index.php\/wp-json\/wp\/v2\/media\/28729"}],"wp:attachment":[{"href":"https:\/\/wbp.lublin.pl\/index.php\/wp-json\/wp\/v2\/media?parent=44719"}],"wp:term":[{"taxonomy":"category","embeddable":true,"href":"https:\/\/wbp.lublin.pl\/index.php\/wp-json\/wp\/v2\/categories?post=44719"},{"taxonomy":"post_tag","embeddable":true,"href":"https:\/\/wbp.lublin.pl\/index.php\/wp-json\/wp\/v2\/tags?post=44719"}],"curies":[{"name":"wp","href":"https:\/\/api.w.org\/{rel}","templated":true}]}}