{"id":45128,"date":"2023-05-23T16:16:03","date_gmt":"2023-05-23T14:16:03","guid":{"rendered":"https:\/\/wbp.lublin.pl\/?p=45128"},"modified":"2023-06-09T09:45:56","modified_gmt":"2023-06-09T07:45:56","slug":"drogami-skalnej-ziemi-promocja-ksiazki-hanny-pienkowskiej-i-tadeusza-staicha","status":"publish","type":"post","link":"https:\/\/wbp.lublin.pl\/index.php\/2023\/05\/23\/drogami-skalnej-ziemi-promocja-ksiazki-hanny-pienkowskiej-i-tadeusza-staicha\/","title":{"rendered":"Drogami skalnej ziemi. Promocja ksi\u0105\u017cki Hanny Pie\u0144kowskiej i Tadeusza Staicha"},"content":{"rendered":"\n<p>12 maja 2023 r. w ramach XX Og\u00f3lnopolskiego Tygodnia Bibliotek odby\u0142a si\u0119 promocja ksi\u0105\u017cki Hanny Pie\u0144kowskiej i Tadeusza Staicha &#8222;Drogami skalnej ziemi. Podtatrza\u0144ska w\u0142\u00f3cz\u0119ga krajoznawcza&#8221;.\u00a0<\/p>\n\n\n\n<figure class=\"wp-block-gallery has-nested-images columns-default is-cropped wp-block-gallery-1 is-layout-flex wp-block-gallery-is-layout-flex\">\n<figure class=\"wp-block-image size-large\"><a href=\"https:\/\/wbp.lublin.pl\/wp-content\/uploads\/2023\/05\/IMG_9594-1-jpg.webp\"><img data-dominant-color=\"91867b\" data-has-transparency=\"false\" style=\"--dominant-color: #91867b;\" decoding=\"async\" data-id=\"45142\" src=\"https:\/\/wbp.lublin.pl\/wp-content\/uploads\/2023\/05\/IMG_9594-1-jpg.webp\" alt=\"\" class=\"wp-image-45142 not-transparent\"\/><\/a><figcaption class=\"wp-element-caption\">Go\u015bci spotkania przywita\u0142 dr Grzegorz Figiel &#8211; Dyrektor ds. Merytorycznych WBP<\/figcaption><\/figure>\n\n\n\n<figure class=\"wp-block-image size-large\"><a href=\"https:\/\/wbp.lublin.pl\/wp-content\/uploads\/2023\/05\/IMG_9608-jpg.webp\"><img data-dominant-color=\"a3928f\" data-has-transparency=\"false\" style=\"--dominant-color: #a3928f;\" decoding=\"async\" data-id=\"45131\" src=\"https:\/\/wbp.lublin.pl\/wp-content\/uploads\/2023\/05\/IMG_9608-jpg.webp\" alt=\"\" class=\"wp-image-45131 not-transparent\"\/><\/a><figcaption class=\"wp-element-caption\">Spotkanie prowadzi\u0142 Wies\u0142aw Wi\u0105cek<\/figcaption><\/figure>\n\n\n\n<figure class=\"wp-block-image size-large\"><a href=\"https:\/\/wbp.lublin.pl\/wp-content\/uploads\/2023\/05\/IMG_9612-jpg.webp\"><img data-dominant-color=\"ae9e9b\" data-has-transparency=\"false\" style=\"--dominant-color: #ae9e9b;\" decoding=\"async\" data-id=\"45130\" src=\"https:\/\/wbp.lublin.pl\/wp-content\/uploads\/2023\/05\/IMG_9612-jpg.webp\" alt=\"\" class=\"wp-image-45130 not-transparent\"\/><\/a><\/figure>\n\n\n\n<figure class=\"wp-block-image size-large\"><a href=\"https:\/\/wbp.lublin.pl\/wp-content\/uploads\/2023\/05\/IMG_9632-jpg.webp\"><img data-dominant-color=\"8b807e\" data-has-transparency=\"false\" style=\"--dominant-color: #8b807e;\" decoding=\"async\" data-id=\"45135\" src=\"https:\/\/wbp.lublin.pl\/wp-content\/uploads\/2023\/05\/IMG_9632-jpg.webp\" alt=\"\" class=\"wp-image-45135 not-transparent\"\/><\/a><figcaption class=\"wp-element-caption\">O ksi\u0105\u017cce opowiedzia\u0142  Rafa\u0142 Monita &#8211; w\u0142a\u015bciciel wydawnictwa Astraia, wydawca ksi\u0105\u017cki &#8222;Drogami skalnej ziemi. Podtatrza\u0144ska w\u0142\u00f3cz\u0119ga krajoznawcza&#8221;<\/figcaption><\/figure>\n\n\n\n<figure class=\"wp-block-image size-large\"><a href=\"https:\/\/wbp.lublin.pl\/wp-content\/uploads\/2023\/05\/IMG_9638-jpg.webp\"><img data-dominant-color=\"977775\" data-has-transparency=\"false\" style=\"--dominant-color: #977775;\" decoding=\"async\" data-id=\"45136\" src=\"https:\/\/wbp.lublin.pl\/wp-content\/uploads\/2023\/05\/IMG_9638-jpg.webp\" alt=\"\" class=\"wp-image-45136 not-transparent\"\/><\/a><\/figure>\n\n\n\n<figure class=\"wp-block-image size-large\"><a href=\"https:\/\/wbp.lublin.pl\/wp-content\/uploads\/2023\/05\/IMG_9640-jpg.webp\"><img data-dominant-color=\"8f8175\" data-has-transparency=\"false\" style=\"--dominant-color: #8f8175;\" decoding=\"async\" data-id=\"45137\" src=\"https:\/\/wbp.lublin.pl\/wp-content\/uploads\/2023\/05\/IMG_9640-jpg.webp\" alt=\"\" class=\"wp-image-45137 not-transparent\"\/><\/a><\/figure>\n\n\n\n<figure class=\"wp-block-image size-large\"><a href=\"https:\/\/wbp.lublin.pl\/wp-content\/uploads\/2023\/05\/IMG_9645-jpg.webp\"><img data-dominant-color=\"717370\" data-has-transparency=\"false\" style=\"--dominant-color: #717370;\" decoding=\"async\" data-id=\"45138\" src=\"https:\/\/wbp.lublin.pl\/wp-content\/uploads\/2023\/05\/IMG_9645-jpg.webp\" alt=\"\" class=\"wp-image-45138 not-transparent\"\/><\/a><\/figure>\n\n\n\n<figure class=\"wp-block-image size-large\"><a href=\"https:\/\/wbp.lublin.pl\/wp-content\/uploads\/2023\/05\/IMG_9627-jpg.webp\"><img data-dominant-color=\"746c64\" data-has-transparency=\"false\" style=\"--dominant-color: #746c64;\" decoding=\"async\" data-id=\"45139\" src=\"https:\/\/wbp.lublin.pl\/wp-content\/uploads\/2023\/05\/IMG_9627-jpg.webp\" alt=\"\" class=\"wp-image-45139 not-transparent\"\/><\/a><\/figure>\n\n\n\n<figure class=\"wp-block-image size-large\"><a href=\"https:\/\/wbp.lublin.pl\/wp-content\/uploads\/2023\/05\/IMG_9599-jpg.webp\"><img data-dominant-color=\"907a6e\" data-has-transparency=\"false\" style=\"--dominant-color: #907a6e;\" decoding=\"async\" data-id=\"45129\" src=\"https:\/\/wbp.lublin.pl\/wp-content\/uploads\/2023\/05\/IMG_9599-jpg.webp\" alt=\"\" class=\"wp-image-45129 not-transparent\"\/><\/a><\/figure>\n\n\n\n<figure class=\"wp-block-image size-large\"><a href=\"https:\/\/wbp.lublin.pl\/wp-content\/uploads\/2023\/05\/IMG_9611-jpg.webp\"><img data-dominant-color=\"88726c\" data-has-transparency=\"false\" style=\"--dominant-color: #88726c;\" decoding=\"async\" data-id=\"45133\" src=\"https:\/\/wbp.lublin.pl\/wp-content\/uploads\/2023\/05\/IMG_9611-jpg.webp\" alt=\"\" class=\"wp-image-45133 not-transparent\"\/><\/a><\/figure>\n\n\n\n<figure class=\"wp-block-image size-large\"><a href=\"https:\/\/wbp.lublin.pl\/wp-content\/uploads\/2023\/05\/IMG_9646-jpg.webp\"><img data-dominant-color=\"929187\" data-has-transparency=\"false\" style=\"--dominant-color: #929187;\" decoding=\"async\" data-id=\"45140\" src=\"https:\/\/wbp.lublin.pl\/wp-content\/uploads\/2023\/05\/IMG_9646-jpg.webp\" alt=\"\" class=\"wp-image-45140 not-transparent\"\/><\/a><\/figure>\n<\/figure>\n\n\n\n<p class=\"has-text-align-center wp-block-paragraph\"><strong>Fot. Dorota Mo\u015bcibrodzka<\/strong><\/p>\n","protected":false},"excerpt":{"rendered":"<p>12 maja 2023 r. w ramach XX Og\u00f3lnopolskiego Tygodnia Bibliotek odby\u0142a si\u0119 promocja ksi\u0105\u017cki Hanny Pie\u0144kowskiej i Tadeusza Staicha &#8222;Drogami skalnej ziemi. Podtatrza\u0144ska w\u0142\u00f3cz\u0119ga krajoznawcza&#8221;.\u00a0 Fot. Dorota Mo\u015bcibrodzka<\/p>\n","protected":false},"author":20,"featured_media":45133,"comment_status":"closed","ping_status":"closed","sticky":false,"template":"","format":"standard","meta":{"_tec_requires_first_save":true,"_crdt_document":"","pgc_sgb_lightbox_settings":"","_EventAllDay":false,"_EventTimezone":"","_EventStartDate":"","_EventEndDate":"","_EventStartDateUTC":"","_EventEndDateUTC":"","_EventShowMap":false,"_EventShowMapLink":false,"_EventURL":"","_EventCost":"","_EventCostDescription":"","_EventCurrencySymbol":"","_EventCurrencyCode":"","_EventCurrencyPosition":"","_EventDateTimeSeparator":"","_EventTimeRangeSeparator":"","_EventOrganizerID":[],"_EventVenueID":[],"_OrganizerEmail":"","_OrganizerPhone":"","_OrganizerWebsite":"","_VenueAddress":"","_VenueCity":"","_VenueCountry":"","_VenueProvince":"","_VenueState":"","_VenueZip":"","_VenuePhone":"","_VenueURL":"","_VenueStateProvince":"","_VenueLat":"","_VenueLng":"","_VenueShowMap":false,"_VenueShowMapLink":false,"_tribe_blocks_recurrence_rules":"","_tribe_blocks_recurrence_description":"","_tribe_blocks_recurrence_exclusions":"","footnotes":""},"categories":[679,537,538],"tags":[],"class_list":["post-45128","post","type-post","status-publish","format-standard","has-post-thumbnail","hentry","category-rok-2023","category-archiwum-wydarzen","category-imprezy-w-obiektywie"],"publishpress_future_action":{"enabled":false,"date":"2026-05-06 15:54:01","action":"change-status","newStatus":"draft","terms":[],"taxonomy":"category","extraData":[]},"publishpress_future_workflow_manual_trigger":{"enabledWorkflows":[]},"_links":{"self":[{"href":"https:\/\/wbp.lublin.pl\/index.php\/wp-json\/wp\/v2\/posts\/45128","targetHints":{"allow":["GET"]}}],"collection":[{"href":"https:\/\/wbp.lublin.pl\/index.php\/wp-json\/wp\/v2\/posts"}],"about":[{"href":"https:\/\/wbp.lublin.pl\/index.php\/wp-json\/wp\/v2\/types\/post"}],"author":[{"embeddable":true,"href":"https:\/\/wbp.lublin.pl\/index.php\/wp-json\/wp\/v2\/users\/20"}],"replies":[{"embeddable":true,"href":"https:\/\/wbp.lublin.pl\/index.php\/wp-json\/wp\/v2\/comments?post=45128"}],"version-history":[{"count":5,"href":"https:\/\/wbp.lublin.pl\/index.php\/wp-json\/wp\/v2\/posts\/45128\/revisions"}],"predecessor-version":[{"id":45225,"href":"https:\/\/wbp.lublin.pl\/index.php\/wp-json\/wp\/v2\/posts\/45128\/revisions\/45225"}],"wp:featuredmedia":[{"embeddable":true,"href":"https:\/\/wbp.lublin.pl\/index.php\/wp-json\/wp\/v2\/media\/45133"}],"wp:attachment":[{"href":"https:\/\/wbp.lublin.pl\/index.php\/wp-json\/wp\/v2\/media?parent=45128"}],"wp:term":[{"taxonomy":"category","embeddable":true,"href":"https:\/\/wbp.lublin.pl\/index.php\/wp-json\/wp\/v2\/categories?post=45128"},{"taxonomy":"post_tag","embeddable":true,"href":"https:\/\/wbp.lublin.pl\/index.php\/wp-json\/wp\/v2\/tags?post=45128"}],"curies":[{"name":"wp","href":"https:\/\/api.w.org\/{rel}","templated":true}]}}