{"id":45181,"date":"2023-05-20T10:13:56","date_gmt":"2023-05-20T08:13:56","guid":{"rendered":"https:\/\/wbp.lublin.pl\/?p=45181"},"modified":"2023-05-31T15:20:27","modified_gmt":"2023-05-31T13:20:27","slug":"spotkanie-z-adamem-w-kulikiem","status":"publish","type":"post","link":"https:\/\/wbp.lublin.pl\/index.php\/2023\/05\/20\/spotkanie-z-adamem-w-kulikiem\/","title":{"rendered":"Spotkanie z Adamem W. Kulikiem"},"content":{"rendered":"\n\n\n<p class=\"wp-block-paragraph\">18 maja 2023 r. w Galerii Biblioteki odby\u0142o si\u0119 spotkanie z Adamem Wies\u0142awem Kulikiem prezentuj\u0105ce ksi\u0105\u017ck\u0119 &#8222;Nostalgia Wschodu. \u015aladami Unit\u00f3w&#8221;. <\/p>\n\n\n\n<figure class=\"wp-block-gallery has-nested-images columns-2 is-cropped wp-block-gallery-1 is-layout-flex wp-block-gallery-is-layout-flex\">\n<figure class=\"wp-block-image size-large\"><a href=\"https:\/\/wbp.lublin.pl\/wp-content\/uploads\/2023\/05\/IMG_9862-jpg.webp\"><img data-dominant-color=\"7b6766\" data-has-transparency=\"false\" style=\"--dominant-color: #7b6766;\" decoding=\"async\" data-id=\"45182\" src=\"https:\/\/wbp.lublin.pl\/wp-content\/uploads\/2023\/05\/IMG_9862-jpg.webp\" alt=\"\" class=\"wp-image-45182 not-transparent\"\/><\/a><figcaption class=\"wp-element-caption\">Spotkanie prowadzi\u0142 dr Grzegorz Figiel &#8211; Zast\u0119pca Dyrektora WBP ds. Merytorycznych <\/figcaption><\/figure>\n\n\n\n<figure class=\"wp-block-image size-large\"><a href=\"https:\/\/wbp.lublin.pl\/wp-content\/uploads\/2023\/05\/IMG_9865-jpg.webp\"><img data-dominant-color=\"806b6a\" data-has-transparency=\"false\" style=\"--dominant-color: #806b6a;\" decoding=\"async\" data-id=\"45183\" src=\"https:\/\/wbp.lublin.pl\/wp-content\/uploads\/2023\/05\/IMG_9865-jpg.webp\" alt=\"\" class=\"wp-image-45183 not-transparent\"\/><\/a><\/figure>\n\n\n\n<figure class=\"wp-block-image size-large\"><a href=\"https:\/\/wbp.lublin.pl\/wp-content\/uploads\/2023\/05\/IMG_9869-jpg.webp\"><img data-dominant-color=\"6d615d\" data-has-transparency=\"false\" style=\"--dominant-color: #6d615d;\" decoding=\"async\" data-id=\"45184\" src=\"https:\/\/wbp.lublin.pl\/wp-content\/uploads\/2023\/05\/IMG_9869-jpg.webp\" alt=\"\" class=\"wp-image-45184 not-transparent\"\/><\/a><\/figure>\n\n\n\n<figure class=\"wp-block-image size-large\"><a href=\"https:\/\/wbp.lublin.pl\/wp-content\/uploads\/2023\/05\/IMG_9871-jpg.webp\"><img data-dominant-color=\"7b6b68\" data-has-transparency=\"false\" style=\"--dominant-color: #7b6b68;\" decoding=\"async\" data-id=\"45185\" src=\"https:\/\/wbp.lublin.pl\/wp-content\/uploads\/2023\/05\/IMG_9871-jpg.webp\" alt=\"\" class=\"wp-image-45185 not-transparent\"\/><\/a><\/figure>\n\n\n\n<figure class=\"wp-block-image size-large\"><a href=\"https:\/\/wbp.lublin.pl\/wp-content\/uploads\/2023\/05\/IMG_9875-jpg.webp\"><img data-dominant-color=\"8f8886\" data-has-transparency=\"false\" style=\"--dominant-color: #8f8886;\" decoding=\"async\" data-id=\"45187\" src=\"https:\/\/wbp.lublin.pl\/wp-content\/uploads\/2023\/05\/IMG_9875-jpg.webp\" alt=\"\" class=\"wp-image-45187 not-transparent\"\/><\/a><figcaption class=\"wp-element-caption\">Adam Wies\u0142aw Kulik<\/figcaption><\/figure>\n\n\n\n<figure class=\"wp-block-image size-large\"><a href=\"https:\/\/wbp.lublin.pl\/wp-content\/uploads\/2023\/05\/IMG_9883-jpg.webp\"><img data-dominant-color=\"9a9391\" data-has-transparency=\"false\" style=\"--dominant-color: #9a9391;\" decoding=\"async\" data-id=\"45186\" src=\"https:\/\/wbp.lublin.pl\/wp-content\/uploads\/2023\/05\/IMG_9883-jpg.webp\" alt=\"\" class=\"wp-image-45186 not-transparent\"\/><\/a><\/figure>\n\n\n\n<figure class=\"wp-block-image size-large\"><a href=\"https:\/\/wbp.lublin.pl\/wp-content\/uploads\/2023\/05\/IMG_9885-jpg.webp\"><img data-dominant-color=\"8c7b6e\" data-has-transparency=\"false\" style=\"--dominant-color: #8c7b6e;\" decoding=\"async\" data-id=\"45188\" src=\"https:\/\/wbp.lublin.pl\/wp-content\/uploads\/2023\/05\/IMG_9885-jpg.webp\" alt=\"\" class=\"wp-image-45188 not-transparent\"\/><\/a><\/figure>\n\n\n\n<figure class=\"wp-block-image size-large\"><a href=\"https:\/\/wbp.lublin.pl\/wp-content\/uploads\/2023\/05\/IMG_9886-jpg.webp\"><img data-dominant-color=\"6a6452\" data-has-transparency=\"false\" style=\"--dominant-color: #6a6452;\" decoding=\"async\" data-id=\"45189\" src=\"https:\/\/wbp.lublin.pl\/wp-content\/uploads\/2023\/05\/IMG_9886-jpg.webp\" alt=\"\" class=\"wp-image-45189 not-transparent\"\/><\/a><\/figure>\n\n\n\n<figure class=\"wp-block-image size-large\"><a href=\"https:\/\/wbp.lublin.pl\/wp-content\/uploads\/2023\/05\/IMG_9887-jpg.webp\"><img data-dominant-color=\"8f8077\" data-has-transparency=\"false\" style=\"--dominant-color: #8f8077;\" decoding=\"async\" data-id=\"45190\" src=\"https:\/\/wbp.lublin.pl\/wp-content\/uploads\/2023\/05\/IMG_9887-jpg.webp\" alt=\"\" class=\"wp-image-45190 not-transparent\"\/><\/a><\/figure>\n\n\n\n<figure class=\"wp-block-image size-large\"><a href=\"https:\/\/wbp.lublin.pl\/wp-content\/uploads\/2023\/05\/IMG_9891-jpg.webp\"><img data-dominant-color=\"897d7c\" data-has-transparency=\"false\" style=\"--dominant-color: #897d7c;\" decoding=\"async\" data-id=\"45191\" src=\"https:\/\/wbp.lublin.pl\/wp-content\/uploads\/2023\/05\/IMG_9891-jpg.webp\" alt=\"\" class=\"wp-image-45191 not-transparent\"\/><\/a><\/figure>\n\n\n\n<figure class=\"wp-block-image size-large\"><a href=\"https:\/\/wbp.lublin.pl\/wp-content\/uploads\/2023\/05\/IMG_9903-jpg.webp\"><img data-dominant-color=\"7f756e\" data-has-transparency=\"false\" style=\"--dominant-color: #7f756e;\" decoding=\"async\" data-id=\"45192\" src=\"https:\/\/wbp.lublin.pl\/wp-content\/uploads\/2023\/05\/IMG_9903-jpg.webp\" alt=\"\" class=\"wp-image-45192 not-transparent\"\/><\/a><figcaption class=\"wp-element-caption\">Pytania i refleksje<\/figcaption><\/figure>\n\n\n\n<figure class=\"wp-block-image size-large\"><a href=\"https:\/\/wbp.lublin.pl\/wp-content\/uploads\/2023\/05\/IMG_9905-jpg.webp\"><img data-dominant-color=\"74695a\" data-has-transparency=\"false\" style=\"--dominant-color: #74695a;\" decoding=\"async\" data-id=\"45193\" src=\"https:\/\/wbp.lublin.pl\/wp-content\/uploads\/2023\/05\/IMG_9905-jpg.webp\" alt=\"\" class=\"wp-image-45193 not-transparent\"\/><\/a><\/figure>\n\n\n\n<figure class=\"wp-block-image size-large\"><a href=\"https:\/\/wbp.lublin.pl\/wp-content\/uploads\/2023\/05\/IMG_9908-jpg.webp\"><img data-dominant-color=\"746a5a\" data-has-transparency=\"false\" style=\"--dominant-color: #746a5a;\" decoding=\"async\" data-id=\"45194\" src=\"https:\/\/wbp.lublin.pl\/wp-content\/uploads\/2023\/05\/IMG_9908-jpg.webp\" alt=\"\" class=\"wp-image-45194 not-transparent\"\/><\/a><\/figure>\n\n\n\n<figure class=\"wp-block-image size-large\"><a href=\"https:\/\/wbp.lublin.pl\/wp-content\/uploads\/2023\/05\/IMG_9913-jpg.webp\"><img data-dominant-color=\"82725d\" data-has-transparency=\"false\" style=\"--dominant-color: #82725d;\" decoding=\"async\" data-id=\"45195\" src=\"https:\/\/wbp.lublin.pl\/wp-content\/uploads\/2023\/05\/IMG_9913-jpg.webp\" alt=\"\" class=\"wp-image-45195 not-transparent\"\/><\/a><\/figure>\n<figcaption class=\"blocks-gallery-caption wp-element-caption\">Fot. Dorota Mo\u015bcibrodzka <\/figcaption><\/figure>\n","protected":false},"excerpt":{"rendered":"<p>18 maja 2023 r. w Galerii Biblioteki odby\u0142o si\u0119 spotkanie z Adamem Wies\u0142awem Kulikiem prezentuj\u0105ce ksi\u0105\u017ck\u0119 &#8222;Nostalgia Wschodu. \u015aladami Unit\u00f3w&#8221;.<\/p>\n","protected":false},"author":20,"featured_media":45190,"comment_status":"closed","ping_status":"closed","sticky":false,"template":"","format":"standard","meta":{"_tec_requires_first_save":true,"_crdt_document":"","pgc_sgb_lightbox_settings":"","_EventAllDay":false,"_EventTimezone":"","_EventStartDate":"","_EventEndDate":"","_EventStartDateUTC":"","_EventEndDateUTC":"","_EventShowMap":false,"_EventShowMapLink":false,"_EventURL":"","_EventCost":"","_EventCostDescription":"","_EventCurrencySymbol":"","_EventCurrencyCode":"","_EventCurrencyPosition":"","_EventDateTimeSeparator":"","_EventTimeRangeSeparator":"","_EventOrganizerID":[],"_EventVenueID":[],"_OrganizerEmail":"","_OrganizerPhone":"","_OrganizerWebsite":"","_VenueAddress":"","_VenueCity":"","_VenueCountry":"","_VenueProvince":"","_VenueState":"","_VenueZip":"","_VenuePhone":"","_VenueURL":"","_VenueStateProvince":"","_VenueLat":"","_VenueLng":"","_VenueShowMap":false,"_VenueShowMapLink":false,"_tribe_blocks_recurrence_rules":"","_tribe_blocks_recurrence_description":"","_tribe_blocks_recurrence_exclusions":"","footnotes":""},"categories":[540,10,54],"tags":[],"class_list":["post-45181","post","type-post","status-publish","format-standard","has-post-thumbnail","hentry","category-spotkania-autorskie-w-obiektywie","category-aktualnosci","category-spotkania"],"publishpress_future_action":{"enabled":false,"date":"2026-05-06 15:53:58","action":"change-status","newStatus":"draft","terms":[],"taxonomy":"category","extraData":[]},"publishpress_future_workflow_manual_trigger":{"enabledWorkflows":[]},"_links":{"self":[{"href":"https:\/\/wbp.lublin.pl\/index.php\/wp-json\/wp\/v2\/posts\/45181","targetHints":{"allow":["GET"]}}],"collection":[{"href":"https:\/\/wbp.lublin.pl\/index.php\/wp-json\/wp\/v2\/posts"}],"about":[{"href":"https:\/\/wbp.lublin.pl\/index.php\/wp-json\/wp\/v2\/types\/post"}],"author":[{"embeddable":true,"href":"https:\/\/wbp.lublin.pl\/index.php\/wp-json\/wp\/v2\/users\/20"}],"replies":[{"embeddable":true,"href":"https:\/\/wbp.lublin.pl\/index.php\/wp-json\/wp\/v2\/comments?post=45181"}],"version-history":[{"count":1,"href":"https:\/\/wbp.lublin.pl\/index.php\/wp-json\/wp\/v2\/posts\/45181\/revisions"}],"predecessor-version":[{"id":45196,"href":"https:\/\/wbp.lublin.pl\/index.php\/wp-json\/wp\/v2\/posts\/45181\/revisions\/45196"}],"wp:featuredmedia":[{"embeddable":true,"href":"https:\/\/wbp.lublin.pl\/index.php\/wp-json\/wp\/v2\/media\/45190"}],"wp:attachment":[{"href":"https:\/\/wbp.lublin.pl\/index.php\/wp-json\/wp\/v2\/media?parent=45181"}],"wp:term":[{"taxonomy":"category","embeddable":true,"href":"https:\/\/wbp.lublin.pl\/index.php\/wp-json\/wp\/v2\/categories?post=45181"},{"taxonomy":"post_tag","embeddable":true,"href":"https:\/\/wbp.lublin.pl\/index.php\/wp-json\/wp\/v2\/tags?post=45181"}],"curies":[{"name":"wp","href":"https:\/\/api.w.org\/{rel}","templated":true}]}}