{"id":45311,"date":"2023-05-31T13:15:07","date_gmt":"2023-05-31T11:15:07","guid":{"rendered":"https:\/\/wbp.lublin.pl\/?p=45311"},"modified":"2023-05-31T13:16:12","modified_gmt":"2023-05-31T11:16:12","slug":"digitalizacja-oraz-udostepnienie-starych-drukow-z-biblioteki-parafii-kolegiackiej-wszystkich-swietych-w-kolbuszowej","status":"publish","type":"post","link":"https:\/\/wbp.lublin.pl\/index.php\/2023\/05\/31\/digitalizacja-oraz-udostepnienie-starych-drukow-z-biblioteki-parafii-kolegiackiej-wszystkich-swietych-w-kolbuszowej\/","title":{"rendered":"&#8222;Digitalizacja oraz udost\u0119pnienie starych druk\u00f3w z biblioteki Parafii Kolegiackiej Wszystkich \u015awi\u0119tych w Kolbuszowej&#8221;"},"content":{"rendered":"\n<p class=\"wp-block-paragraph\">Wojew\u00f3dzka Biblioteka Publiczna im. Hieronima \u0141opaci\u0144skiego w Lublinie jest partnerem Miejskiej i Powiatowej Biblioteki Publicznej w Kolbuszowej w realizacji zadania &#8222;Digitalizacja oraz udost\u0119pnienie starych druk\u00f3w z biblioteki Parafii Kolegiackiej Wszystkich \u015awi\u0119tych w Kolbuszowej&#8221;. W Pracowni Digitalizacji Wojew\u00f3dzkiej Biblioteki Publicznej zostanie zdigitalizowanych blisko 112 tytu\u0142\u00f3w wydanych w europejskich oficynach wydawniczych w XVII w. Na czas digitalizacji do Lublina powr\u00f3c\u0105, wydane nak\u0142adem Jerzego F\u00f6rstera dzie\u0142a Jana de Matha ( -1640): &#8222;Paradisus Virginalis&#8221; i &#8222;Triumphi Iesu Christi&#8221; z po\u0142owy XVII w. oraz dwa tomy &#8222;Rozmy\u015bla\u0144 albo lekcji duchownej&#8221; Tomasza M\u0142odzianowskiego (1622-1686) wydanych w 1699 r. w powsta\u0142ej w Lublinie w 1683 r. Drukarni Jezuit\u00f3w.<\/p>\n\n\n<div class=\"wp-block-image\">\n<figure class=\"aligncenter size-full\"><img data-dominant-color=\"433533\" data-has-transparency=\"true\" style=\"--dominant-color: #433533;\" decoding=\"async\" sizes=\"(max-width: 1222px) 100vw, 1222px\" src=\"https:\/\/wbp.lublin.pl\/wp-content\/uploads\/2023\/05\/MKiDN-logo-2023.png\" alt=\"MKiDN Logo\" class=\"wp-image-45312 has-transparency\"\/><\/figure>\n<\/div>","protected":false},"excerpt":{"rendered":"<p>Wojew\u00f3dzka Biblioteka Publiczna im. Hieronima \u0141opaci\u0144skiego w Lublinie jest partnerem Miejskiej i Powiatowej Biblioteki Publicznej w Kolbuszowej w realizacji zadania &#8222;Digitalizacja oraz udost\u0119pnienie starych druk\u00f3w z biblioteki Parafii Kolegiackiej Wszystkich [&hellip;]<\/p>\n","protected":false},"author":18,"featured_media":33090,"comment_status":"closed","ping_status":"closed","sticky":false,"template":"","format":"standard","meta":{"_tec_requires_first_save":true,"_crdt_document":"","pgc_sgb_lightbox_settings":"","_EventAllDay":false,"_EventTimezone":"","_EventStartDate":"","_EventEndDate":"","_EventStartDateUTC":"","_EventEndDateUTC":"","_EventShowMap":false,"_EventShowMapLink":false,"_EventURL":"","_EventCost":"","_EventCostDescription":"","_EventCurrencySymbol":"","_EventCurrencyCode":"","_EventCurrencyPosition":"","_EventDateTimeSeparator":"","_EventTimeRangeSeparator":"","_EventOrganizerID":[],"_EventVenueID":[0],"_OrganizerEmail":"","_OrganizerPhone":"","_OrganizerWebsite":"","_VenueAddress":"","_VenueCity":"","_VenueCountry":"","_VenueProvince":"","_VenueState":"","_VenueZip":"","_VenuePhone":"","_VenueURL":"","_VenueStateProvince":"","_VenueLat":"","_VenueLng":"","_VenueShowMap":false,"_VenueShowMapLink":false,"_tribe_blocks_recurrence_rules":"","_tribe_blocks_recurrence_description":"","_tribe_blocks_recurrence_exclusions":"","footnotes":""},"categories":[10],"tags":[],"class_list":["post-45311","post","type-post","status-publish","format-standard","has-post-thumbnail","hentry","category-aktualnosci"],"publishpress_future_action":{"enabled":false,"date":"2026-05-06 15:54:50","action":"change-status","newStatus":"draft","terms":[],"taxonomy":"category","extraData":[]},"publishpress_future_workflow_manual_trigger":{"enabledWorkflows":[]},"_links":{"self":[{"href":"https:\/\/wbp.lublin.pl\/index.php\/wp-json\/wp\/v2\/posts\/45311","targetHints":{"allow":["GET"]}}],"collection":[{"href":"https:\/\/wbp.lublin.pl\/index.php\/wp-json\/wp\/v2\/posts"}],"about":[{"href":"https:\/\/wbp.lublin.pl\/index.php\/wp-json\/wp\/v2\/types\/post"}],"author":[{"embeddable":true,"href":"https:\/\/wbp.lublin.pl\/index.php\/wp-json\/wp\/v2\/users\/18"}],"replies":[{"embeddable":true,"href":"https:\/\/wbp.lublin.pl\/index.php\/wp-json\/wp\/v2\/comments?post=45311"}],"version-history":[{"count":1,"href":"https:\/\/wbp.lublin.pl\/index.php\/wp-json\/wp\/v2\/posts\/45311\/revisions"}],"predecessor-version":[{"id":45313,"href":"https:\/\/wbp.lublin.pl\/index.php\/wp-json\/wp\/v2\/posts\/45311\/revisions\/45313"}],"wp:featuredmedia":[{"embeddable":true,"href":"https:\/\/wbp.lublin.pl\/index.php\/wp-json\/wp\/v2\/media\/33090"}],"wp:attachment":[{"href":"https:\/\/wbp.lublin.pl\/index.php\/wp-json\/wp\/v2\/media?parent=45311"}],"wp:term":[{"taxonomy":"category","embeddable":true,"href":"https:\/\/wbp.lublin.pl\/index.php\/wp-json\/wp\/v2\/categories?post=45311"},{"taxonomy":"post_tag","embeddable":true,"href":"https:\/\/wbp.lublin.pl\/index.php\/wp-json\/wp\/v2\/tags?post=45311"}],"curies":[{"name":"wp","href":"https:\/\/api.w.org\/{rel}","templated":true}]}}