{"id":45806,"date":"2023-06-19T13:58:07","date_gmt":"2023-06-19T11:58:07","guid":{"rendered":"https:\/\/wbp.lublin.pl\/?p=45806"},"modified":"2023-06-22T11:55:19","modified_gmt":"2023-06-22T09:55:19","slug":"spotkanie-z-jakubem-maleckim","status":"publish","type":"post","link":"https:\/\/wbp.lublin.pl\/index.php\/2023\/06\/19\/spotkanie-z-jakubem-maleckim\/","title":{"rendered":"Spotkanie z Jakubem Ma\u0142eckim"},"content":{"rendered":"\n<!--more-->\n\n\n\n<p class=\"has-text-align-center wp-block-paragraph\"><strong>Wojew\u00f3dzka Biblioteka Publiczna<\/strong><br><strong>im. Hieronima \u0141opaci\u0144skiego w Lublinie<\/strong><\/p>\n\n\n\n<p class=\"has-text-align-center wp-block-paragraph\">oraz<br><br><strong>Dyskusyjny Klub Ksi\u0105\u017cki<\/strong><\/p>\n\n\n\n<p class=\"has-text-align-center wp-block-paragraph\">zapraszaj\u0105 na spotkanie autorskie<\/p>\n\n\n\n<p class=\"has-text-align-center wp-block-paragraph\"><strong>19 czerwca (poniedzia\u0142ek) 2023 r., godz. 17.00<\/strong><br>Galeria Biblioteki <\/p>\n\n\n\n<p class=\"has-text-align-center wp-block-paragraph\">Go\u015bciem spotkania b\u0119dzie<\/p>\n\n\n\n<p class=\"has-text-align-center wp-block-paragraph\">Jakub Ma\u0142ecki<\/p>\n\n\n\n<p class=\"has-text-align-center wp-block-paragraph\">Rozmow\u0119 poprowadzi Lidia G\u0142\u0119bicka<\/p>\n\n\n\n<p class=\"wp-block-paragraph\"><\/p>\n\n\n<div class=\"wp-block-image\">\n<figure class=\"aligncenter size-large is-resized\"><a href=\"https:\/\/wbp.lublin.pl\/wp-content\/uploads\/2023\/06\/J_Malecki-plakat-scaled.webp\"><img data-dominant-color=\"949486\" data-has-transparency=\"false\" style=\"--dominant-color: #949486;\" loading=\"lazy\" decoding=\"async\" sizes=\"auto, (max-width: 721px) 100vw, 721px\" src=\"https:\/\/wbp.lublin.pl\/wp-content\/uploads\/2023\/06\/J_Malecki-plakat-721x1080.webp\" alt=\"\" class=\"wp-image-45811 not-transparent\" width=\"361\" height=\"540\" srcset=\"https:\/\/wbp.lublin.pl\/wp-content\/uploads\/2023\/06\/J_Malecki-plakat-721x1080.webp 721w, https:\/\/wbp.lublin.pl\/wp-content\/uploads\/2023\/06\/J_Malecki-plakat-401x600.webp 401w, https:\/\/wbp.lublin.pl\/wp-content\/uploads\/2023\/06\/J_Malecki-plakat-267x400.webp 267w, https:\/\/wbp.lublin.pl\/wp-content\/uploads\/2023\/06\/J_Malecki-plakat-768x1150.webp 768w, https:\/\/wbp.lublin.pl\/wp-content\/uploads\/2023\/06\/J_Malecki-plakat-1025x1536.webp 1025w, https:\/\/wbp.lublin.pl\/wp-content\/uploads\/2023\/06\/J_Malecki-plakat-1367x2048.webp 1367w, https:\/\/wbp.lublin.pl\/wp-content\/uploads\/2023\/06\/J_Malecki-plakat-947x1418.webp 947w, https:\/\/wbp.lublin.pl\/wp-content\/uploads\/2023\/06\/J_Malecki-plakat-624x935.webp 624w, https:\/\/wbp.lublin.pl\/wp-content\/uploads\/2023\/06\/J_Malecki-plakat-scaled.webp 1709w\" \/><\/a><\/figure>\n<\/div>\n\n\n<p class=\"has-text-align-center wp-block-paragraph\">Fot. Wojciech Bia\u0142y<\/p>\n\n\n\n<p class=\"wp-block-paragraph\"><strong>Jakub Ma\u0142ecki<\/strong>&nbsp;(ur. 1982 w Kole) \u2013 pisarz, autor m.in.&nbsp;<em>Dygotu, Rdzy<\/em>&nbsp;i&nbsp;<em>\u015awi\u0119ta ognia<\/em>.<\/p>\n\n\n\n<p class=\"wp-block-paragraph\">Jest laureatem Nagrody im. Cypriana Kamila Norwida, stypendium \u201eM\u0142oda Polska\u201d Ministerstwa Kultury i Dziedzictwa Narodowego oraz polsko-niemieckiego stypendium im. Albrechta Lemppa. By\u0142 r\u00f3wie\u017c nominowany m.in. do Nagrody Literackiej Nike, Nagrody Literackiej Europy \u015arodkowej \u201eAngelus\u201d i nagrody im. Stanis\u0142awa Bara\u0144czaka. Magazyn Literacki KSI\u0104\u017bKI uzna\u0142 <em>Horyzont<\/em> Ksi\u0105\u017ck\u0105 Roku 2019.<\/p>\n\n\n\n<p class=\"wp-block-paragraph\">Jego powie\u015bci ukaza\u0142y si\u0119 w przek\u0142adzie na j\u0119zyki: niemiecki, rosyjski, niderlandzki, fi\u0144ski, s\u0142owe\u0144ski i macedo\u0144ski. Fragment <em>Historii podniebnych<\/em> znalaz\u0142 si\u0119 w nowym podr\u0119czniku do j\u0119zyka polskiego dla szk\u00f3\u0142 \u015brednich. Jesieni\u0105 2023 roku uka\u017ce si\u0119&nbsp;ekranizacja <em>\u015awi\u0119ta ognia<\/em> w re\u017cyserii Kingi D\u0119bskiej, kt\u00f3r\u0105 wyprodukowa\u0142a wytw\u00f3rnia Opus Film (<em>Ida<\/em>, <em>Zimna wojna<\/em>). <\/p>\n\n\n\n<p class=\"has-text-align-center wp-block-paragraph\">Wydarzenie realizowane w ramach &nbsp;projektu &#8222;Lubelskie DKK: zawsze dobre &#8211; ksi\u0105\u017cki &#8211; zawsze dobre&#8221;, finansowanego ze \u015brodk\u00f3w Instytutu ksi\u0105\u017cki, dotacji celowej MKiDN.<\/p>\n\n\n\n<figure class=\"wp-block-gallery has-nested-images columns-3 wp-block-gallery-1 is-layout-flex wp-block-gallery-is-layout-flex\">\n<figure class=\"wp-block-image size-large\"><a href=\"https:\/\/wbp.lublin.pl\/wp-content\/uploads\/2023\/05\/logotypy.png\"><img data-dominant-color=\"f2e4e4\" data-has-transparency=\"false\" style=\"--dominant-color: #f2e4e4;\" decoding=\"async\" data-id=\"44159\" src=\"https:\/\/wbp.lublin.pl\/wp-content\/uploads\/2023\/05\/logotypy.png\" alt=\"logotypy\" class=\"wp-image-44159 not-transparent\"\/><\/a><\/figure>\n<\/figure>\n\n\n\n<figure class=\"wp-block-gallery has-nested-images columns-default is-cropped wp-block-gallery-2 is-layout-flex wp-block-gallery-is-layout-flex\">\n<figure class=\"wp-block-image size-large\"><img data-dominant-color=\"f3e0e3\" data-has-transparency=\"false\" style=\"--dominant-color: #f3e0e3;\" decoding=\"async\" data-id=\"45807\" src=\"https:\/\/wbp.lublin.pl\/wp-content\/uploads\/2023\/06\/belka-logotypowa-jasna.png\" alt=\"\" class=\"wp-image-45807 not-transparent\"\/><\/figure>\n<\/figure>\n","protected":false},"excerpt":{"rendered":"<p>19 czerwca (poniedzia\u0142ek) 2023 r., godz. 17.00<\/p>\n","protected":false},"author":21,"featured_media":45816,"comment_status":"closed","ping_status":"closed","sticky":false,"template":"","format":"standard","meta":{"_tec_requires_first_save":true,"_crdt_document":"","pgc_sgb_lightbox_settings":"","_EventAllDay":false,"_EventTimezone":"","_EventStartDate":"","_EventEndDate":"","_EventStartDateUTC":"","_EventEndDateUTC":"","_EventShowMap":false,"_EventShowMapLink":false,"_EventURL":"","_EventCost":"","_EventCostDescription":"","_EventCurrencySymbol":"","_EventCurrencyCode":"","_EventCurrencyPosition":"","_EventDateTimeSeparator":"","_EventTimeRangeSeparator":"","_EventOrganizerID":[],"_EventVenueID":[],"_OrganizerEmail":"","_OrganizerPhone":"","_OrganizerWebsite":"","_VenueAddress":"","_VenueCity":"","_VenueCountry":"","_VenueProvince":"","_VenueState":"","_VenueZip":"","_VenuePhone":"","_VenueURL":"","_VenueStateProvince":"","_VenueLat":"","_VenueLng":"","_VenueShowMap":false,"_VenueShowMapLink":false,"_tribe_blocks_recurrence_rules":"","_tribe_blocks_recurrence_description":"","_tribe_blocks_recurrence_exclusions":"","footnotes":""},"categories":[679,537],"tags":[],"class_list":["post-45806","post","type-post","status-publish","format-standard","has-post-thumbnail","hentry","category-rok-2023","category-archiwum-wydarzen"],"publishpress_future_action":{"enabled":false,"date":"2026-05-06 10:12:49","action":"change-status","newStatus":"draft","terms":[],"taxonomy":"category","extraData":[]},"publishpress_future_workflow_manual_trigger":{"enabledWorkflows":[]},"_links":{"self":[{"href":"https:\/\/wbp.lublin.pl\/index.php\/wp-json\/wp\/v2\/posts\/45806","targetHints":{"allow":["GET"]}}],"collection":[{"href":"https:\/\/wbp.lublin.pl\/index.php\/wp-json\/wp\/v2\/posts"}],"about":[{"href":"https:\/\/wbp.lublin.pl\/index.php\/wp-json\/wp\/v2\/types\/post"}],"author":[{"embeddable":true,"href":"https:\/\/wbp.lublin.pl\/index.php\/wp-json\/wp\/v2\/users\/21"}],"replies":[{"embeddable":true,"href":"https:\/\/wbp.lublin.pl\/index.php\/wp-json\/wp\/v2\/comments?post=45806"}],"version-history":[{"count":5,"href":"https:\/\/wbp.lublin.pl\/index.php\/wp-json\/wp\/v2\/posts\/45806\/revisions"}],"predecessor-version":[{"id":45815,"href":"https:\/\/wbp.lublin.pl\/index.php\/wp-json\/wp\/v2\/posts\/45806\/revisions\/45815"}],"wp:featuredmedia":[{"embeddable":true,"href":"https:\/\/wbp.lublin.pl\/index.php\/wp-json\/wp\/v2\/media\/45816"}],"wp:attachment":[{"href":"https:\/\/wbp.lublin.pl\/index.php\/wp-json\/wp\/v2\/media?parent=45806"}],"wp:term":[{"taxonomy":"category","embeddable":true,"href":"https:\/\/wbp.lublin.pl\/index.php\/wp-json\/wp\/v2\/categories?post=45806"},{"taxonomy":"post_tag","embeddable":true,"href":"https:\/\/wbp.lublin.pl\/index.php\/wp-json\/wp\/v2\/tags?post=45806"}],"curies":[{"name":"wp","href":"https:\/\/api.w.org\/{rel}","templated":true}]}}