{"id":45836,"date":"2023-06-20T07:43:46","date_gmt":"2023-06-20T05:43:46","guid":{"rendered":"https:\/\/wbp.lublin.pl\/?p=45836"},"modified":"2023-06-26T07:59:28","modified_gmt":"2023-06-26T05:59:28","slug":"wystawa-jubileusz-mikolaja-kopernika-w-550-rocznice-urodzin","status":"publish","type":"post","link":"https:\/\/wbp.lublin.pl\/index.php\/2023\/06\/20\/wystawa-jubileusz-mikolaja-kopernika-w-550-rocznice-urodzin\/","title":{"rendered":"Wystawa \u201eJubileusz Miko\u0142aja Kopernika w 550. rocznic\u0119 urodzin\u201d"},"content":{"rendered":"\n<!--more-->\n\n\n\n<p class=\"has-text-align-center wp-block-paragraph\"><strong>Tadeusz S\u0142awecki<\/strong><br>Dyrektor Wojew\u00f3dzkiej Biblioteki Publicznej im. H. \u0141opaci\u0144skiego w Lublinie<br><\/p>\n\n\n\n<p class=\"has-text-align-center wp-block-paragraph\"><strong>Jerry Barycki<br><\/strong>Prezes Polsko-Kanadyjskiego Stowarzyszenia Biznesmen\u00f3w i Profesjonalist\u00f3w<br>w Windsor<br><\/p>\n\n\n\n<p class=\"has-text-align-center wp-block-paragraph\">zapraszaj\u0105 na wystaw\u0119<br><\/p>\n\n\n\n<p class=\"has-text-align-center wp-block-paragraph\"><strong>\u201eJubileusz Miko\u0142aja Kopernika w 550. rocznic\u0119 urodzin\u201d<\/strong><br><\/p>\n\n\n\n<p class=\"has-text-align-center wp-block-paragraph\">Hol Biblioteki<\/p>\n\n\n\n<p class=\"has-text-align-center wp-block-paragraph\">Lublin, ul. G. Narutowicza 4<\/p>\n\n\n<div class=\"wp-block-image\">\n<figure class=\"aligncenter size-full is-resized\"><img data-dominant-color=\"ebdfdf\" data-has-transparency=\"false\" style=\"--dominant-color: #ebdfdf;\" loading=\"lazy\" decoding=\"async\" sizes=\"auto, (max-width: 555px) 100vw, 555px\" src=\"https:\/\/wbp.lublin.pl\/wp-content\/uploads\/2023\/06\/Czarno-bialy-prosty-estetyczny-2023-kalendarz-miesieczny-1-jpg.webp\" alt=\"\" class=\"wp-image-45850 not-transparent\" width=\"278\" height=\"171\"\/><\/figure>\n<\/div>\n\n\n<hr class=\"wp-block-separator has-alpha-channel-opacity\"\/>\n\n\n\n<figure class=\"wp-block-image size-full\"><a href=\"https:\/\/wbp.lublin.pl\/wp-content\/uploads\/2023\/06\/1460x616-jpg.webp\"><img data-dominant-color=\"423934\" data-has-transparency=\"false\" style=\"--dominant-color: #423934;\" decoding=\"async\" sizes=\"(max-width: 1460px) 100vw, 1460px\" src=\"https:\/\/wbp.lublin.pl\/wp-content\/uploads\/2023\/06\/1460x616-jpg.webp\" alt=\"\" class=\"wp-image-45838 not-transparent\"\/><\/a><\/figure>\n\n\n\n<p class=\"wp-block-paragraph\"><strong>Miko\u0142aj Kopernik<\/strong> przeszed\u0142 do historii jako tw\u00f3rca prze\u0142omowej dla nowo\u017cytnej nauki teorii heliocentrycznej.<br>Przysz\u0142y astronom urodzi\u0142 si\u0119 19 lutego 1473 r. w Toruniu w rodzinie kupieckiej. Po jego \u015bmierci ojca opiek\u0119 nad Miko\u0142ajem przej\u0105\u0142 brat matki, \u0141ukasz Watzenrode, przysz\u0142y biskup warmi\u0144ski. Z inicjatywy wuja podj\u0105\u0142 studia z prawa kanonicznego na uniwersytecie w Bolonii oraz studia medyczne w Padwie, po\u0142\u0105czone z uzyskaniem doktoratu z prawa kanonicznego na uniwersytecie w Ferrarze. Wcze\u015bniej studiowa\u0142 nauki matematyczno-przyrodnicze w Akademii Krakowskiej.<br>Podczas pobytu we W\u0142oszech Kopernik doskonali\u0142 znajomo\u015b\u0107 j\u0119zyk\u00f3w klasycznych, t\u0142umacz\u0105c z j\u0119zyka greckiego na \u0142acin\u0119 dzie\u0142a Teofilakta Symokatty (VII w.), a tak\u017ce pog\u0142\u0119bia\u0142 studia nad tradycj\u0105 pitagorejsk\u0105.<br>Wi\u0119kszo\u015bci swych obserwacji astronomicznych Miko\u0142aj Kopernik prowadzi\u0142 we Fromborku, gdzie zmar\u0142 24 maja 1543 r.<br>Rok 2023 zosta\u0142 ustanowiony przez Senat RP Rokiem Miko\u0142aja Kopernika. Dat\u0119 powi\u0105zano z rocznic\u0105 pi\u0119\u0107set pi\u0119\u0107dziesi\u0105tych urodzin i czterysta osiemdziesi\u0105t\u0105 rocznic\u0105 \u015bmierci polskiego astronoma.<br>W uchwale senatorowie wskazali, \u017ce w swoim najs\u0142ynniejszym dziele \u201eDe revolutionibus orbium coelestium\u201d Miko\u0142aj Kopernik przedstawi\u0142 za\u0142o\u017cenia heliocentrycznej budowy Uk\u0142adu S\u0142onecznego, kt\u00f3re zburzy\u0142y \u00f3wczesny obraz \u015bwiata. Jego odkrycie spowodowa\u0142o rewolucj\u0119 naukow\u0105, zwan\u0105 przewrotem kopernika\u0144skim.<\/p>\n\n\n\n<p class=\"wp-block-paragraph\"><a href=\"https:\/\/www.gov.pl\/web\/edukacja-i-nauka\/550-rocznica-urodzin-mikolaja-kopernika\">Ministerstwo Edukacji i Nauki \u2013 550. rocznica urodzin Miko\u0142aja Kopernika<\/a><\/p>\n\n\n\n<p class=\"wp-block-paragraph\"><\/p>\n\n\n\n<figure class=\"wp-block-image size-large\"><img data-dominant-color=\"685b49\" data-has-transparency=\"false\" style=\"--dominant-color: #685b49;\" decoding=\"async\" sizes=\"(max-width: 1920px) 100vw, 1920px\" src=\"https:\/\/wbp.lublin.pl\/wp-content\/uploads\/2023\/06\/353635982_563706982379844_3560616011751550058_n1-1920x1080.webp\" alt=\"\" class=\"wp-image-45855 not-transparent\"\/><\/figure>\n\n\n\n<p class=\"wp-block-paragraph\">Wystaw\u0119 z inicjatywy przewodnicz\u0105cego Komisji Spraw Emigracji i \u0141\u0105czno\u015bci z Polakami za Granic\u0105 Kazimierza Micha\u0142a Ujazdowskiego zorganizowa\u0142o Polsko-Kanadyjskie Stowarzyszenie Biznesmen\u00f3w i Profesjonalist\u00f3w w Windsorze (Canadian Business and Professional Association of Windsor).<\/p>\n\n\n\n<p class=\"wp-block-paragraph\">Na ekspozycji, zorganizowanej przez Polsko-Kanadyjskie Stowarzyszenie Biznesmen\u00f3w i Profesjonalist\u00f3w w Windsorze, na 21 planszach zaprezentowano fakty z biografii Miko\u0142aja Kopernika \u2013 jego dzieci\u0144stwo i m\u0142odo\u015b\u0107 w Toruniu; studia: nauki wyzwolone na Akademii Krakowskiej, prawo w Bolonii, medycyn\u0119 w Padwie i prawo kanoniczne w Ferrarze; \u017cycie i prac\u0119 po powrocie do Polski: w Lidzbarku Warmi\u0144skim, Olsztynie i Fromborku; dzia\u0142alno\u015b\u0107 publiczn\u0105 na Warmii; wczesne publikacje i istot\u0119 najwi\u0119kszego odkrycia. Wystawa przypomina r\u00f3wnie\u017c ponowny poch\u00f3wek astronoma w 2010 r., po odnalezieniu jego szcz\u0105tk\u00f3w pod posadzk\u0105 ko\u015bcio\u0142a we Fromborku, a tak\u017ce prezentuje dowody upami\u0119tnienia Kopernika na \u015bwiecie i w Kanadzie, w tym obchodzone tam 500-lecie jego urodzin.<\/p>\n\n\n\n<p class=\"wp-block-paragraph\"><a href=\"https:\/\/www.senat.gov.pl\/aktualnoscilista\/inne\/art,15350,otwarcie-wystawy-jubileusz-mikolaja-kopernika-w-550-rocznice-urodzin.html\">Senat \u2013 Otwarcie wystawy \u201eJubileusz Miko\u0142aja Kopernika w 550. rocznic\u0119 urodzin\u201d<\/a><\/p>\n\n\n\n<p class=\"has-text-align-center wp-block-paragraph\">wystawa b\u0119dzie eksponowana<\/p>\n\n\n\n<p class=\"has-text-align-center wp-block-paragraph\">do <strong>24 czerwca 2023 roku w godzinach pracy Biblioteki.<\/strong><\/p>\n\n\n\n<p class=\"has-text-align-center wp-block-paragraph\">Wst\u0119p wolny. Zapraszamy!<\/p>\n","protected":false},"excerpt":{"rendered":"","protected":false},"author":21,"featured_media":45855,"comment_status":"closed","ping_status":"closed","sticky":false,"template":"","format":"standard","meta":{"_tec_requires_first_save":true,"_crdt_document":"","pgc_sgb_lightbox_settings":"","_EventAllDay":false,"_EventTimezone":"","_EventStartDate":"","_EventEndDate":"","_EventStartDateUTC":"","_EventEndDateUTC":"","_EventShowMap":false,"_EventShowMapLink":false,"_EventURL":"","_EventCost":"","_EventCostDescription":"","_EventCurrencySymbol":"","_EventCurrencyCode":"","_EventCurrencyPosition":"","_EventDateTimeSeparator":"","_EventTimeRangeSeparator":"","_EventOrganizerID":[],"_EventVenueID":[],"_OrganizerEmail":"","_OrganizerPhone":"","_OrganizerWebsite":"","_VenueAddress":"","_VenueCity":"","_VenueCountry":"","_VenueProvince":"","_VenueState":"","_VenueZip":"","_VenuePhone":"","_VenueURL":"","_VenueStateProvince":"","_VenueLat":"","_VenueLng":"","_VenueShowMap":false,"_VenueShowMapLink":false,"_tribe_blocks_recurrence_rules":"","_tribe_blocks_recurrence_description":"","_tribe_blocks_recurrence_exclusions":"","footnotes":""},"categories":[679,537,1],"tags":[],"class_list":["post-45836","post","type-post","status-publish","format-standard","has-post-thumbnail","hentry","category-rok-2023","category-archiwum-wydarzen","category-bez-kategorii"],"publishpress_future_action":{"enabled":false,"date":"2026-05-06 10:13:10","action":"change-status","newStatus":"draft","terms":[],"taxonomy":"category","extraData":[]},"publishpress_future_workflow_manual_trigger":{"enabledWorkflows":[]},"_links":{"self":[{"href":"https:\/\/wbp.lublin.pl\/index.php\/wp-json\/wp\/v2\/posts\/45836","targetHints":{"allow":["GET"]}}],"collection":[{"href":"https:\/\/wbp.lublin.pl\/index.php\/wp-json\/wp\/v2\/posts"}],"about":[{"href":"https:\/\/wbp.lublin.pl\/index.php\/wp-json\/wp\/v2\/types\/post"}],"author":[{"embeddable":true,"href":"https:\/\/wbp.lublin.pl\/index.php\/wp-json\/wp\/v2\/users\/21"}],"replies":[{"embeddable":true,"href":"https:\/\/wbp.lublin.pl\/index.php\/wp-json\/wp\/v2\/comments?post=45836"}],"version-history":[{"count":14,"href":"https:\/\/wbp.lublin.pl\/index.php\/wp-json\/wp\/v2\/posts\/45836\/revisions"}],"predecessor-version":[{"id":45857,"href":"https:\/\/wbp.lublin.pl\/index.php\/wp-json\/wp\/v2\/posts\/45836\/revisions\/45857"}],"wp:featuredmedia":[{"embeddable":true,"href":"https:\/\/wbp.lublin.pl\/index.php\/wp-json\/wp\/v2\/media\/45855"}],"wp:attachment":[{"href":"https:\/\/wbp.lublin.pl\/index.php\/wp-json\/wp\/v2\/media?parent=45836"}],"wp:term":[{"taxonomy":"category","embeddable":true,"href":"https:\/\/wbp.lublin.pl\/index.php\/wp-json\/wp\/v2\/categories?post=45836"},{"taxonomy":"post_tag","embeddable":true,"href":"https:\/\/wbp.lublin.pl\/index.php\/wp-json\/wp\/v2\/tags?post=45836"}],"curies":[{"name":"wp","href":"https:\/\/api.w.org\/{rel}","templated":true}]}}