{"id":45858,"date":"2023-06-22T11:56:55","date_gmt":"2023-06-22T09:56:55","guid":{"rendered":"https:\/\/wbp.lublin.pl\/?p=45858"},"modified":"2023-06-26T07:57:17","modified_gmt":"2023-06-26T05:57:17","slug":"zaproszenie-na-promocje-ksiazki-gwalt-na-duszy-kobiety-z-bronia-tn-kul-2022","status":"publish","type":"post","link":"https:\/\/wbp.lublin.pl\/index.php\/2023\/06\/22\/zaproszenie-na-promocje-ksiazki-gwalt-na-duszy-kobiety-z-bronia-tn-kul-2022\/","title":{"rendered":"Zaproszenie na promocj\u0119 ksi\u0105\u017cki \u201eGwa\u0142t na duszy kobiety z Broni\u0105\u201d, TN KUL 2022"},"content":{"rendered":"\n<p class=\"wp-block-paragraph\"><\/p>\n\n\n<div class=\"wp-block-image\">\n<figure class=\"aligncenter size-full is-resized\"><img data-dominant-color=\"d3d3d1\" data-has-transparency=\"false\" style=\"--dominant-color: #d3d3d1;\" loading=\"lazy\" decoding=\"async\" sizes=\"auto, (max-width: 561px) 100vw, 561px\" src=\"https:\/\/wbp.lublin.pl\/wp-content\/uploads\/2023\/02\/logoWBP-jpg.webp\" alt=\"Logo WBP\" class=\"wp-image-43055 not-transparent\" width=\"102\" height=\"128\"\/><\/figure>\n<\/div>\n\n\n<p class=\"has-text-align-center wp-block-paragraph\"><strong>Wojew\u00f3dzka Biblioteka Publiczna im. Hieronima \u0141opaci\u0144skiego w Lublinie<\/strong><\/p>\n\n\n\n<p class=\"has-text-align-center wp-block-paragraph\"><\/p>\n\n\n<div class=\"wp-block-image\">\n<figure class=\"aligncenter size-full is-resized\"><img data-dominant-color=\"b1b0af\" data-has-transparency=\"false\" style=\"--dominant-color: #b1b0af;\" loading=\"lazy\" decoding=\"async\" sizes=\"auto, (max-width: 148px) 100vw, 148px\" src=\"https:\/\/wbp.lublin.pl\/wp-content\/uploads\/2023\/06\/logoKUL.png\" alt=\"\" class=\"wp-image-45859 not-transparent\" width=\"119\" height=\"105\"\/><\/figure>\n<\/div>\n\n\n<p class=\"has-text-align-center wp-block-paragraph\"><strong>Towarzystwo Naukowe Katolickiego Uniwersytetu Lubelskiego Jana Paw\u0142a II<\/strong><\/p>\n\n\n\n<p class=\"has-text-align-center wp-block-paragraph\">uprzejmie zapraszaj\u0105 <\/p>\n\n\n\n<p class=\"has-text-align-center wp-block-paragraph\">na promocj\u0119 ksi\u0105\u017cki <strong>Joanny Szcz\u0119snej <\/strong><br><strong>\u201eGwa\u0142t na duszy kobiety z Broni\u0105. Zapiski autobiograficzne z elementami grozy\u201d<\/strong><\/p>\n\n\n<div class=\"wp-block-image\">\n<figure class=\"aligncenter size-full\"><img data-dominant-color=\"847464\" data-has-transparency=\"false\" style=\"--dominant-color: #847464;\" decoding=\"async\" sizes=\"(max-width: 340px) 100vw, 340px\" src=\"https:\/\/wbp.lublin.pl\/wp-content\/uploads\/2023\/06\/1660204084_gwalt-na-duszy-okl-jpg.webp\" alt=\"\" class=\"wp-image-45860 not-transparent\"\/><\/figure>\n<\/div>\n\n\n<p class=\"has-text-align-center wp-block-paragraph\">22 czerwca (czwartek) 2023 r. o godz. 18.00<br>Galeria Biblioteki<\/p>\n\n\n\n<p class=\"has-text-align-center wp-block-paragraph\">ul. G. Narutowicza 4<\/p>\n\n\n\n<p class=\"wp-block-paragraph\"><strong>Program spotkania<\/strong><\/p>\n\n\n\n<p class=\"wp-block-paragraph\">Go\u015bci przywitaj\u0105 i w temat wprowadz\u0105:<\/p>\n\n\n\n<p class=\"wp-block-paragraph\">&nbsp;\u25c6 Tadeusz S\u0142awecki, Dyrektor Biblioteki im. Hieronima \u0141opaci\u0144skiego<\/p>\n\n\n\n<p class=\"wp-block-paragraph\">\u25c6 Ks. Prof. dr hab. Augustyn Eckmann, Prezes TN KUL<\/p>\n\n\n\n<p class=\"wp-block-paragraph\">O Autorce i ksi\u0105\u017cce m\u00f3wi\u0107 b\u0119d\u0105:<\/p>\n\n\n\n<p class=\"wp-block-paragraph\">\u25c6 Prof. dr hab. Jadwiga Kuczy\u0144ska<\/p>\n\n\n\n<p class=\"wp-block-paragraph\">\u25c6 Prof. dr hab. Lechos\u0142aw Lame\u0144ski<\/p>\n\n\n\n<p class=\"wp-block-paragraph\">\u25c6 Prof. dr hab. Bo\u017cena Iwaszkiewicz-Wronikowska <\/p>\n\n\n\n<p class=\"wp-block-paragraph\">Spotkanie poprowadzi Ewa Hadrian<\/p>\n\n\n\n<p class=\"wp-block-paragraph\">Po kr\u00f3tkim s\u0142owie od autorki fragmenty ksi\u0105\u017cki przeczyta Barbara Kozak<\/p>\n\n\n\n<hr class=\"wp-block-separator has-alpha-channel-opacity\"\/>\n\n\n\n<p class=\"wp-block-paragraph\"><strong><em>Gwa\u0142t na duszy kobiety z Broni\u0105. Zapiski autobiograficzne z elementami grozy<\/em> <\/strong>Joanny Szcz\u0119snej to ksi\u0105\u017cka szczeg\u00f3lna. Nie czyta\u0142em jeszcze ksi\u0105\u017cki tak szczerej, zdecydowanie osobistej, pe\u0142nej ekspresji i dramatyzmu, a zarazem ksi\u0105\u017cki pe\u0142nej rado\u015bci \u017cycia oraz wiary w cz\u0142owieka i w Boga. Joanna Szcz\u0119sna \u2013 moja m\u0142odziutka, wyj\u0105tkowo inteligentna i pi\u0119kna kole\u017canka z okresu mojej pracy w KUL \u2013 jest historykiem sztuki i od wielu ju\u017c lat zmaga si\u0119 z okrutn\u0105 chorob\u0105, kt\u00f3ra diametralnie zmieni\u0142a jej ca\u0142e \u017cycie, prywatne i zawodowe. Uwa\u017cam, \u017ce ksi\u0105\u017ck\u0119 trzeba przeczyta\u0107. Po pierwsze, to ksi\u0105\u017cka ciekawa pod ka\u017cdym wzgl\u0119dem, bardzo dobrze napisana, niepozwalaj\u0105ca czytelnikowi na jej przerwanie, od\u0142o\u017cenie na p\u00f3\u017aniej. I po drugie, to ksi\u0105\u017cka potrzebna zar\u00f3wno nam wszystkim, zwyk\u0142ym ludziom s\u0142abej wiary, jak i lekarzom, dla kt\u00f3rych powinna sta\u0107 si\u0119 wr\u0119cz lektur\u0105 obowi\u0105zkow\u0105 przed pierwszym kontaktem z wieloma chorymi.<\/p>\n\n\n\n<p class=\"has-text-align-right wp-block-paragraph\">Z recenzji prof. Lechos\u0142awa Lame\u0144skiego<\/p>\n","protected":false},"excerpt":{"rendered":"<p>22 czerwca (czwartek) 2023 r. o godz. 18.00<\/p>\n","protected":false},"author":21,"featured_media":45942,"comment_status":"closed","ping_status":"closed","sticky":false,"template":"","format":"standard","meta":{"_tec_requires_first_save":true,"_crdt_document":"","pgc_sgb_lightbox_settings":"","_EventAllDay":false,"_EventTimezone":"","_EventStartDate":"","_EventEndDate":"","_EventStartDateUTC":"","_EventEndDateUTC":"","_EventShowMap":false,"_EventShowMapLink":false,"_EventURL":"","_EventCost":"","_EventCostDescription":"","_EventCurrencySymbol":"","_EventCurrencyCode":"","_EventCurrencyPosition":"","_EventDateTimeSeparator":"","_EventTimeRangeSeparator":"","_EventOrganizerID":[],"_EventVenueID":[],"_OrganizerEmail":"","_OrganizerPhone":"","_OrganizerWebsite":"","_VenueAddress":"","_VenueCity":"","_VenueCountry":"","_VenueProvince":"","_VenueState":"","_VenueZip":"","_VenuePhone":"","_VenueURL":"","_VenueStateProvince":"","_VenueLat":"","_VenueLng":"","_VenueShowMap":false,"_VenueShowMapLink":false,"_tribe_blocks_recurrence_rules":"","_tribe_blocks_recurrence_description":"","_tribe_blocks_recurrence_exclusions":"","footnotes":""},"categories":[679,537],"tags":[],"class_list":["post-45858","post","type-post","status-publish","format-standard","has-post-thumbnail","hentry","category-rok-2023","category-archiwum-wydarzen"],"publishpress_future_action":{"enabled":false,"date":"2026-05-06 10:13:30","action":"change-status","newStatus":"draft","terms":[],"taxonomy":"category","extraData":[]},"publishpress_future_workflow_manual_trigger":{"enabledWorkflows":[]},"_links":{"self":[{"href":"https:\/\/wbp.lublin.pl\/index.php\/wp-json\/wp\/v2\/posts\/45858","targetHints":{"allow":["GET"]}}],"collection":[{"href":"https:\/\/wbp.lublin.pl\/index.php\/wp-json\/wp\/v2\/posts"}],"about":[{"href":"https:\/\/wbp.lublin.pl\/index.php\/wp-json\/wp\/v2\/types\/post"}],"author":[{"embeddable":true,"href":"https:\/\/wbp.lublin.pl\/index.php\/wp-json\/wp\/v2\/users\/21"}],"replies":[{"embeddable":true,"href":"https:\/\/wbp.lublin.pl\/index.php\/wp-json\/wp\/v2\/comments?post=45858"}],"version-history":[{"count":9,"href":"https:\/\/wbp.lublin.pl\/index.php\/wp-json\/wp\/v2\/posts\/45858\/revisions"}],"predecessor-version":[{"id":45980,"href":"https:\/\/wbp.lublin.pl\/index.php\/wp-json\/wp\/v2\/posts\/45858\/revisions\/45980"}],"wp:featuredmedia":[{"embeddable":true,"href":"https:\/\/wbp.lublin.pl\/index.php\/wp-json\/wp\/v2\/media\/45942"}],"wp:attachment":[{"href":"https:\/\/wbp.lublin.pl\/index.php\/wp-json\/wp\/v2\/media?parent=45858"}],"wp:term":[{"taxonomy":"category","embeddable":true,"href":"https:\/\/wbp.lublin.pl\/index.php\/wp-json\/wp\/v2\/categories?post=45858"},{"taxonomy":"post_tag","embeddable":true,"href":"https:\/\/wbp.lublin.pl\/index.php\/wp-json\/wp\/v2\/tags?post=45858"}],"curies":[{"name":"wp","href":"https:\/\/api.w.org\/{rel}","templated":true}]}}