{"id":46143,"date":"2023-08-03T08:49:45","date_gmt":"2023-08-03T06:49:45","guid":{"rendered":"https:\/\/wbp.lublin.pl\/?p=46143"},"modified":"2023-08-03T08:49:46","modified_gmt":"2023-08-03T06:49:46","slug":"artysci-i-widzowie-w-obiektywie-andrzeja-polakowskiego-wystawa-jubileuszowa-z-okazji-60-lecia-pracy-tworczej","status":"publish","type":"post","link":"https:\/\/wbp.lublin.pl\/index.php\/2023\/08\/03\/artysci-i-widzowie-w-obiektywie-andrzeja-polakowskiego-wystawa-jubileuszowa-z-okazji-60-lecia-pracy-tworczej\/","title":{"rendered":"Arty\u015bci i widzowie w obiektywie Andrzeja Polakowskiego. Wystawa jubileuszowa z okazji 60-lecia pracy tw\u00f3rczej"},"content":{"rendered":"\n<p class=\"wp-block-paragraph\"><\/p>\n\n\n\n<!--more-->\n\n\n\n<p class=\"has-text-align-center wp-block-paragraph\">Wojew\u00f3dzka Biblioteka Publiczna im. Hieronima \u0141opaci\u0144skiego<\/p>\n\n\n\n<p class=\"has-text-align-center wp-block-paragraph\">oraz<\/p>\n\n\n\n<p class=\"has-text-align-center wp-block-paragraph\">Zwi\u0105zek Polskich Artyst\u00f3w Fotografik\u00f3w<br>Okr\u0119g Lubelski<\/p>\n\n\n\n<p class=\"has-text-align-center wp-block-paragraph\">serdecznie zapraszaj\u0105 na wystaw\u0119<\/p>\n\n\n\n<p class=\"has-text-align-center wp-block-paragraph\"><em><strong>Arty\u015bci i widzowie w obiektywie<\/strong> <strong>Andrzeja Polakowskiego<\/strong>. <br><strong>Wystawa jubileuszowa z okazji 60-lecia pracy tw\u00f3rczej<\/strong><\/em><\/p>\n\n\n\n<p class=\"has-text-align-center wp-block-paragraph\">Galeria Biblioteki <\/p>\n\n\n\n<p class=\"has-text-align-center wp-block-paragraph\">ul. Narutowicza 4<\/p>\n\n\n\n<p class=\"has-text-align-center wp-block-paragraph\">20-950 Lublin<\/p>\n\n\n\n<p class=\"has-text-align-center wp-block-paragraph\"><\/p>\n\n\n\n<p class=\"has-text-align-center wp-block-paragraph\">Wystawa b\u0119dzie czynna do<strong> 25 sierpnia 2023 r.<\/strong> w godzinach pracy Biblioteki<br>Wst\u0119p wolny. Zapraszamy!<\/p>\n\n\n<div class=\"wp-block-image\">\n<figure class=\"aligncenter size-large\"><img data-dominant-color=\"e5d0d0\" data-has-transparency=\"false\" style=\"--dominant-color: #e5d0d0;\" loading=\"lazy\" decoding=\"async\" width=\"789\" height=\"1080\" sizes=\"auto, (max-width: 789px) 100vw, 789px\" src=\"https:\/\/wbp.lublin.pl\/wp-content\/uploads\/2023\/06\/AP-zyciorys-789x1080.webp\" alt=\"\" class=\"wp-image-46148 not-transparent\" srcset=\"https:\/\/wbp.lublin.pl\/wp-content\/uploads\/2023\/06\/AP-zyciorys-789x1080.webp 789w, https:\/\/wbp.lublin.pl\/wp-content\/uploads\/2023\/06\/AP-zyciorys-438x600.webp 438w, https:\/\/wbp.lublin.pl\/wp-content\/uploads\/2023\/06\/AP-zyciorys-292x400.webp 292w, https:\/\/wbp.lublin.pl\/wp-content\/uploads\/2023\/06\/AP-zyciorys-768x1052.webp 768w, https:\/\/wbp.lublin.pl\/wp-content\/uploads\/2023\/06\/AP-zyciorys-1122x1536.webp 1122w, https:\/\/wbp.lublin.pl\/wp-content\/uploads\/2023\/06\/AP-zyciorys-1496x2048.webp 1496w, https:\/\/wbp.lublin.pl\/wp-content\/uploads\/2023\/06\/AP-zyciorys-947x1297.webp 947w, https:\/\/wbp.lublin.pl\/wp-content\/uploads\/2023\/06\/AP-zyciorys-624x855.webp 624w, https:\/\/wbp.lublin.pl\/wp-content\/uploads\/2023\/06\/AP-zyciorys-scaled.webp 1869w\" \/><\/figure>\n<\/div>\n\n<div class=\"wp-block-image\">\n<figure class=\"aligncenter size-large\"><img data-dominant-color=\"2e2a2c\" data-has-transparency=\"false\" style=\"--dominant-color: #2e2a2c;\" loading=\"lazy\" decoding=\"async\" width=\"504\" height=\"1080\" sizes=\"auto, (max-width: 504px) 100vw, 504px\" src=\"https:\/\/wbp.lublin.pl\/wp-content\/uploads\/2023\/06\/zaproszenie-polakowski-1-504x1080.webp\" alt=\"\" class=\"wp-image-46144 not-transparent\" srcset=\"https:\/\/wbp.lublin.pl\/wp-content\/uploads\/2023\/06\/zaproszenie-polakowski-1-504x1080.webp 504w, https:\/\/wbp.lublin.pl\/wp-content\/uploads\/2023\/06\/zaproszenie-polakowski-1-280x600.webp 280w, https:\/\/wbp.lublin.pl\/wp-content\/uploads\/2023\/06\/zaproszenie-polakowski-1-187x400.webp 187w, https:\/\/wbp.lublin.pl\/wp-content\/uploads\/2023\/06\/zaproszenie-polakowski-1-768x1647.webp 768w, https:\/\/wbp.lublin.pl\/wp-content\/uploads\/2023\/06\/zaproszenie-polakowski-1-716x1536.webp 716w, https:\/\/wbp.lublin.pl\/wp-content\/uploads\/2023\/06\/zaproszenie-polakowski-1-955x2048.webp 955w, https:\/\/wbp.lublin.pl\/wp-content\/uploads\/2023\/06\/zaproszenie-polakowski-1-947x2031.webp 947w, https:\/\/wbp.lublin.pl\/wp-content\/uploads\/2023\/06\/zaproszenie-polakowski-1-624x1338.webp 624w, https:\/\/wbp.lublin.pl\/wp-content\/uploads\/2023\/06\/zaproszenie-polakowski-1.webp 1116w\" \/><\/figure>\n<\/div>","protected":false},"excerpt":{"rendered":"<p>Galeria Biblioteki<\/p>\n","protected":false},"author":21,"featured_media":46146,"comment_status":"closed","ping_status":"closed","sticky":false,"template":"","format":"standard","meta":{"_tec_requires_first_save":true,"_crdt_document":"","pgc_sgb_lightbox_settings":"","_EventAllDay":false,"_EventTimezone":"","_EventStartDate":"","_EventEndDate":"","_EventStartDateUTC":"","_EventEndDateUTC":"","_EventShowMap":false,"_EventShowMapLink":false,"_EventURL":"","_EventCost":"","_EventCostDescription":"","_EventCurrencySymbol":"","_EventCurrencyCode":"","_EventCurrencyPosition":"","_EventDateTimeSeparator":"","_EventTimeRangeSeparator":"","_EventOrganizerID":[],"_EventVenueID":[],"_OrganizerEmail":"","_OrganizerPhone":"","_OrganizerWebsite":"","_VenueAddress":"","_VenueCity":"","_VenueCountry":"","_VenueProvince":"","_VenueState":"","_VenueZip":"","_VenuePhone":"","_VenueURL":"","_VenueStateProvince":"","_VenueLat":"","_VenueLng":"","_VenueShowMap":false,"_VenueShowMapLink":false,"_tribe_blocks_recurrence_rules":"","_tribe_blocks_recurrence_description":"","_tribe_blocks_recurrence_exclusions":"","footnotes":""},"categories":[1,10,55],"tags":[],"class_list":["post-46143","post","type-post","status-publish","format-standard","has-post-thumbnail","hentry","category-bez-kategorii","category-aktualnosci","category-wystawy"],"publishpress_future_action":{"enabled":false,"date":"2026-05-06 17:27:30","action":"change-status","newStatus":"draft","terms":[],"taxonomy":"category","extraData":[]},"publishpress_future_workflow_manual_trigger":{"enabledWorkflows":[]},"_links":{"self":[{"href":"https:\/\/wbp.lublin.pl\/index.php\/wp-json\/wp\/v2\/posts\/46143","targetHints":{"allow":["GET"]}}],"collection":[{"href":"https:\/\/wbp.lublin.pl\/index.php\/wp-json\/wp\/v2\/posts"}],"about":[{"href":"https:\/\/wbp.lublin.pl\/index.php\/wp-json\/wp\/v2\/types\/post"}],"author":[{"embeddable":true,"href":"https:\/\/wbp.lublin.pl\/index.php\/wp-json\/wp\/v2\/users\/21"}],"replies":[{"embeddable":true,"href":"https:\/\/wbp.lublin.pl\/index.php\/wp-json\/wp\/v2\/comments?post=46143"}],"version-history":[{"count":8,"href":"https:\/\/wbp.lublin.pl\/index.php\/wp-json\/wp\/v2\/posts\/46143\/revisions"}],"predecessor-version":[{"id":46165,"href":"https:\/\/wbp.lublin.pl\/index.php\/wp-json\/wp\/v2\/posts\/46143\/revisions\/46165"}],"wp:featuredmedia":[{"embeddable":true,"href":"https:\/\/wbp.lublin.pl\/index.php\/wp-json\/wp\/v2\/media\/46146"}],"wp:attachment":[{"href":"https:\/\/wbp.lublin.pl\/index.php\/wp-json\/wp\/v2\/media?parent=46143"}],"wp:term":[{"taxonomy":"category","embeddable":true,"href":"https:\/\/wbp.lublin.pl\/index.php\/wp-json\/wp\/v2\/categories?post=46143"},{"taxonomy":"post_tag","embeddable":true,"href":"https:\/\/wbp.lublin.pl\/index.php\/wp-json\/wp\/v2\/tags?post=46143"}],"curies":[{"name":"wp","href":"https:\/\/api.w.org\/{rel}","templated":true}]}}