{"id":46760,"date":"2023-09-09T09:30:44","date_gmt":"2023-09-09T07:30:44","guid":{"rendered":"https:\/\/wbp.lublin.pl\/?p=46760"},"modified":"2023-09-12T08:48:13","modified_gmt":"2023-09-12T06:48:13","slug":"narodowe-czytanie-2023","status":"publish","type":"post","link":"https:\/\/wbp.lublin.pl\/index.php\/2023\/09\/09\/narodowe-czytanie-2023\/","title":{"rendered":"\u201eNarodowe Czytanie\u201d"},"content":{"rendered":"\n<!--more-->\n\n\n\n<figure class=\"wp-block-image size-large\"><img data-dominant-color=\"d3d2d2\" data-has-transparency=\"false\" style=\"--dominant-color: #d3d2d2;\" loading=\"lazy\" decoding=\"async\" width=\"1920\" height=\"986\" sizes=\"auto, (max-width: 1920px) 100vw, 1920px\" src=\"https:\/\/wbp.lublin.pl\/wp-content\/uploads\/2023\/08\/Narodowe-Czytanie-2023.-Baner-3-1920x986.webp\" alt=\"\" class=\"wp-image-46761 not-transparent\" srcset=\"https:\/\/wbp.lublin.pl\/wp-content\/uploads\/2023\/08\/Narodowe-Czytanie-2023.-Baner-3-1920x986.webp 1920w, https:\/\/wbp.lublin.pl\/wp-content\/uploads\/2023\/08\/Narodowe-Czytanie-2023.-Baner-3-600x308.webp 600w, https:\/\/wbp.lublin.pl\/wp-content\/uploads\/2023\/08\/Narodowe-Czytanie-2023.-Baner-3-400x205.webp 400w, https:\/\/wbp.lublin.pl\/wp-content\/uploads\/2023\/08\/Narodowe-Czytanie-2023.-Baner-3-768x394.webp 768w, https:\/\/wbp.lublin.pl\/wp-content\/uploads\/2023\/08\/Narodowe-Czytanie-2023.-Baner-3-1536x789.webp 1536w, https:\/\/wbp.lublin.pl\/wp-content\/uploads\/2023\/08\/Narodowe-Czytanie-2023.-Baner-3-2048x1052.webp 2048w, https:\/\/wbp.lublin.pl\/wp-content\/uploads\/2023\/08\/Narodowe-Czytanie-2023.-Baner-3-947x486.webp 947w, https:\/\/wbp.lublin.pl\/wp-content\/uploads\/2023\/08\/Narodowe-Czytanie-2023.-Baner-3-624x321.webp 624w\" \/><\/figure>\n\n\n\n<p class=\"has-text-align-center wp-block-paragraph\"><strong>\u201eNarodowe Czytanie\u201d<\/strong><\/p>\n\n\n\n<p class=\"has-text-align-center wp-block-paragraph\">w <br>Wojew\u00f3dzkiej Bibliotece Publicznej im. Hieronima \u0141opaci\u0144skiego w Lublinie<\/p>\n\n\n\n<p class=\"has-text-align-center wp-block-paragraph\"><strong>9 wrze\u015bnia (sobota) 2023 r., godz. 11.00<\/strong><br>Dziedziniec Biblioteki<br>Lublin, ul. Gabriela Narutowicza 4<\/p>\n\n\n\n<p class=\"has-text-align-center wp-block-paragraph\"><strong>W programie: <\/strong><\/p>\n\n\n\n<p class=\"has-text-align-center wp-block-paragraph\">godz. 11.00<br><strong>Czytanie fragment\u00f3w powie\u015bci <br>Elizy Orzeszkowej <em>Nad Niemnem<\/em> przez zaproszonych go\u015bci<\/strong>:<\/p>\n\n\n\n<p class=\"wp-block-paragraph\">Bart\u0142omiej Ba\u0142aban \u2013 Cz\u0142onek Zarz\u0105du Wojew\u00f3dztwa Lubelskiego<\/p>\n\n\n\n<p class=\"wp-block-paragraph\">Urszula Gierszon \u2013 poetka, prozaik, krytyk literacki, prezes Mi\u0119dzynarodowego Kongresu Poet\u00f3w Arcadia, cz\u0142onek Zwi\u0105zku Literat\u00f3w Polskich, w latach 2007-2011 prezes Lubelskiego Oddzia\u0142u ZLP; cz\u0142onek zarz\u0105du Fundacji Poet\u00f3w i U\u0142an\u00f3w Pami\u0119ci gen. Boles\u0142awa Wieniawy-D\u0142ugoszowskiego, emerytowany kustosz Biblioteki<\/p>\n\n\n\n<p class=\"wp-block-paragraph\">prof. Iwona Hofman \u2013 Dyrektor Instytutu Nauk o Komunikacji Spo\u0142ecznej i Mediach Uniwersytetu Marii-Curie Sk\u0142odowskiej w Lublinie, Kierownik Pracowni Bada\u0144 nad Instytutem Literackim w Pary\u017cu UMCS, Przewodnicz\u0105ca Rady Towarzystw Naukowych przy Prezydium PAN<\/p>\n\n\n\n<p class=\"wp-block-paragraph\">Wojciech Rusin \u2013 aktor Teatru Juliusza Osterwy w Lublinie<\/p>\n\n\n\n<p class=\"wp-block-paragraph\">Daniel Salman \u2013 aktor Teatru Juliusza Osterwy w Lublinie<\/p>\n\n\n\n<p class=\"wp-block-paragraph\">Tadeusz S\u0142awecki \u2013 Dyrektor Wojew\u00f3dzkiej Biblioteki Publicznej im. Hieronima \u0141opaci\u0144skiego w Lublinie<\/p>\n\n\n\n<p class=\"has-text-align-center wp-block-paragraph\">godz. 12.00<br><strong>Spektakl <em>Nad Niemnem<\/em><br>przygotowany przez &#8222;Trup\u0119 z szafy bibliotecznej&#8221; &#8211; zesp\u00f3\u0142 teatralny z\u0142o\u017cony z pracownik\u00f3w Biblioteki<\/strong><\/p>\n\n\n\n<p class=\"has-text-align-center wp-block-paragraph\"><strong>Wydarzenie<\/strong> <strong>b\u0119dzie transmitowane na Facebooku WBP<\/strong><\/p>\n\n\n\n<p class=\"has-text-align-center wp-block-paragraph\">&#8212;&#8212;&#8212;&#8212;&#8212;&#8212;&#8212;&#8212;&#8212;&#8212;&#8212;&#8212;&#8212;&#8212;&#8212;&#8212;&#8212;&#8212;&#8212;&#8212;&#8212;&#8212;&#8212;&#8212;&#8212;&#8212;&#8212;&#8212;&#8212;&#8212;&#8212;&#8212;-<\/p>\n\n\n\n<p class=\"wp-block-paragraph\"><\/p>\n\n\n\n<p class=\"wp-block-paragraph\">Go\u015bcie spotkania b\u0119d\u0105 mogli przystawi\u0107&nbsp;<strong>pami\u0105tkow\u0105 piecz\u0119\u0107 \u201eNarodowego Czytania\u201d&nbsp;<\/strong>na przyniesionych przez siebie egzemplarzach powie\u015bci Elizy Orzeszkowej oraz otrzyma\u0107&nbsp;<strong>pami\u0105tkow\u0105 zak\u0142adk\u0119<\/strong>.<\/p>\n\n\n\n<p class=\"wp-block-paragraph\">Czytelnicy odwiedzaj\u0105cy w tym dniu Wojew\u00f3dzk\u0105 Bibliotek\u0119 Publiczn\u0105 im. Hieronima \u0141opaci\u0144skiego w Lublinie b\u0119d\u0105 mogli otrzyma\u0107 ksi\u0105\u017ck\u0119-upominek od Dyskusyjnych Klub\u00f3w Ksi\u0105\u017cki, opatrzon\u0105 okoliczno\u015bciowym stemplem w ramach akcji<strong>  <em>Pozytywnie zaczytani<\/em><\/strong>. <\/p>\n\n\n\n<p class=\"wp-block-paragraph\">W bibliotecznej Ksi\u0119garni \u201eU Hieronima\u201d mo\u017cna b\u0119dzie naby\u0107 okoliczno\u015bciowe wydania&nbsp;<strong><em>Nad Niemnem<\/em><\/strong><em> <\/em>Eliz<strong>y Orzeszkowej<\/strong>.<\/p>\n\n\n\n<hr class=\"wp-block-separator has-alpha-channel-opacity\"\/>\n\n\n\n<p class=\"wp-block-paragraph\"><strong>\u201eNarodowe Czytanie\u201d to zainicjowana w 2012 roku przez Prezydenta Rzeczypospolitej Polskiej og\u00f3lnopolska akcja publicznego czytania najwi\u0119kszych polskich dzie\u0142 literackich.<\/strong>&nbsp;Czytanie zosta\u0142o nazwane \u201enarodowym\u201d, aby podkre\u015bli\u0107 jego powszechny i egalitarny charakter. Podstawowym celem przedsi\u0119wzi\u0119cia jest popularyzacja czytelnictwa, zwr\u00f3cenie uwagi na potrzeb\u0119 dba\u0142o\u015bci o polszczyzn\u0119 oraz wzmocnienie poczucia wsp\u00f3lnej to\u017csamo\u015bci.<\/p>\n\n\n\n<p class=\"wp-block-paragraph\"><a href=\"https:\/\/www.prezydent.pl\/aktualnosci\/inicjatywy\/narodowe-czytanie\/2023-nad-niemnem\">PREZYDENT.PL<\/a><\/p>\n\n\n\n<figure class=\"wp-block-image size-large\"><img data-dominant-color=\"dacece\" data-has-transparency=\"false\" style=\"--dominant-color: #dacece;\" loading=\"lazy\" decoding=\"async\" width=\"1920\" height=\"239\" sizes=\"auto, (max-width: 1920px) 100vw, 1920px\" src=\"https:\/\/wbp.lublin.pl\/wp-content\/uploads\/2023\/09\/Loga-na-Narodwe2-1920x239.webp\" alt=\"\" class=\"wp-image-46811 not-transparent\" srcset=\"https:\/\/wbp.lublin.pl\/wp-content\/uploads\/2023\/09\/Loga-na-Narodwe2-1920x239.webp 1920w, https:\/\/wbp.lublin.pl\/wp-content\/uploads\/2023\/09\/Loga-na-Narodwe2-600x75.webp 600w, https:\/\/wbp.lublin.pl\/wp-content\/uploads\/2023\/09\/Loga-na-Narodwe2-400x50.webp 400w, https:\/\/wbp.lublin.pl\/wp-content\/uploads\/2023\/09\/Loga-na-Narodwe2-768x96.webp 768w, https:\/\/wbp.lublin.pl\/wp-content\/uploads\/2023\/09\/Loga-na-Narodwe2-1536x191.webp 1536w, https:\/\/wbp.lublin.pl\/wp-content\/uploads\/2023\/09\/Loga-na-Narodwe2-2048x255.webp 2048w, https:\/\/wbp.lublin.pl\/wp-content\/uploads\/2023\/09\/Loga-na-Narodwe2-947x118.webp 947w, https:\/\/wbp.lublin.pl\/wp-content\/uploads\/2023\/09\/Loga-na-Narodwe2-624x78.webp 624w\" \/><\/figure>\n","protected":false},"excerpt":{"rendered":"<p>9 wrze\u015bnia (sobota) 2023 r., godz. 11.00<\/p>\n","protected":false},"author":21,"featured_media":46761,"comment_status":"closed","ping_status":"closed","sticky":false,"template":"","format":"standard","meta":{"_tec_requires_first_save":true,"_crdt_document":"","pgc_sgb_lightbox_settings":"","_EventAllDay":false,"_EventTimezone":"","_EventStartDate":"","_EventEndDate":"","_EventStartDateUTC":"","_EventEndDateUTC":"","_EventShowMap":false,"_EventShowMapLink":false,"_EventURL":"","_EventCost":"","_EventCostDescription":"","_EventCurrencySymbol":"","_EventCurrencyCode":"","_EventCurrencyPosition":"","_EventDateTimeSeparator":"","_EventTimeRangeSeparator":"","_EventOrganizerID":[],"_EventVenueID":[],"_OrganizerEmail":"","_OrganizerPhone":"","_OrganizerWebsite":"","_VenueAddress":"","_VenueCity":"","_VenueCountry":"","_VenueProvince":"","_VenueState":"","_VenueZip":"","_VenuePhone":"","_VenueURL":"","_VenueStateProvince":"","_VenueLat":"","_VenueLng":"","_VenueShowMap":false,"_VenueShowMapLink":false,"_tribe_blocks_recurrence_rules":"","_tribe_blocks_recurrence_description":"","_tribe_blocks_recurrence_exclusions":"","footnotes":""},"categories":[679,537],"tags":[],"class_list":["post-46760","post","type-post","status-publish","format-standard","has-post-thumbnail","hentry","category-rok-2023","category-archiwum-wydarzen"],"publishpress_future_action":{"enabled":false,"date":"2026-05-07 20:59:29","action":"change-status","newStatus":"draft","terms":[],"taxonomy":"category","extraData":[]},"publishpress_future_workflow_manual_trigger":{"enabledWorkflows":[]},"_links":{"self":[{"href":"https:\/\/wbp.lublin.pl\/index.php\/wp-json\/wp\/v2\/posts\/46760","targetHints":{"allow":["GET"]}}],"collection":[{"href":"https:\/\/wbp.lublin.pl\/index.php\/wp-json\/wp\/v2\/posts"}],"about":[{"href":"https:\/\/wbp.lublin.pl\/index.php\/wp-json\/wp\/v2\/types\/post"}],"author":[{"embeddable":true,"href":"https:\/\/wbp.lublin.pl\/index.php\/wp-json\/wp\/v2\/users\/21"}],"replies":[{"embeddable":true,"href":"https:\/\/wbp.lublin.pl\/index.php\/wp-json\/wp\/v2\/comments?post=46760"}],"version-history":[{"count":14,"href":"https:\/\/wbp.lublin.pl\/index.php\/wp-json\/wp\/v2\/posts\/46760\/revisions"}],"predecessor-version":[{"id":46909,"href":"https:\/\/wbp.lublin.pl\/index.php\/wp-json\/wp\/v2\/posts\/46760\/revisions\/46909"}],"wp:featuredmedia":[{"embeddable":true,"href":"https:\/\/wbp.lublin.pl\/index.php\/wp-json\/wp\/v2\/media\/46761"}],"wp:attachment":[{"href":"https:\/\/wbp.lublin.pl\/index.php\/wp-json\/wp\/v2\/media?parent=46760"}],"wp:term":[{"taxonomy":"category","embeddable":true,"href":"https:\/\/wbp.lublin.pl\/index.php\/wp-json\/wp\/v2\/categories?post=46760"},{"taxonomy":"post_tag","embeddable":true,"href":"https:\/\/wbp.lublin.pl\/index.php\/wp-json\/wp\/v2\/tags?post=46760"}],"curies":[{"name":"wp","href":"https:\/\/api.w.org\/{rel}","templated":true}]}}