{"id":46929,"date":"2023-09-12T10:21:00","date_gmt":"2023-09-12T08:21:00","guid":{"rendered":"https:\/\/wbp.lublin.pl\/?p=46929"},"modified":"2023-09-12T10:31:53","modified_gmt":"2023-09-12T08:31:53","slug":"wernisaz-wystawy-malarstwa-urszuli-pietras-w-obiektywie","status":"publish","type":"post","link":"https:\/\/wbp.lublin.pl\/index.php\/2023\/09\/12\/wernisaz-wystawy-malarstwa-urszuli-pietras-w-obiektywie\/","title":{"rendered":"Wernisa\u017c wystawy malarstwa Urszuli Pietras w obiektywie"},"content":{"rendered":"\n<!--more-->\n\n\n\n<p class=\"wp-block-paragraph\">5 wrze\u015bnia 2023 r. w Galerii Biblioteki odby\u0142 si\u0119 wernisa\u017c wystawy malarstwa Urszuli Pietrasz \u201eOgrody \u015bwiat\u0142a\u201d.<\/p>\n\n\n\n<figure class=\"wp-block-gallery has-nested-images columns-2 is-cropped wp-block-gallery-1 is-layout-flex wp-block-gallery-is-layout-flex\">\n<figure class=\"wp-block-image size-large is-style-default\"><a href=\"https:\/\/wbp.lublin.pl\/wp-content\/uploads\/2023\/09\/376498665_704458318376954_8461276928016263899_n-jpg.webp\"><img data-dominant-color=\"a69d92\" data-has-transparency=\"false\" style=\"--dominant-color: #a69d92;\" decoding=\"async\" data-id=\"46947\" src=\"https:\/\/wbp.lublin.pl\/wp-content\/uploads\/2023\/09\/376498665_704458318376954_8461276928016263899_n-jpg.webp\" alt=\"\" class=\"wp-image-46947 not-transparent\"\/><\/a><figcaption class=\"wp-element-caption\">Go\u015bci wernisa\u017cu przywita\u0142 Tadeusz S\u0142awecki &#8211; Dyrektor Wojew\u00f3dzkiej Biblioteki Publicznej im. Hieronima \u0141oaci\u0144skiego w Lublilnie<\/figcaption><\/figure>\n\n\n\n<figure class=\"wp-block-image size-large\"><a href=\"https:\/\/wbp.lublin.pl\/wp-content\/uploads\/2023\/09\/376532200_704458511710268_4914156311086123874_n-jpg.webp\"><img data-dominant-color=\"b0988a\" data-has-transparency=\"false\" style=\"--dominant-color: #b0988a;\" decoding=\"async\" data-id=\"46951\" src=\"https:\/\/wbp.lublin.pl\/wp-content\/uploads\/2023\/09\/376532200_704458511710268_4914156311086123874_n-jpg.webp\" alt=\"\" class=\"wp-image-46951 not-transparent\"\/><\/a><figcaption class=\"wp-element-caption\">S\u0142owo o wystawie wyg\u0142osi\u0142a dr  Jolanta \u017buk-Orysiak<\/figcaption><\/figure>\n\n\n\n<figure class=\"wp-block-image size-large\"><a href=\"https:\/\/wbp.lublin.pl\/wp-content\/uploads\/2023\/09\/376731919_704458558376930_8554968051138853706_n-jpg.webp\"><img data-dominant-color=\"9c817e\" data-has-transparency=\"false\" style=\"--dominant-color: #9c817e;\" decoding=\"async\" data-id=\"46957\" src=\"https:\/\/wbp.lublin.pl\/wp-content\/uploads\/2023\/09\/376731919_704458558376930_8554968051138853706_n-jpg.webp\" alt=\"\" class=\"wp-image-46957 not-transparent\"\/><\/a><figcaption class=\"wp-element-caption\">S\u0142owo autorki o wystawie<\/figcaption><\/figure>\n\n\n\n<figure class=\"wp-block-image size-large\"><a href=\"https:\/\/wbp.lublin.pl\/wp-content\/uploads\/2023\/09\/376531872_704458441710275_5191552780551078177_n-jpg.webp\"><img data-dominant-color=\"91796c\" data-has-transparency=\"false\" style=\"--dominant-color: #91796c;\" decoding=\"async\" data-id=\"46950\" src=\"https:\/\/wbp.lublin.pl\/wp-content\/uploads\/2023\/09\/376531872_704458441710275_5191552780551078177_n-jpg.webp\" alt=\"\" class=\"wp-image-46950 not-transparent\"\/><\/a><figcaption class=\"wp-element-caption\">Autorka wystawy- Urszula Pietras<\/figcaption><\/figure>\n\n\n\n<figure class=\"wp-block-image size-large\"><a href=\"https:\/\/wbp.lublin.pl\/wp-content\/uploads\/2023\/09\/375665891_704458421710277_5069970661193473187_n-jpg.webp\"><img data-dominant-color=\"927c71\" data-has-transparency=\"false\" style=\"--dominant-color: #927c71;\" decoding=\"async\" data-id=\"46933\" src=\"https:\/\/wbp.lublin.pl\/wp-content\/uploads\/2023\/09\/375665891_704458421710277_5069970661193473187_n-jpg.webp\" alt=\"\" class=\"wp-image-46933 not-transparent\"\/><\/a><figcaption class=\"wp-element-caption\">dr Jolanta \u017buk-Orysiak, Urszula Pietras, Tadeusz S\u0142awecki<\/figcaption><\/figure>\n\n\n\n<figure class=\"wp-block-image size-large\"><a href=\"https:\/\/wbp.lublin.pl\/wp-content\/uploads\/2023\/09\/376663523_704458478376938_6362626356012708492_n-jpg.webp\"><img data-dominant-color=\"977f76\" data-has-transparency=\"false\" style=\"--dominant-color: #977f76;\" decoding=\"async\" data-id=\"46955\" src=\"https:\/\/wbp.lublin.pl\/wp-content\/uploads\/2023\/09\/376663523_704458478376938_6362626356012708492_n-jpg.webp\" alt=\"\" class=\"wp-image-46955 not-transparent\"\/><\/a><figcaption class=\"wp-element-caption\">dr Jolanta \u017buk-Orysiak, Urszula Pietras, Tadeusz S\u0142awecki<\/figcaption><\/figure>\n\n\n\n<figure class=\"wp-block-image size-large\"><a href=\"https:\/\/wbp.lublin.pl\/wp-content\/uploads\/2023\/09\/376579580_704458385043614_7263557480565381747_n-jpg.webp\"><img data-dominant-color=\"a29082\" data-has-transparency=\"false\" style=\"--dominant-color: #a29082;\" decoding=\"async\" data-id=\"46952\" src=\"https:\/\/wbp.lublin.pl\/wp-content\/uploads\/2023\/09\/376579580_704458385043614_7263557480565381747_n-jpg.webp\" alt=\"\" class=\"wp-image-46952 not-transparent\"\/><\/a><figcaption class=\"wp-element-caption\">dr Jolanta \u017buk-Orysiak, Urszula Pietras, Tadeusz S\u0142awecki<\/figcaption><\/figure>\n\n\n\n<figure class=\"wp-block-image size-large\"><a href=\"https:\/\/wbp.lublin.pl\/wp-content\/uploads\/2023\/09\/375827766_704458595043593_6818006529418512098_n-jpg.webp\"><img data-dominant-color=\"9f877d\" data-has-transparency=\"false\" style=\"--dominant-color: #9f877d;\" decoding=\"async\" data-id=\"46942\" src=\"https:\/\/wbp.lublin.pl\/wp-content\/uploads\/2023\/09\/375827766_704458595043593_6818006529418512098_n-jpg.webp\" alt=\"\" class=\"wp-image-46942 not-transparent\"\/><\/a><figcaption class=\"wp-element-caption\">dr Jolanta \u017buk-Orysiak, Urszula Pietras, Tadeusz S\u0142awecki<\/figcaption><\/figure>\n\n\n\n<figure class=\"wp-block-image size-large\"><a href=\"https:\/\/wbp.lublin.pl\/wp-content\/uploads\/2023\/09\/375794316_704458665043586_7060172867545195600_n-jpg.webp\"><img data-dominant-color=\"ab9b86\" data-has-transparency=\"false\" style=\"--dominant-color: #ab9b86;\" decoding=\"async\" data-id=\"46935\" src=\"https:\/\/wbp.lublin.pl\/wp-content\/uploads\/2023\/09\/375794316_704458665043586_7060172867545195600_n-jpg.webp\" alt=\"\" class=\"wp-image-46935 not-transparent\"\/><\/a><figcaption class=\"wp-element-caption\">Gratulacje dla autorki<\/figcaption><\/figure>\n\n\n\n<figure class=\"wp-block-image size-large\"><a href=\"https:\/\/wbp.lublin.pl\/wp-content\/uploads\/2023\/09\/376493736_704458205043632_4049200452297133945_n-jpg.webp\"><img data-dominant-color=\"86664d\" data-has-transparency=\"false\" style=\"--dominant-color: #86664d;\" decoding=\"async\" data-id=\"46946\" src=\"https:\/\/wbp.lublin.pl\/wp-content\/uploads\/2023\/09\/376493736_704458205043632_4049200452297133945_n-jpg.webp\" alt=\"\" class=\"wp-image-46946 not-transparent\"\/><\/a><\/figure>\n\n\n\n<figure class=\"wp-block-image size-large\"><a href=\"https:\/\/wbp.lublin.pl\/wp-content\/uploads\/2023\/09\/376474761_704458355043617_79051559317601343_n-jpg.webp\"><img data-dominant-color=\"7e7166\" data-has-transparency=\"false\" style=\"--dominant-color: #7e7166;\" decoding=\"async\" data-id=\"46943\" src=\"https:\/\/wbp.lublin.pl\/wp-content\/uploads\/2023\/09\/376474761_704458355043617_79051559317601343_n-jpg.webp\" alt=\"\" class=\"wp-image-46943 not-transparent\"\/><\/a><\/figure>\n\n\n\n<figure class=\"wp-block-image size-large\"><a href=\"https:\/\/wbp.lublin.pl\/wp-content\/uploads\/2023\/09\/376662974_704458258376960_5808972539751287340_n-jpg.webp\"><img data-dominant-color=\"8b7360\" data-has-transparency=\"false\" style=\"--dominant-color: #8b7360;\" decoding=\"async\" data-id=\"46954\" src=\"https:\/\/wbp.lublin.pl\/wp-content\/uploads\/2023\/09\/376662974_704458258376960_5808972539751287340_n-jpg.webp\" alt=\"\" class=\"wp-image-46954 not-transparent\"\/><\/a><\/figure>\n\n\n\n<figure class=\"wp-block-image size-large\"><a href=\"https:\/\/wbp.lublin.pl\/wp-content\/uploads\/2023\/09\/376490269_704458241710295_3262298043014908456_n-jpg.webp\"><img data-dominant-color=\"846b61\" data-has-transparency=\"false\" style=\"--dominant-color: #846b61;\" decoding=\"async\" data-id=\"46944\" src=\"https:\/\/wbp.lublin.pl\/wp-content\/uploads\/2023\/09\/376490269_704458241710295_3262298043014908456_n-jpg.webp\" alt=\"\" class=\"wp-image-46944 not-transparent\"\/><\/a><\/figure>\n\n\n\n<figure class=\"wp-block-image size-large\"><a href=\"https:\/\/wbp.lublin.pl\/wp-content\/uploads\/2023\/09\/375825055_704458281710291_187400840547853953_n-jpg.webp\"><img data-dominant-color=\"907968\" data-has-transparency=\"false\" style=\"--dominant-color: #907968;\" decoding=\"async\" data-id=\"46941\" src=\"https:\/\/wbp.lublin.pl\/wp-content\/uploads\/2023\/09\/375825055_704458281710291_187400840547853953_n-jpg.webp\" alt=\"\" class=\"wp-image-46941 not-transparent\"\/><\/a><\/figure>\n\n\n\n<figure class=\"wp-block-image size-large\"><a href=\"https:\/\/wbp.lublin.pl\/wp-content\/uploads\/2023\/09\/376711178_704458155043637_6361867165792876818_n-jpg.webp\"><img data-dominant-color=\"8a6d4f\" data-has-transparency=\"false\" style=\"--dominant-color: #8a6d4f;\" decoding=\"async\" data-id=\"46956\" src=\"https:\/\/wbp.lublin.pl\/wp-content\/uploads\/2023\/09\/376711178_704458155043637_6361867165792876818_n-jpg.webp\" alt=\"\" class=\"wp-image-46956 not-transparent\"\/><\/a><\/figure>\n\n\n\n<figure class=\"wp-block-image size-large\"><a href=\"https:\/\/wbp.lublin.pl\/wp-content\/uploads\/2023\/09\/375452212_704458108376975_3857310550818694311_n-jpg.webp\"><img data-dominant-color=\"a19788\" data-has-transparency=\"false\" style=\"--dominant-color: #a19788;\" decoding=\"async\" data-id=\"46931\" src=\"https:\/\/wbp.lublin.pl\/wp-content\/uploads\/2023\/09\/375452212_704458108376975_3857310550818694311_n-jpg.webp\" alt=\"\" class=\"wp-image-46931 not-transparent\"\/><\/a><figcaption class=\"wp-element-caption\">Go\u015bcie wernisa\u017cu<\/figcaption><\/figure>\n\n\n\n<figure class=\"wp-block-image size-large\"><a href=\"https:\/\/wbp.lublin.pl\/wp-content\/uploads\/2023\/09\/375600549_704458788376907_6650114129696825672_n-jpg.webp\"><img data-dominant-color=\"90836c\" data-has-transparency=\"false\" style=\"--dominant-color: #90836c;\" decoding=\"async\" data-id=\"46932\" src=\"https:\/\/wbp.lublin.pl\/wp-content\/uploads\/2023\/09\/375600549_704458788376907_6650114129696825672_n-jpg.webp\" alt=\"\" class=\"wp-image-46932 not-transparent\"\/><\/a><\/figure>\n\n\n\n<figure class=\"wp-block-image size-large\"><a href=\"https:\/\/wbp.lublin.pl\/wp-content\/uploads\/2023\/09\/375729528_704458851710234_2880256714547270125_n-jpg.webp\"><img data-dominant-color=\"807055\" data-has-transparency=\"false\" style=\"--dominant-color: #807055;\" decoding=\"async\" data-id=\"46934\" src=\"https:\/\/wbp.lublin.pl\/wp-content\/uploads\/2023\/09\/375729528_704458851710234_2880256714547270125_n-jpg.webp\" alt=\"\" class=\"wp-image-46934 not-transparent\"\/><\/a><\/figure>\n\n\n\n<figure class=\"wp-block-image size-large\"><a href=\"https:\/\/wbp.lublin.pl\/wp-content\/uploads\/2023\/09\/375808275_704458841710235_9060574643491967358_n-jpg.webp\"><img data-dominant-color=\"a1998b\" data-has-transparency=\"false\" style=\"--dominant-color: #a1998b;\" decoding=\"async\" data-id=\"46937\" src=\"https:\/\/wbp.lublin.pl\/wp-content\/uploads\/2023\/09\/375808275_704458841710235_9060574643491967358_n-jpg.webp\" alt=\"\" class=\"wp-image-46937 not-transparent\"\/><\/a><\/figure>\n\n\n\n<figure class=\"wp-block-image size-large\"><a href=\"https:\/\/wbp.lublin.pl\/wp-content\/uploads\/2023\/09\/375823171_704458071710312_3674619867837697668_n-jpg.webp\"><img data-dominant-color=\"7d7465\" data-has-transparency=\"false\" style=\"--dominant-color: #7d7465;\" decoding=\"async\" data-id=\"46939\" src=\"https:\/\/wbp.lublin.pl\/wp-content\/uploads\/2023\/09\/375823171_704458071710312_3674619867837697668_n-jpg.webp\" alt=\"\" class=\"wp-image-46939 not-transparent\"\/><\/a><\/figure>\n\n\n\n<figure class=\"wp-block-image size-large\"><a href=\"https:\/\/wbp.lublin.pl\/wp-content\/uploads\/2023\/09\/375819926_704458698376916_9072560216741626570_n-jpg.webp\"><img data-dominant-color=\"9f998b\" data-has-transparency=\"false\" style=\"--dominant-color: #9f998b;\" decoding=\"async\" data-id=\"46938\" src=\"https:\/\/wbp.lublin.pl\/wp-content\/uploads\/2023\/09\/375819926_704458698376916_9072560216741626570_n-jpg.webp\" alt=\"\" class=\"wp-image-46938 not-transparent\"\/><\/a><\/figure>\n\n\n\n<figure class=\"wp-block-image size-large\"><a href=\"https:\/\/wbp.lublin.pl\/wp-content\/uploads\/2023\/09\/375598557_704458771710242_1525122914676702799_n-jpg.webp\"><img data-dominant-color=\"8f8679\" data-has-transparency=\"false\" style=\"--dominant-color: #8f8679;\" decoding=\"async\" data-id=\"46930\" src=\"https:\/\/wbp.lublin.pl\/wp-content\/uploads\/2023\/09\/375598557_704458771710242_1525122914676702799_n-jpg.webp\" alt=\"\" class=\"wp-image-46930 not-transparent\"\/><\/a><\/figure>\n\n\n\n<figure class=\"wp-block-image size-large\"><a href=\"https:\/\/wbp.lublin.pl\/wp-content\/uploads\/2023\/09\/375801844_704458718376914_8787968824107928695_n-jpg.webp\"><img data-dominant-color=\"948675\" data-has-transparency=\"false\" style=\"--dominant-color: #948675;\" decoding=\"async\" data-id=\"46936\" src=\"https:\/\/wbp.lublin.pl\/wp-content\/uploads\/2023\/09\/375801844_704458718376914_8787968824107928695_n-jpg.webp\" alt=\"\" class=\"wp-image-46936 not-transparent\"\/><\/a><\/figure>\n\n\n\n<figure class=\"wp-block-image size-large\"><a href=\"https:\/\/wbp.lublin.pl\/wp-content\/uploads\/2023\/09\/375823837_704458035043649_5889725681358396771_n-jpg.webp\"><img data-dominant-color=\"9f988d\" data-has-transparency=\"false\" style=\"--dominant-color: #9f988d;\" decoding=\"async\" data-id=\"46940\" src=\"https:\/\/wbp.lublin.pl\/wp-content\/uploads\/2023\/09\/375823837_704458035043649_5889725681358396771_n-jpg.webp\" alt=\"\" class=\"wp-image-46940 not-transparent\"\/><\/a><\/figure>\n\n\n\n<figure class=\"wp-block-image size-large\"><a href=\"https:\/\/wbp.lublin.pl\/wp-content\/uploads\/2023\/09\/376505611_704458058376980_4412795181311378259_n-jpg.webp\"><img data-dominant-color=\"837062\" data-has-transparency=\"false\" style=\"--dominant-color: #837062;\" decoding=\"async\" data-id=\"46948\" src=\"https:\/\/wbp.lublin.pl\/wp-content\/uploads\/2023\/09\/376505611_704458058376980_4412795181311378259_n-jpg.webp\" alt=\"\" class=\"wp-image-46948 not-transparent\"\/><\/a><\/figure>\n\n\n\n<figure class=\"wp-block-image size-large\"><a href=\"https:\/\/wbp.lublin.pl\/wp-content\/uploads\/2023\/09\/376487171_704458758376910_625953587237770346_n-jpg.webp\"><img data-dominant-color=\"979188\" data-has-transparency=\"false\" style=\"--dominant-color: #979188;\" decoding=\"async\" data-id=\"46945\" src=\"https:\/\/wbp.lublin.pl\/wp-content\/uploads\/2023\/09\/376487171_704458758376910_625953587237770346_n-jpg.webp\" alt=\"\" class=\"wp-image-46945 not-transparent\"\/><\/a><\/figure>\n\n\n\n<figure class=\"wp-block-image size-large\"><a href=\"https:\/\/wbp.lublin.pl\/wp-content\/uploads\/2023\/09\/376526177_704458141710305_4561105075172649198_n-jpg.webp\"><img data-dominant-color=\"8e8176\" data-has-transparency=\"false\" style=\"--dominant-color: #8e8176;\" decoding=\"async\" data-id=\"46949\" src=\"https:\/\/wbp.lublin.pl\/wp-content\/uploads\/2023\/09\/376526177_704458141710305_4561105075172649198_n-jpg.webp\" alt=\"\" class=\"wp-image-46949 not-transparent\"\/><\/a><\/figure>\n\n\n\n<figure class=\"wp-block-image size-large\"><a href=\"https:\/\/wbp.lublin.pl\/wp-content\/uploads\/2023\/09\/376580592_704458618376924_3618270020535358356_n-jpg.webp\"><img data-dominant-color=\"9a8c6f\" data-has-transparency=\"false\" style=\"--dominant-color: #9a8c6f;\" decoding=\"async\" data-id=\"46953\" src=\"https:\/\/wbp.lublin.pl\/wp-content\/uploads\/2023\/09\/376580592_704458618376924_3618270020535358356_n-jpg.webp\" alt=\"\" class=\"wp-image-46953 not-transparent\"\/><\/a><\/figure>\n<\/figure>\n\n\n\n<p class=\"wp-block-paragraph\"><\/p>\n","protected":false},"excerpt":{"rendered":"","protected":false},"author":21,"featured_media":46938,"comment_status":"closed","ping_status":"closed","sticky":false,"template":"","format":"standard","meta":{"_tec_requires_first_save":true,"_crdt_document":"","pgc_sgb_lightbox_settings":"","_EventAllDay":false,"_EventTimezone":"","_EventStartDate":"","_EventEndDate":"","_EventStartDateUTC":"","_EventEndDateUTC":"","_EventShowMap":false,"_EventShowMapLink":false,"_EventURL":"","_EventCost":"","_EventCostDescription":"","_EventCurrencySymbol":"","_EventCurrencyCode":"","_EventCurrencyPosition":"","_EventDateTimeSeparator":"","_EventTimeRangeSeparator":"","_EventOrganizerID":[],"_EventVenueID":[],"_OrganizerEmail":"","_OrganizerPhone":"","_OrganizerWebsite":"","_VenueAddress":"","_VenueCity":"","_VenueCountry":"","_VenueProvince":"","_VenueState":"","_VenueZip":"","_VenuePhone":"","_VenueURL":"","_VenueStateProvince":"","_VenueLat":"","_VenueLng":"","_VenueShowMap":false,"_VenueShowMapLink":false,"_tribe_blocks_recurrence_rules":"","_tribe_blocks_recurrence_description":"","_tribe_blocks_recurrence_exclusions":"","footnotes":""},"categories":[679,537,542,1,10],"tags":[],"class_list":["post-46929","post","type-post","status-publish","format-standard","has-post-thumbnail","hentry","category-rok-2023","category-archiwum-wydarzen","category-wystawy-w-obiektywie","category-bez-kategorii","category-aktualnosci"],"publishpress_future_action":{"enabled":false,"date":"2026-05-06 10:34:46","action":"change-status","newStatus":"draft","terms":[],"taxonomy":"category","extraData":[]},"publishpress_future_workflow_manual_trigger":{"enabledWorkflows":[]},"_links":{"self":[{"href":"https:\/\/wbp.lublin.pl\/index.php\/wp-json\/wp\/v2\/posts\/46929","targetHints":{"allow":["GET"]}}],"collection":[{"href":"https:\/\/wbp.lublin.pl\/index.php\/wp-json\/wp\/v2\/posts"}],"about":[{"href":"https:\/\/wbp.lublin.pl\/index.php\/wp-json\/wp\/v2\/types\/post"}],"author":[{"embeddable":true,"href":"https:\/\/wbp.lublin.pl\/index.php\/wp-json\/wp\/v2\/users\/21"}],"replies":[{"embeddable":true,"href":"https:\/\/wbp.lublin.pl\/index.php\/wp-json\/wp\/v2\/comments?post=46929"}],"version-history":[{"count":8,"href":"https:\/\/wbp.lublin.pl\/index.php\/wp-json\/wp\/v2\/posts\/46929\/revisions"}],"predecessor-version":[{"id":47086,"href":"https:\/\/wbp.lublin.pl\/index.php\/wp-json\/wp\/v2\/posts\/46929\/revisions\/47086"}],"wp:featuredmedia":[{"embeddable":true,"href":"https:\/\/wbp.lublin.pl\/index.php\/wp-json\/wp\/v2\/media\/46938"}],"wp:attachment":[{"href":"https:\/\/wbp.lublin.pl\/index.php\/wp-json\/wp\/v2\/media?parent=46929"}],"wp:term":[{"taxonomy":"category","embeddable":true,"href":"https:\/\/wbp.lublin.pl\/index.php\/wp-json\/wp\/v2\/categories?post=46929"},{"taxonomy":"post_tag","embeddable":true,"href":"https:\/\/wbp.lublin.pl\/index.php\/wp-json\/wp\/v2\/tags?post=46929"}],"curies":[{"name":"wp","href":"https:\/\/api.w.org\/{rel}","templated":true}]}}