{"id":46959,"date":"2023-09-11T16:56:30","date_gmt":"2023-09-11T14:56:30","guid":{"rendered":"https:\/\/wbp.lublin.pl\/?p=46959"},"modified":"2023-09-29T21:47:40","modified_gmt":"2023-09-29T19:47:40","slug":"narodowe-czytanie-nad-niemnem-w-obiektywie","status":"publish","type":"post","link":"https:\/\/wbp.lublin.pl\/index.php\/2023\/09\/11\/narodowe-czytanie-nad-niemnem-w-obiektywie\/","title":{"rendered":"Narodowe czytanie &#8222;Nad Niemnem&#8221; w obiektywie"},"content":{"rendered":"\n<!--more-->\n\n\n\n<p class=\"wp-block-paragraph\">9 wrze\u015bnie 2023 r. na dziedzi\u0144cu Wojew\u00f3dzkiej Biblioteki Publicznej im. H. \u0141opaci\u0144skiego oby\u0142o si\u0119 Narodowe czytanie &#8222;Nad Niemnem&#8221; Elizy Orzeszkowej. <\/p>\n\n\n\n<figure class=\"wp-block-gallery has-nested-images columns-default is-cropped wp-block-gallery-1 is-layout-flex wp-block-gallery-is-layout-flex\">\n<figure class=\"wp-block-image size-large\"><a href=\"https:\/\/wbp.lublin.pl\/wp-content\/uploads\/2023\/09\/IMG_2787-jpg.webp\"><img data-dominant-color=\"676056\" data-has-transparency=\"false\" style=\"--dominant-color: #676056;\" decoding=\"async\" data-id=\"46962\" src=\"https:\/\/wbp.lublin.pl\/wp-content\/uploads\/2023\/09\/IMG_2787-jpg.webp\" alt=\"\" class=\"wp-image-46962 not-transparent\"\/><\/a><figcaption class=\"wp-element-caption\">Pami\u0105tkowa piecz\u0119\u0107 i upominki od Dyskusyjnego Klubu Ksi\u0105\u017cki <\/figcaption><\/figure>\n\n\n\n<figure class=\"wp-block-image size-large\"><a href=\"https:\/\/wbp.lublin.pl\/wp-content\/uploads\/2023\/09\/IMG_2792-jpg.webp\"><img data-dominant-color=\"5f5a56\" data-has-transparency=\"false\" style=\"--dominant-color: #5f5a56;\" decoding=\"async\" data-id=\"46960\" src=\"https:\/\/wbp.lublin.pl\/wp-content\/uploads\/2023\/09\/IMG_2792-jpg.webp\" alt=\"\" class=\"wp-image-46960 not-transparent\"\/><\/a><\/figure>\n\n\n\n<figure class=\"wp-block-image size-large\"><a href=\"https:\/\/wbp.lublin.pl\/wp-content\/uploads\/2023\/09\/IMG_2807-jpg.webp\"><img data-dominant-color=\"564c44\" data-has-transparency=\"false\" style=\"--dominant-color: #564c44;\" decoding=\"async\" data-id=\"46963\" src=\"https:\/\/wbp.lublin.pl\/wp-content\/uploads\/2023\/09\/IMG_2807-jpg.webp\" alt=\"\" class=\"wp-image-46963 not-transparent\"\/><\/a><\/figure>\n\n\n\n<figure class=\"wp-block-image size-large\"><a href=\"https:\/\/wbp.lublin.pl\/wp-content\/uploads\/2023\/09\/IMG_2808-jpg.webp\"><img data-dominant-color=\"5e544b\" data-has-transparency=\"false\" style=\"--dominant-color: #5e544b;\" decoding=\"async\" data-id=\"46961\" src=\"https:\/\/wbp.lublin.pl\/wp-content\/uploads\/2023\/09\/IMG_2808-jpg.webp\" alt=\"\" class=\"wp-image-46961 not-transparent\"\/><\/a><\/figure>\n\n\n\n<figure class=\"wp-block-image size-large\"><a href=\"https:\/\/wbp.lublin.pl\/wp-content\/uploads\/2023\/09\/IMG_2811-jpg.webp\"><img data-dominant-color=\"5e5f57\" data-has-transparency=\"false\" style=\"--dominant-color: #5e5f57;\" decoding=\"async\" data-id=\"46964\" src=\"https:\/\/wbp.lublin.pl\/wp-content\/uploads\/2023\/09\/IMG_2811-jpg.webp\" alt=\"\" class=\"wp-image-46964 not-transparent\"\/><\/a><figcaption class=\"wp-element-caption\">Go\u015bci powita\u0142 dr Grzegorz Figiel &#8211; Zast\u0119pca Dyrektora WBP ds. Merytorycznych <\/figcaption><\/figure>\n\n\n\n<figure class=\"wp-block-image size-large\"><a href=\"https:\/\/wbp.lublin.pl\/wp-content\/uploads\/2023\/09\/IMG_2824-jpg.webp\"><img data-dominant-color=\"525352\" data-has-transparency=\"false\" style=\"--dominant-color: #525352;\" decoding=\"async\" data-id=\"46965\" src=\"https:\/\/wbp.lublin.pl\/wp-content\/uploads\/2023\/09\/IMG_2824-jpg.webp\" alt=\"\" class=\"wp-image-46965 not-transparent\"\/><\/a><\/figure>\n\n\n\n<figure class=\"wp-block-image size-large\"><a href=\"https:\/\/wbp.lublin.pl\/wp-content\/uploads\/2023\/09\/IMG_2825-jpg.webp\"><img data-dominant-color=\"55524e\" data-has-transparency=\"false\" style=\"--dominant-color: #55524e;\" decoding=\"async\" data-id=\"46966\" src=\"https:\/\/wbp.lublin.pl\/wp-content\/uploads\/2023\/09\/IMG_2825-jpg.webp\" alt=\"\" class=\"wp-image-46966 not-transparent\"\/><\/a><\/figure>\n\n\n\n<figure class=\"wp-block-image size-large\"><a href=\"https:\/\/wbp.lublin.pl\/wp-content\/uploads\/2023\/09\/IMG_2833-jpg.webp\"><img data-dominant-color=\"56524f\" data-has-transparency=\"false\" style=\"--dominant-color: #56524f;\" decoding=\"async\" data-id=\"46967\" src=\"https:\/\/wbp.lublin.pl\/wp-content\/uploads\/2023\/09\/IMG_2833-jpg.webp\" alt=\"\" class=\"wp-image-46967 not-transparent\"\/><\/a><\/figure>\n\n\n\n<figure class=\"wp-block-image size-large\"><a href=\"https:\/\/wbp.lublin.pl\/wp-content\/uploads\/2023\/09\/IMG_2835-jpg.webp\"><img data-dominant-color=\"6f493e\" data-has-transparency=\"false\" style=\"--dominant-color: #6f493e;\" decoding=\"async\" data-id=\"46969\" src=\"https:\/\/wbp.lublin.pl\/wp-content\/uploads\/2023\/09\/IMG_2835-jpg.webp\" alt=\"\" class=\"wp-image-46969 not-transparent\"\/><\/a><\/figure>\n\n\n\n<figure class=\"wp-block-image size-large\"><a href=\"https:\/\/wbp.lublin.pl\/wp-content\/uploads\/2023\/09\/IMG_2845-jpg.webp\"><img data-dominant-color=\"594e44\" data-has-transparency=\"false\" style=\"--dominant-color: #594e44;\" decoding=\"async\" data-id=\"46968\" src=\"https:\/\/wbp.lublin.pl\/wp-content\/uploads\/2023\/09\/IMG_2845-jpg.webp\" alt=\"\" class=\"wp-image-46968 not-transparent\"\/><\/a><figcaption class=\"wp-element-caption\">Agnieszka Ba\u0142aban<\/figcaption><\/figure>\n\n\n\n<figure class=\"wp-block-image size-large\"><a href=\"https:\/\/wbp.lublin.pl\/wp-content\/uploads\/2023\/09\/IMG_2849-jpg.webp\"><img data-dominant-color=\"464343\" data-has-transparency=\"false\" style=\"--dominant-color: #464343;\" decoding=\"async\" data-id=\"46970\" src=\"https:\/\/wbp.lublin.pl\/wp-content\/uploads\/2023\/09\/IMG_2849-jpg.webp\" alt=\"\" class=\"wp-image-46970 not-transparent\"\/><\/a><\/figure>\n\n\n\n<figure class=\"wp-block-image size-large\"><a href=\"https:\/\/wbp.lublin.pl\/wp-content\/uploads\/2023\/09\/IMG_2856-jpg.webp\"><img data-dominant-color=\"4c4a47\" data-has-transparency=\"false\" style=\"--dominant-color: #4c4a47;\" decoding=\"async\" data-id=\"46972\" src=\"https:\/\/wbp.lublin.pl\/wp-content\/uploads\/2023\/09\/IMG_2856-jpg.webp\" alt=\"\" class=\"wp-image-46972 not-transparent\"\/><\/a><figcaption class=\"wp-element-caption\">Bart\u0142omiej Ba\u0142aban \u2013 Cz\u0142onek Zarz\u0105du Wojew\u00f3dztwa Lubelskiego<\/figcaption><\/figure>\n\n\n\n<figure class=\"wp-block-image size-large\"><a href=\"https:\/\/wbp.lublin.pl\/wp-content\/uploads\/2023\/09\/IMG_2864-jpg.webp\"><img data-dominant-color=\"65615f\" data-has-transparency=\"false\" style=\"--dominant-color: #65615f;\" decoding=\"async\" data-id=\"46975\" src=\"https:\/\/wbp.lublin.pl\/wp-content\/uploads\/2023\/09\/IMG_2864-jpg.webp\" alt=\"\" class=\"wp-image-46975 not-transparent\"\/><\/a><\/figure>\n\n\n\n<figure class=\"wp-block-image size-large\"><a href=\"https:\/\/wbp.lublin.pl\/wp-content\/uploads\/2023\/09\/IMG_2870-jpg.webp\"><img data-dominant-color=\"474742\" data-has-transparency=\"false\" style=\"--dominant-color: #474742;\" decoding=\"async\" data-id=\"46977\" src=\"https:\/\/wbp.lublin.pl\/wp-content\/uploads\/2023\/09\/IMG_2870-jpg.webp\" alt=\"\" class=\"wp-image-46977 not-transparent\"\/><\/a><\/figure>\n\n\n\n<figure class=\"wp-block-image size-large\"><a href=\"https:\/\/wbp.lublin.pl\/wp-content\/uploads\/2023\/09\/IMG_2876-jpg.webp\"><img data-dominant-color=\"595351\" data-has-transparency=\"false\" style=\"--dominant-color: #595351;\" decoding=\"async\" data-id=\"46979\" src=\"https:\/\/wbp.lublin.pl\/wp-content\/uploads\/2023\/09\/IMG_2876-jpg.webp\" alt=\"\" class=\"wp-image-46979 not-transparent\"\/><\/a><figcaption class=\"wp-element-caption\">Zbigniew Wojciechowski \u2013 Wicemarsza\u0142ek Wojew\u00f3dztwa Lubelskiego<\/figcaption><\/figure>\n\n\n\n<figure class=\"wp-block-image size-large\"><a href=\"https:\/\/wbp.lublin.pl\/wp-content\/uploads\/2023\/09\/IMG_2880-jpg.webp\"><img data-dominant-color=\"6c5f5f\" data-has-transparency=\"false\" style=\"--dominant-color: #6c5f5f;\" decoding=\"async\" data-id=\"46980\" src=\"https:\/\/wbp.lublin.pl\/wp-content\/uploads\/2023\/09\/IMG_2880-jpg.webp\" alt=\"\" class=\"wp-image-46980 not-transparent\"\/><\/a><\/figure>\n\n\n\n<figure class=\"wp-block-image size-large\"><a href=\"https:\/\/wbp.lublin.pl\/wp-content\/uploads\/2023\/09\/IMG_2884-jpg.webp\"><img data-dominant-color=\"4a4941\" data-has-transparency=\"false\" style=\"--dominant-color: #4a4941;\" decoding=\"async\" data-id=\"46981\" src=\"https:\/\/wbp.lublin.pl\/wp-content\/uploads\/2023\/09\/IMG_2884-jpg.webp\" alt=\"\" class=\"wp-image-46981 not-transparent\"\/><\/a><figcaption class=\"wp-element-caption\">Prof. Iwona Hofman \u2013 Dyrektor Instytutu Nauk o Komunikacji Spo\u0142ecznej i Mediach Uniwersytetu Marii-Curie Sk\u0142odowskiej w Lublinie, Kierownik Pracowni Bada\u0144 nad Instytutem Literackim w Pary\u017cu UMCS, Przewodnicz\u0105ca Rady Towarzystw Naukowych przy Prezydium PAN<\/figcaption><\/figure>\n\n\n\n<figure class=\"wp-block-image size-large\"><a href=\"https:\/\/wbp.lublin.pl\/wp-content\/uploads\/2023\/09\/IMG_2894-jpg.webp\"><img data-dominant-color=\"5e5753\" data-has-transparency=\"false\" style=\"--dominant-color: #5e5753;\" decoding=\"async\" data-id=\"46982\" src=\"https:\/\/wbp.lublin.pl\/wp-content\/uploads\/2023\/09\/IMG_2894-jpg.webp\" alt=\"\" class=\"wp-image-46982 not-transparent\"\/><\/a><\/figure>\n\n\n\n<figure class=\"wp-block-image size-large\"><a href=\"https:\/\/wbp.lublin.pl\/wp-content\/uploads\/2023\/09\/IMG_2899-jpg.webp\"><img data-dominant-color=\"3d3a35\" data-has-transparency=\"false\" style=\"--dominant-color: #3d3a35;\" decoding=\"async\" data-id=\"46984\" src=\"https:\/\/wbp.lublin.pl\/wp-content\/uploads\/2023\/09\/IMG_2899-jpg.webp\" alt=\"\" class=\"wp-image-46984 not-transparent\"\/><\/a><figcaption class=\"wp-element-caption\">Urszula Gierszon \u2013 poetka, prozaik, krytyk literacki<\/figcaption><\/figure>\n\n\n\n<figure class=\"wp-block-image size-large\"><a href=\"https:\/\/wbp.lublin.pl\/wp-content\/uploads\/2023\/09\/IMG_2906-jpg.webp\"><img data-dominant-color=\"706962\" data-has-transparency=\"false\" style=\"--dominant-color: #706962;\" decoding=\"async\" data-id=\"46985\" src=\"https:\/\/wbp.lublin.pl\/wp-content\/uploads\/2023\/09\/IMG_2906-jpg.webp\" alt=\"\" class=\"wp-image-46985 not-transparent\"\/><\/a><\/figure>\n\n\n\n<figure class=\"wp-block-image size-large\"><a href=\"https:\/\/wbp.lublin.pl\/wp-content\/uploads\/2023\/09\/IMG_2910-jpg.webp\"><img data-dominant-color=\"615650\" data-has-transparency=\"false\" style=\"--dominant-color: #615650;\" decoding=\"async\" data-id=\"46986\" src=\"https:\/\/wbp.lublin.pl\/wp-content\/uploads\/2023\/09\/IMG_2910-jpg.webp\" alt=\"\" class=\"wp-image-46986 not-transparent\"\/><\/a><figcaption class=\"wp-element-caption\">Wojciech Rusin \u2013 aktor Teatru Juliusza Osterwy w Lublinie<\/figcaption><\/figure>\n\n\n\n<figure class=\"wp-block-image size-large\"><a href=\"https:\/\/wbp.lublin.pl\/wp-content\/uploads\/2023\/09\/IMG_2917-jpg.webp\"><img data-dominant-color=\"635c59\" data-has-transparency=\"false\" style=\"--dominant-color: #635c59;\" decoding=\"async\" data-id=\"46989\" src=\"https:\/\/wbp.lublin.pl\/wp-content\/uploads\/2023\/09\/IMG_2917-jpg.webp\" alt=\"\" class=\"wp-image-46989 not-transparent\"\/><\/a><\/figure>\n\n\n\n<figure class=\"wp-block-image size-large\"><a href=\"https:\/\/wbp.lublin.pl\/wp-content\/uploads\/2023\/09\/IMG_2923-jpg.webp\"><img data-dominant-color=\"585752\" data-has-transparency=\"false\" style=\"--dominant-color: #585752;\" decoding=\"async\" data-id=\"46991\" src=\"https:\/\/wbp.lublin.pl\/wp-content\/uploads\/2023\/09\/IMG_2923-jpg.webp\" alt=\"\" class=\"wp-image-46991 not-transparent\"\/><\/a><figcaption class=\"wp-element-caption\">Daniel Salman \u2013 aktor Teatru Juliusza Osterwy w Lublinie<\/figcaption><\/figure>\n\n\n\n<figure class=\"wp-block-image size-large\"><a href=\"https:\/\/wbp.lublin.pl\/wp-content\/uploads\/2023\/09\/IMG_2931-jpg.webp\"><img data-dominant-color=\"5e5a58\" data-has-transparency=\"false\" style=\"--dominant-color: #5e5a58;\" decoding=\"async\" data-id=\"46992\" src=\"https:\/\/wbp.lublin.pl\/wp-content\/uploads\/2023\/09\/IMG_2931-jpg.webp\" alt=\"\" class=\"wp-image-46992 not-transparent\"\/><\/a><\/figure>\n\n\n\n<figure class=\"wp-block-image size-large\"><a href=\"https:\/\/wbp.lublin.pl\/wp-content\/uploads\/2023\/09\/IMG_2935-jpg.webp\"><img data-dominant-color=\"413d3a\" data-has-transparency=\"false\" style=\"--dominant-color: #413d3a;\" decoding=\"async\" data-id=\"46993\" src=\"https:\/\/wbp.lublin.pl\/wp-content\/uploads\/2023\/09\/IMG_2935-jpg.webp\" alt=\"\" class=\"wp-image-46993 not-transparent\"\/><\/a><figcaption class=\"wp-element-caption\">Tadeusz S\u0142awecki \u2013 Dyrektor Wojew\u00f3dzkiej Biblioteki Publicznej im. Hieronima \u0141opaci\u0144skiego w Lublinie<\/figcaption><\/figure>\n\n\n\n<figure class=\"wp-block-image size-large\"><a href=\"https:\/\/wbp.lublin.pl\/wp-content\/uploads\/2023\/09\/IMG_2944-jpg.webp\"><img data-dominant-color=\"67645f\" data-has-transparency=\"false\" style=\"--dominant-color: #67645f;\" decoding=\"async\" data-id=\"46996\" src=\"https:\/\/wbp.lublin.pl\/wp-content\/uploads\/2023\/09\/IMG_2944-jpg.webp\" alt=\"\" class=\"wp-image-46996 not-transparent\"\/><\/a><\/figure>\n\n\n\n<figure class=\"wp-block-image size-large\"><a href=\"https:\/\/wbp.lublin.pl\/wp-content\/uploads\/2023\/09\/IMG_2951-jpg.webp\"><img data-dominant-color=\"3d3c38\" data-has-transparency=\"false\" style=\"--dominant-color: #3d3c38;\" decoding=\"async\" data-id=\"46998\" src=\"https:\/\/wbp.lublin.pl\/wp-content\/uploads\/2023\/09\/IMG_2951-jpg.webp\" alt=\"\" class=\"wp-image-46998 not-transparent\"\/><\/a><figcaption class=\"wp-element-caption\">&#8222;Nad Niemnem&#8221; &#8211; spektakl w wykonaniu Trupy z szafy bibliotecznej <\/figcaption><\/figure>\n\n\n\n<figure class=\"wp-block-image size-large\"><a href=\"https:\/\/wbp.lublin.pl\/wp-content\/uploads\/2023\/09\/IMG_2958-jpg.webp\"><img data-dominant-color=\"64615d\" data-has-transparency=\"false\" style=\"--dominant-color: #64615d;\" decoding=\"async\" data-id=\"46999\" src=\"https:\/\/wbp.lublin.pl\/wp-content\/uploads\/2023\/09\/IMG_2958-jpg.webp\" alt=\"\" class=\"wp-image-46999 not-transparent\"\/><\/a><\/figure>\n\n\n\n<figure class=\"wp-block-image size-large\"><a href=\"https:\/\/wbp.lublin.pl\/wp-content\/uploads\/2023\/09\/IMG_2959-jpg.webp\"><img data-dominant-color=\"4d4747\" data-has-transparency=\"false\" style=\"--dominant-color: #4d4747;\" decoding=\"async\" data-id=\"47000\" src=\"https:\/\/wbp.lublin.pl\/wp-content\/uploads\/2023\/09\/IMG_2959-jpg.webp\" alt=\"\" class=\"wp-image-47000 not-transparent\"\/><\/a><\/figure>\n\n\n\n<figure class=\"wp-block-image size-large\"><a href=\"https:\/\/wbp.lublin.pl\/wp-content\/uploads\/2023\/09\/IMG_2960-jpg.webp\"><img data-dominant-color=\"5c5750\" data-has-transparency=\"false\" style=\"--dominant-color: #5c5750;\" decoding=\"async\" data-id=\"47001\" src=\"https:\/\/wbp.lublin.pl\/wp-content\/uploads\/2023\/09\/IMG_2960-jpg.webp\" alt=\"\" class=\"wp-image-47001 not-transparent\"\/><\/a><\/figure>\n\n\n\n<figure class=\"wp-block-image size-large\"><a href=\"https:\/\/wbp.lublin.pl\/wp-content\/uploads\/2023\/09\/IMG_2962-jpg.webp\"><img data-dominant-color=\"4b3836\" data-has-transparency=\"false\" style=\"--dominant-color: #4b3836;\" decoding=\"async\" data-id=\"47003\" src=\"https:\/\/wbp.lublin.pl\/wp-content\/uploads\/2023\/09\/IMG_2962-jpg.webp\" alt=\"\" class=\"wp-image-47003 not-transparent\"\/><\/a><\/figure>\n\n\n\n<figure class=\"wp-block-image size-large\"><a href=\"https:\/\/wbp.lublin.pl\/wp-content\/uploads\/2023\/09\/IMG_2964-jpg.webp\"><img data-dominant-color=\"544e4c\" data-has-transparency=\"false\" style=\"--dominant-color: #544e4c;\" decoding=\"async\" data-id=\"47004\" src=\"https:\/\/wbp.lublin.pl\/wp-content\/uploads\/2023\/09\/IMG_2964-jpg.webp\" alt=\"\" class=\"wp-image-47004 not-transparent\"\/><\/a><\/figure>\n\n\n\n<figure class=\"wp-block-image size-large\"><a href=\"https:\/\/wbp.lublin.pl\/wp-content\/uploads\/2023\/09\/IMG_2967-jpg.webp\"><img data-dominant-color=\"514745\" data-has-transparency=\"false\" style=\"--dominant-color: #514745;\" decoding=\"async\" data-id=\"47005\" src=\"https:\/\/wbp.lublin.pl\/wp-content\/uploads\/2023\/09\/IMG_2967-jpg.webp\" alt=\"\" class=\"wp-image-47005 not-transparent\"\/><\/a><\/figure>\n\n\n\n<figure class=\"wp-block-image size-large\"><a href=\"https:\/\/wbp.lublin.pl\/wp-content\/uploads\/2023\/09\/IMG_2969-jpg.webp\"><img data-dominant-color=\"59534f\" data-has-transparency=\"false\" style=\"--dominant-color: #59534f;\" decoding=\"async\" data-id=\"47006\" src=\"https:\/\/wbp.lublin.pl\/wp-content\/uploads\/2023\/09\/IMG_2969-jpg.webp\" alt=\"\" class=\"wp-image-47006 not-transparent\"\/><\/a><\/figure>\n\n\n\n<figure class=\"wp-block-image size-large\"><a href=\"https:\/\/wbp.lublin.pl\/wp-content\/uploads\/2023\/09\/IMG_2972-jpg.webp\"><img data-dominant-color=\"4c4f4f\" data-has-transparency=\"false\" style=\"--dominant-color: #4c4f4f;\" decoding=\"async\" data-id=\"47007\" src=\"https:\/\/wbp.lublin.pl\/wp-content\/uploads\/2023\/09\/IMG_2972-jpg.webp\" alt=\"\" class=\"wp-image-47007 not-transparent\"\/><\/a><\/figure>\n\n\n\n<figure class=\"wp-block-image size-large\"><a href=\"https:\/\/wbp.lublin.pl\/wp-content\/uploads\/2023\/09\/IMG_2976-jpg.webp\"><img data-dominant-color=\"5a5452\" data-has-transparency=\"false\" style=\"--dominant-color: #5a5452;\" decoding=\"async\" data-id=\"47008\" src=\"https:\/\/wbp.lublin.pl\/wp-content\/uploads\/2023\/09\/IMG_2976-jpg.webp\" alt=\"\" class=\"wp-image-47008 not-transparent\"\/><\/a><\/figure>\n\n\n\n<figure class=\"wp-block-image size-large\"><a href=\"https:\/\/wbp.lublin.pl\/wp-content\/uploads\/2023\/09\/IMG_2980-jpg.webp\"><img data-dominant-color=\"645f5f\" data-has-transparency=\"false\" style=\"--dominant-color: #645f5f;\" decoding=\"async\" data-id=\"47009\" src=\"https:\/\/wbp.lublin.pl\/wp-content\/uploads\/2023\/09\/IMG_2980-jpg.webp\" alt=\"\" class=\"wp-image-47009 not-transparent\"\/><\/a><\/figure>\n\n\n\n<figure class=\"wp-block-image size-large\"><a href=\"https:\/\/wbp.lublin.pl\/wp-content\/uploads\/2023\/09\/IMG_2982-jpg.webp\"><img data-dominant-color=\"7a7c7a\" data-has-transparency=\"false\" style=\"--dominant-color: #7a7c7a;\" decoding=\"async\" data-id=\"47010\" src=\"https:\/\/wbp.lublin.pl\/wp-content\/uploads\/2023\/09\/IMG_2982-jpg.webp\" alt=\"\" class=\"wp-image-47010 not-transparent\"\/><\/a><\/figure>\n\n\n\n<figure class=\"wp-block-image size-large\"><a href=\"https:\/\/wbp.lublin.pl\/wp-content\/uploads\/2023\/09\/IMG_2986-jpg.webp\"><img data-dominant-color=\"7a726e\" data-has-transparency=\"false\" style=\"--dominant-color: #7a726e;\" decoding=\"async\" data-id=\"47012\" src=\"https:\/\/wbp.lublin.pl\/wp-content\/uploads\/2023\/09\/IMG_2986-jpg.webp\" alt=\"\" class=\"wp-image-47012 not-transparent\"\/><\/a><\/figure>\n\n\n\n<figure class=\"wp-block-image size-large\"><a href=\"https:\/\/wbp.lublin.pl\/wp-content\/uploads\/2023\/09\/IMG_2988-jpg.webp\"><img data-dominant-color=\"554d4c\" data-has-transparency=\"false\" style=\"--dominant-color: #554d4c;\" decoding=\"async\" data-id=\"47013\" src=\"https:\/\/wbp.lublin.pl\/wp-content\/uploads\/2023\/09\/IMG_2988-jpg.webp\" alt=\"\" class=\"wp-image-47013 not-transparent\"\/><\/a><\/figure>\n\n\n\n<figure class=\"wp-block-image size-large\"><a href=\"https:\/\/wbp.lublin.pl\/wp-content\/uploads\/2023\/09\/IMG_2990-jpg.webp\"><img data-dominant-color=\"32302b\" data-has-transparency=\"false\" style=\"--dominant-color: #32302b;\" decoding=\"async\" data-id=\"47014\" src=\"https:\/\/wbp.lublin.pl\/wp-content\/uploads\/2023\/09\/IMG_2990-jpg.webp\" alt=\"\" class=\"wp-image-47014 not-transparent\"\/><\/a><\/figure>\n\n\n\n<figure class=\"wp-block-image size-large\"><a href=\"https:\/\/wbp.lublin.pl\/wp-content\/uploads\/2023\/09\/IMG_2992-jpg.webp\"><img data-dominant-color=\"545045\" data-has-transparency=\"false\" style=\"--dominant-color: #545045;\" decoding=\"async\" data-id=\"47015\" src=\"https:\/\/wbp.lublin.pl\/wp-content\/uploads\/2023\/09\/IMG_2992-jpg.webp\" alt=\"\" class=\"wp-image-47015 not-transparent\"\/><\/a><\/figure>\n\n\n\n<figure class=\"wp-block-image size-large\"><a href=\"https:\/\/wbp.lublin.pl\/wp-content\/uploads\/2023\/09\/IMG_2994-jpg.webp\"><img data-dominant-color=\"52514b\" data-has-transparency=\"false\" style=\"--dominant-color: #52514b;\" decoding=\"async\" data-id=\"47016\" src=\"https:\/\/wbp.lublin.pl\/wp-content\/uploads\/2023\/09\/IMG_2994-jpg.webp\" alt=\"\" class=\"wp-image-47016 not-transparent\"\/><\/a><\/figure>\n\n\n\n<figure class=\"wp-block-image size-large\"><a href=\"https:\/\/wbp.lublin.pl\/wp-content\/uploads\/2023\/09\/IMG_2997-jpg.webp\"><img data-dominant-color=\"575953\" data-has-transparency=\"false\" style=\"--dominant-color: #575953;\" decoding=\"async\" data-id=\"47018\" src=\"https:\/\/wbp.lublin.pl\/wp-content\/uploads\/2023\/09\/IMG_2997-jpg.webp\" alt=\"\" class=\"wp-image-47018 not-transparent\"\/><\/a><\/figure>\n\n\n\n<figure class=\"wp-block-image size-large\"><a href=\"https:\/\/wbp.lublin.pl\/wp-content\/uploads\/2023\/09\/IMG_3002-jpg.webp\"><img data-dominant-color=\"73776d\" data-has-transparency=\"false\" style=\"--dominant-color: #73776d;\" decoding=\"async\" data-id=\"47020\" src=\"https:\/\/wbp.lublin.pl\/wp-content\/uploads\/2023\/09\/IMG_3002-jpg.webp\" alt=\"\" class=\"wp-image-47020 not-transparent\"\/><\/a><\/figure>\n\n\n\n<figure class=\"wp-block-image size-large\"><a href=\"https:\/\/wbp.lublin.pl\/wp-content\/uploads\/2023\/09\/IMG_3003-jpg.webp\"><img data-dominant-color=\"48453c\" data-has-transparency=\"false\" style=\"--dominant-color: #48453c;\" decoding=\"async\" data-id=\"47021\" src=\"https:\/\/wbp.lublin.pl\/wp-content\/uploads\/2023\/09\/IMG_3003-jpg.webp\" alt=\"\" class=\"wp-image-47021 not-transparent\"\/><\/a><\/figure>\n\n\n\n<figure class=\"wp-block-image size-large\"><a href=\"https:\/\/wbp.lublin.pl\/wp-content\/uploads\/2023\/09\/IMG_3013-jpg.webp\"><img data-dominant-color=\"484742\" data-has-transparency=\"false\" style=\"--dominant-color: #484742;\" decoding=\"async\" data-id=\"47024\" src=\"https:\/\/wbp.lublin.pl\/wp-content\/uploads\/2023\/09\/IMG_3013-jpg.webp\" alt=\"\" class=\"wp-image-47024 not-transparent\"\/><\/a><\/figure>\n\n\n\n<figure class=\"wp-block-image size-large\"><a href=\"https:\/\/wbp.lublin.pl\/wp-content\/uploads\/2023\/09\/IMG_3014-jpg.webp\"><img data-dominant-color=\"4f5651\" data-has-transparency=\"false\" style=\"--dominant-color: #4f5651;\" decoding=\"async\" data-id=\"47025\" src=\"https:\/\/wbp.lublin.pl\/wp-content\/uploads\/2023\/09\/IMG_3014-jpg.webp\" alt=\"\" class=\"wp-image-47025 not-transparent\"\/><\/a><\/figure>\n\n\n\n<figure class=\"wp-block-image size-large\"><a href=\"https:\/\/wbp.lublin.pl\/wp-content\/uploads\/2023\/09\/IMG_3015-jpg.webp\"><img data-dominant-color=\"4a4c47\" data-has-transparency=\"false\" style=\"--dominant-color: #4a4c47;\" decoding=\"async\" data-id=\"47026\" src=\"https:\/\/wbp.lublin.pl\/wp-content\/uploads\/2023\/09\/IMG_3015-jpg.webp\" alt=\"\" class=\"wp-image-47026 not-transparent\"\/><\/a><\/figure>\n\n\n\n<figure class=\"wp-block-image size-large\"><a href=\"https:\/\/wbp.lublin.pl\/wp-content\/uploads\/2023\/09\/IMG_3017-jpg.webp\"><img data-dominant-color=\"505456\" data-has-transparency=\"false\" style=\"--dominant-color: #505456;\" decoding=\"async\" data-id=\"47027\" src=\"https:\/\/wbp.lublin.pl\/wp-content\/uploads\/2023\/09\/IMG_3017-jpg.webp\" alt=\"\" class=\"wp-image-47027 not-transparent\"\/><\/a><\/figure>\n\n\n\n<figure class=\"wp-block-image size-large\"><a href=\"https:\/\/wbp.lublin.pl\/wp-content\/uploads\/2023\/09\/IMG_3019-jpg.webp\"><img data-dominant-color=\"545b52\" data-has-transparency=\"false\" style=\"--dominant-color: #545b52;\" decoding=\"async\" data-id=\"47028\" src=\"https:\/\/wbp.lublin.pl\/wp-content\/uploads\/2023\/09\/IMG_3019-jpg.webp\" alt=\"\" class=\"wp-image-47028 not-transparent\"\/><\/a><\/figure>\n\n\n\n<figure class=\"wp-block-image size-large\"><a href=\"https:\/\/wbp.lublin.pl\/wp-content\/uploads\/2023\/09\/IMG_3022-jpg.webp\"><img data-dominant-color=\"383831\" data-has-transparency=\"false\" style=\"--dominant-color: #383831;\" decoding=\"async\" data-id=\"47029\" src=\"https:\/\/wbp.lublin.pl\/wp-content\/uploads\/2023\/09\/IMG_3022-jpg.webp\" alt=\"\" class=\"wp-image-47029 not-transparent\"\/><\/a><\/figure>\n\n\n\n<figure class=\"wp-block-image size-large\"><a href=\"https:\/\/wbp.lublin.pl\/wp-content\/uploads\/2023\/09\/IMG_3028-jpg.webp\"><img data-dominant-color=\"66635d\" data-has-transparency=\"false\" style=\"--dominant-color: #66635d;\" decoding=\"async\" data-id=\"47030\" src=\"https:\/\/wbp.lublin.pl\/wp-content\/uploads\/2023\/09\/IMG_3028-jpg.webp\" alt=\"\" class=\"wp-image-47030 not-transparent\"\/><\/a><\/figure>\n\n\n\n<figure class=\"wp-block-image size-large\"><a href=\"https:\/\/wbp.lublin.pl\/wp-content\/uploads\/2023\/09\/IMG_3030-jpg.webp\"><img data-dominant-color=\"47473c\" data-has-transparency=\"false\" style=\"--dominant-color: #47473c;\" decoding=\"async\" data-id=\"47031\" src=\"https:\/\/wbp.lublin.pl\/wp-content\/uploads\/2023\/09\/IMG_3030-jpg.webp\" alt=\"\" class=\"wp-image-47031 not-transparent\"\/><\/a><\/figure>\n\n\n\n<figure class=\"wp-block-image size-large\"><a href=\"https:\/\/wbp.lublin.pl\/wp-content\/uploads\/2023\/09\/IMG_3037-jpg.webp\"><img data-dominant-color=\"4e4d46\" data-has-transparency=\"false\" style=\"--dominant-color: #4e4d46;\" decoding=\"async\" data-id=\"47032\" src=\"https:\/\/wbp.lublin.pl\/wp-content\/uploads\/2023\/09\/IMG_3037-jpg.webp\" alt=\"\" class=\"wp-image-47032 not-transparent\"\/><\/a><\/figure>\n\n\n\n<figure class=\"wp-block-image size-large\"><a href=\"https:\/\/wbp.lublin.pl\/wp-content\/uploads\/2023\/09\/IMG_3045-jpg.webp\"><img data-dominant-color=\"615753\" data-has-transparency=\"false\" style=\"--dominant-color: #615753;\" decoding=\"async\" data-id=\"47033\" src=\"https:\/\/wbp.lublin.pl\/wp-content\/uploads\/2023\/09\/IMG_3045-jpg.webp\" alt=\"\" class=\"wp-image-47033 not-transparent\"\/><\/a><\/figure>\n\n\n\n<figure class=\"wp-block-image size-large\"><a href=\"https:\/\/wbp.lublin.pl\/wp-content\/uploads\/2023\/09\/IMG_3046-jpg.webp\"><img data-dominant-color=\"605c55\" data-has-transparency=\"false\" style=\"--dominant-color: #605c55;\" decoding=\"async\" data-id=\"47034\" src=\"https:\/\/wbp.lublin.pl\/wp-content\/uploads\/2023\/09\/IMG_3046-jpg.webp\" alt=\"\" class=\"wp-image-47034 not-transparent\"\/><\/a><\/figure>\n\n\n\n<figure class=\"wp-block-image size-large\"><a href=\"https:\/\/wbp.lublin.pl\/wp-content\/uploads\/2023\/09\/IMG_3048-jpg.webp\"><img data-dominant-color=\"524d47\" data-has-transparency=\"false\" style=\"--dominant-color: #524d47;\" decoding=\"async\" data-id=\"47035\" src=\"https:\/\/wbp.lublin.pl\/wp-content\/uploads\/2023\/09\/IMG_3048-jpg.webp\" alt=\"\" class=\"wp-image-47035 not-transparent\"\/><\/a><\/figure>\n\n\n\n<figure class=\"wp-block-image size-large\"><a href=\"https:\/\/wbp.lublin.pl\/wp-content\/uploads\/2023\/09\/IMG_3051-jpg.webp\"><img data-dominant-color=\"605d56\" data-has-transparency=\"false\" style=\"--dominant-color: #605d56;\" decoding=\"async\" data-id=\"47036\" src=\"https:\/\/wbp.lublin.pl\/wp-content\/uploads\/2023\/09\/IMG_3051-jpg.webp\" alt=\"\" class=\"wp-image-47036 not-transparent\"\/><\/a><\/figure>\n\n\n\n<figure class=\"wp-block-image size-large\"><a href=\"https:\/\/wbp.lublin.pl\/wp-content\/uploads\/2023\/09\/IMG_3054-jpg.webp\"><img data-dominant-color=\"474b45\" data-has-transparency=\"false\" style=\"--dominant-color: #474b45;\" decoding=\"async\" data-id=\"47039\" src=\"https:\/\/wbp.lublin.pl\/wp-content\/uploads\/2023\/09\/IMG_3054-jpg.webp\" alt=\"\" class=\"wp-image-47039 not-transparent\"\/><\/a><\/figure>\n\n\n\n<figure class=\"wp-block-image size-large\"><a href=\"https:\/\/wbp.lublin.pl\/wp-content\/uploads\/2023\/09\/IMG_3058-jpg.webp\"><img data-dominant-color=\"56534e\" data-has-transparency=\"false\" style=\"--dominant-color: #56534e;\" decoding=\"async\" data-id=\"47040\" src=\"https:\/\/wbp.lublin.pl\/wp-content\/uploads\/2023\/09\/IMG_3058-jpg.webp\" alt=\"\" class=\"wp-image-47040 not-transparent\"\/><\/a><\/figure>\n\n\n\n<figure class=\"wp-block-image size-large\"><a href=\"https:\/\/wbp.lublin.pl\/wp-content\/uploads\/2023\/09\/IMG_3060-jpg.webp\"><img data-dominant-color=\"65605e\" data-has-transparency=\"false\" style=\"--dominant-color: #65605e;\" decoding=\"async\" data-id=\"47041\" src=\"https:\/\/wbp.lublin.pl\/wp-content\/uploads\/2023\/09\/IMG_3060-jpg.webp\" alt=\"\" class=\"wp-image-47041 not-transparent\"\/><\/a><\/figure>\n\n\n\n<figure class=\"wp-block-image size-large\"><a href=\"https:\/\/wbp.lublin.pl\/wp-content\/uploads\/2023\/09\/IMG_3061-jpg.webp\"><img data-dominant-color=\"767372\" data-has-transparency=\"false\" style=\"--dominant-color: #767372;\" decoding=\"async\" data-id=\"47042\" src=\"https:\/\/wbp.lublin.pl\/wp-content\/uploads\/2023\/09\/IMG_3061-jpg.webp\" alt=\"\" class=\"wp-image-47042 not-transparent\"\/><\/a><\/figure>\n\n\n\n<figure class=\"wp-block-image size-large\"><a href=\"https:\/\/wbp.lublin.pl\/wp-content\/uploads\/2023\/09\/IMG_3063-1-jpg.webp\"><img data-dominant-color=\"54504f\" data-has-transparency=\"false\" style=\"--dominant-color: #54504f;\" decoding=\"async\" data-id=\"47062\" src=\"https:\/\/wbp.lublin.pl\/wp-content\/uploads\/2023\/09\/IMG_3063-1-jpg.webp\" alt=\"\" class=\"wp-image-47062 not-transparent\"\/><\/a><\/figure>\n\n\n\n<figure class=\"wp-block-image size-large\"><a href=\"https:\/\/wbp.lublin.pl\/wp-content\/uploads\/2023\/09\/IMG_3067-1-jpg.webp\"><img data-dominant-color=\"736c6c\" data-has-transparency=\"false\" style=\"--dominant-color: #736c6c;\" decoding=\"async\" data-id=\"47065\" src=\"https:\/\/wbp.lublin.pl\/wp-content\/uploads\/2023\/09\/IMG_3067-1-jpg.webp\" alt=\"\" class=\"wp-image-47065 not-transparent\"\/><\/a><\/figure>\n\n\n\n<figure class=\"wp-block-image size-large\"><a href=\"https:\/\/wbp.lublin.pl\/wp-content\/uploads\/2023\/09\/IMG_3072-1-jpg.webp\"><img data-dominant-color=\"665e59\" data-has-transparency=\"false\" style=\"--dominant-color: #665e59;\" decoding=\"async\" data-id=\"47066\" src=\"https:\/\/wbp.lublin.pl\/wp-content\/uploads\/2023\/09\/IMG_3072-1-jpg.webp\" alt=\"\" class=\"wp-image-47066 not-transparent\"\/><\/a><\/figure>\n\n\n\n<figure class=\"wp-block-image size-large\"><a href=\"https:\/\/wbp.lublin.pl\/wp-content\/uploads\/2023\/09\/IMG_3073-1-jpg.webp\"><img data-dominant-color=\"49433d\" data-has-transparency=\"false\" style=\"--dominant-color: #49433d;\" decoding=\"async\" data-id=\"47061\" src=\"https:\/\/wbp.lublin.pl\/wp-content\/uploads\/2023\/09\/IMG_3073-1-jpg.webp\" alt=\"\" class=\"wp-image-47061 not-transparent\"\/><\/a><\/figure>\n\n\n\n<figure class=\"wp-block-image size-large\"><a href=\"https:\/\/wbp.lublin.pl\/wp-content\/uploads\/2023\/09\/IMG_3078-1-jpg.webp\"><img data-dominant-color=\"4e4745\" data-has-transparency=\"false\" style=\"--dominant-color: #4e4745;\" decoding=\"async\" data-id=\"47064\" src=\"https:\/\/wbp.lublin.pl\/wp-content\/uploads\/2023\/09\/IMG_3078-1-jpg.webp\" alt=\"\" class=\"wp-image-47064 not-transparent\"\/><\/a><\/figure>\n\n\n\n<figure class=\"wp-block-image size-large\"><a href=\"https:\/\/wbp.lublin.pl\/wp-content\/uploads\/2023\/09\/IMG_3088-1-jpg.webp\"><img data-dominant-color=\"5c5555\" data-has-transparency=\"false\" style=\"--dominant-color: #5c5555;\" decoding=\"async\" data-id=\"47063\" src=\"https:\/\/wbp.lublin.pl\/wp-content\/uploads\/2023\/09\/IMG_3088-1-jpg.webp\" alt=\"\" class=\"wp-image-47063 not-transparent\"\/><\/a><\/figure>\n<\/figure>\n\n\n\n<p class=\"wp-block-paragraph\"><\/p>\n","protected":false},"excerpt":{"rendered":"","protected":false},"author":20,"featured_media":46761,"comment_status":"closed","ping_status":"closed","sticky":false,"template":"","format":"standard","meta":{"_tec_requires_first_save":true,"_crdt_document":"","pgc_sgb_lightbox_settings":"","_EventAllDay":false,"_EventTimezone":"","_EventStartDate":"","_EventEndDate":"","_EventStartDateUTC":"","_EventEndDateUTC":"","_EventShowMap":false,"_EventShowMapLink":false,"_EventURL":"","_EventCost":"","_EventCostDescription":"","_EventCurrencySymbol":"","_EventCurrencyCode":"","_EventCurrencyPosition":"","_EventDateTimeSeparator":"","_EventTimeRangeSeparator":"","_EventOrganizerID":[],"_EventVenueID":[],"_OrganizerEmail":"","_OrganizerPhone":"","_OrganizerWebsite":"","_VenueAddress":"","_VenueCity":"","_VenueCountry":"","_VenueProvince":"","_VenueState":"","_VenueZip":"","_VenuePhone":"","_VenueURL":"","_VenueStateProvince":"","_VenueLat":"","_VenueLng":"","_VenueShowMap":false,"_VenueShowMapLink":false,"_tribe_blocks_recurrence_rules":"","_tribe_blocks_recurrence_description":"","_tribe_blocks_recurrence_exclusions":"","footnotes":""},"categories":[1,10],"tags":[],"class_list":["post-46959","post","type-post","status-publish","format-standard","has-post-thumbnail","hentry","category-bez-kategorii","category-aktualnosci"],"publishpress_future_action":{"enabled":false,"date":"2026-05-06 17:43:00","action":"change-status","newStatus":"draft","terms":[],"taxonomy":"category","extraData":[]},"publishpress_future_workflow_manual_trigger":{"enabledWorkflows":[]},"_links":{"self":[{"href":"https:\/\/wbp.lublin.pl\/index.php\/wp-json\/wp\/v2\/posts\/46959","targetHints":{"allow":["GET"]}}],"collection":[{"href":"https:\/\/wbp.lublin.pl\/index.php\/wp-json\/wp\/v2\/posts"}],"about":[{"href":"https:\/\/wbp.lublin.pl\/index.php\/wp-json\/wp\/v2\/types\/post"}],"author":[{"embeddable":true,"href":"https:\/\/wbp.lublin.pl\/index.php\/wp-json\/wp\/v2\/users\/20"}],"replies":[{"embeddable":true,"href":"https:\/\/wbp.lublin.pl\/index.php\/wp-json\/wp\/v2\/comments?post=46959"}],"version-history":[{"count":3,"href":"https:\/\/wbp.lublin.pl\/index.php\/wp-json\/wp\/v2\/posts\/46959\/revisions"}],"predecessor-version":[{"id":47071,"href":"https:\/\/wbp.lublin.pl\/index.php\/wp-json\/wp\/v2\/posts\/46959\/revisions\/47071"}],"wp:featuredmedia":[{"embeddable":true,"href":"https:\/\/wbp.lublin.pl\/index.php\/wp-json\/wp\/v2\/media\/46761"}],"wp:attachment":[{"href":"https:\/\/wbp.lublin.pl\/index.php\/wp-json\/wp\/v2\/media?parent=46959"}],"wp:term":[{"taxonomy":"category","embeddable":true,"href":"https:\/\/wbp.lublin.pl\/index.php\/wp-json\/wp\/v2\/categories?post=46959"},{"taxonomy":"post_tag","embeddable":true,"href":"https:\/\/wbp.lublin.pl\/index.php\/wp-json\/wp\/v2\/tags?post=46959"}],"curies":[{"name":"wp","href":"https:\/\/api.w.org\/{rel}","templated":true}]}}