{"id":47180,"date":"2023-10-02T07:39:30","date_gmt":"2023-10-02T05:39:30","guid":{"rendered":"https:\/\/wbp.lublin.pl\/?p=47180"},"modified":"2023-10-02T07:39:31","modified_gmt":"2023-10-02T05:39:31","slug":"prezentacja-kolekcji-listow-i-dokumentow-dotyczacych-gen-michala-heydenreicha-kruka-w-obiektywie","status":"publish","type":"post","link":"https:\/\/wbp.lublin.pl\/index.php\/2023\/10\/02\/prezentacja-kolekcji-listow-i-dokumentow-dotyczacych-gen-michala-heydenreicha-kruka-w-obiektywie\/","title":{"rendered":"Prezentacja kolekcji list\u00f3w i dokument\u00f3w dotycz\u0105cych gen. Micha\u0142a Heydenreicha-Kruka w obiektywie"},"content":{"rendered":"\n<!--more-->\n\n\n\n<p class=\"wp-block-paragraph\">25 wrze\u015bnia 2023 r. w Wojew\u00f3dzkiej Bibliotece Publicznej im. Hieronima \u0141opaci\u0144skiego w Lublinie, oficjalnie zaprezentowano w\u0142\u0105czone do zbior\u00f3w specjalnych listy i dokumenty dotycz\u0105ce gen. Micha\u0142a Heydenreicha-Kruka i jego rodziny oraz Powstania Styczniowego. Unikalny nabytek, przekazany Bibliotece przez mec. S\u0142awomira Wypaska, b\u0119dzie cennym dope\u0142nieniem zgromadzonych ju\u017c materia\u0142\u00f3w na temat Powstania Styczniowego.<\/p>\n\n\n\n<figure class=\"wp-block-gallery has-nested-images columns-1 is-cropped wp-block-gallery-1 is-layout-flex wp-block-gallery-is-layout-flex\">\n<figure class=\"wp-block-image size-large\"><a href=\"https:\/\/wbp.lublin.pl\/wp-content\/uploads\/2023\/09\/1-3-scaled.webp\"><img data-dominant-color=\"766469\" data-has-transparency=\"false\" style=\"--dominant-color: #766469;\" loading=\"lazy\" decoding=\"async\" width=\"1784\" height=\"1080\" sizes=\"auto, (max-width: 1784px) 100vw, 1784px\" data-id=\"47181\" src=\"https:\/\/wbp.lublin.pl\/wp-content\/uploads\/2023\/09\/1-3-1784x1080.webp\" alt=\"\" class=\"wp-image-47181 not-transparent\" srcset=\"https:\/\/wbp.lublin.pl\/wp-content\/uploads\/2023\/09\/1-3-1784x1080.webp 1784w, https:\/\/wbp.lublin.pl\/wp-content\/uploads\/2023\/09\/1-3-600x363.webp 600w, https:\/\/wbp.lublin.pl\/wp-content\/uploads\/2023\/09\/1-3-400x242.webp 400w, https:\/\/wbp.lublin.pl\/wp-content\/uploads\/2023\/09\/1-3-768x465.webp 768w, https:\/\/wbp.lublin.pl\/wp-content\/uploads\/2023\/09\/1-3-1536x930.webp 1536w, https:\/\/wbp.lublin.pl\/wp-content\/uploads\/2023\/09\/1-3-2048x1240.webp 2048w, https:\/\/wbp.lublin.pl\/wp-content\/uploads\/2023\/09\/1-3-947x573.webp 947w, https:\/\/wbp.lublin.pl\/wp-content\/uploads\/2023\/09\/1-3-624x378.webp 624w\" \/><\/a><figcaption class=\"wp-element-caption\">Wyst\u0105pienie Tadeusza S\u0142aweckiego &#8211; Dyrektora Wojew\u00f3dzkiej Biblioteki Publicznej im. Hieronima \u0141opaci\u0144skiego w Lublinie<\/figcaption><\/figure>\n\n\n\n<figure class=\"wp-block-image size-large\"><a href=\"https:\/\/wbp.lublin.pl\/wp-content\/uploads\/2023\/09\/3-scaled.webp\"><img data-dominant-color=\"826c6f\" data-has-transparency=\"false\" style=\"--dominant-color: #826c6f;\" loading=\"lazy\" decoding=\"async\" width=\"1920\" height=\"1078\" sizes=\"auto, (max-width: 1920px) 100vw, 1920px\" data-id=\"47186\" src=\"https:\/\/wbp.lublin.pl\/wp-content\/uploads\/2023\/09\/3-1920x1078.webp\" alt=\"\" class=\"wp-image-47186 not-transparent\" srcset=\"https:\/\/wbp.lublin.pl\/wp-content\/uploads\/2023\/09\/3-1920x1078.webp 1920w, https:\/\/wbp.lublin.pl\/wp-content\/uploads\/2023\/09\/3-600x337.webp 600w, https:\/\/wbp.lublin.pl\/wp-content\/uploads\/2023\/09\/3-400x225.webp 400w, https:\/\/wbp.lublin.pl\/wp-content\/uploads\/2023\/09\/3-768x431.webp 768w, https:\/\/wbp.lublin.pl\/wp-content\/uploads\/2023\/09\/3-1536x862.webp 1536w, https:\/\/wbp.lublin.pl\/wp-content\/uploads\/2023\/09\/3-2048x1150.webp 2048w, https:\/\/wbp.lublin.pl\/wp-content\/uploads\/2023\/09\/3-947x532.webp 947w, https:\/\/wbp.lublin.pl\/wp-content\/uploads\/2023\/09\/3-624x350.webp 624w\" \/><\/a><figcaption class=\"wp-element-caption\">G\u0142os zabra\u0142 tak\u017ce Bart\u0142omiej Ba\u0142aban &#8211; Cz\u0142onek Zarz\u0105du Wojew\u00f3dztwa  Lubelskiego<\/figcaption><\/figure>\n\n\n\n<figure class=\"wp-block-image size-large\"><a href=\"https:\/\/wbp.lublin.pl\/wp-content\/uploads\/2023\/09\/4-scaled.webp\"><img data-dominant-color=\"615a58\" data-has-transparency=\"false\" style=\"--dominant-color: #615a58;\" loading=\"lazy\" decoding=\"async\" width=\"1920\" height=\"1078\" sizes=\"auto, (max-width: 1920px) 100vw, 1920px\" data-id=\"47185\" src=\"https:\/\/wbp.lublin.pl\/wp-content\/uploads\/2023\/09\/4-1920x1078.webp\" alt=\"\" class=\"wp-image-47185 not-transparent\" srcset=\"https:\/\/wbp.lublin.pl\/wp-content\/uploads\/2023\/09\/4-1920x1078.webp 1920w, https:\/\/wbp.lublin.pl\/wp-content\/uploads\/2023\/09\/4-600x337.webp 600w, https:\/\/wbp.lublin.pl\/wp-content\/uploads\/2023\/09\/4-400x225.webp 400w, https:\/\/wbp.lublin.pl\/wp-content\/uploads\/2023\/09\/4-768x431.webp 768w, https:\/\/wbp.lublin.pl\/wp-content\/uploads\/2023\/09\/4-1536x862.webp 1536w, https:\/\/wbp.lublin.pl\/wp-content\/uploads\/2023\/09\/4-2048x1150.webp 2048w, https:\/\/wbp.lublin.pl\/wp-content\/uploads\/2023\/09\/4-947x532.webp 947w, https:\/\/wbp.lublin.pl\/wp-content\/uploads\/2023\/09\/4-624x350.webp 624w\" \/><\/a><figcaption class=\"wp-element-caption\">Prelegenci konferencji &#8211; prof. dr hab. Wies\u0142aw \u015aladkowski oraz dr Zdzis\u0142aw Biele\u0144<\/figcaption><\/figure>\n\n\n\n<figure class=\"wp-block-image size-large\"><a href=\"https:\/\/wbp.lublin.pl\/wp-content\/uploads\/2023\/09\/5-scaled.webp\"><img data-dominant-color=\"817a73\" data-has-transparency=\"false\" style=\"--dominant-color: #817a73;\" loading=\"lazy\" decoding=\"async\" width=\"1461\" height=\"1080\" sizes=\"auto, (max-width: 1461px) 100vw, 1461px\" data-id=\"47182\" src=\"https:\/\/wbp.lublin.pl\/wp-content\/uploads\/2023\/09\/5-1461x1080.webp\" alt=\"\" class=\"wp-image-47182 not-transparent\" srcset=\"https:\/\/wbp.lublin.pl\/wp-content\/uploads\/2023\/09\/5-1461x1080.webp 1461w, https:\/\/wbp.lublin.pl\/wp-content\/uploads\/2023\/09\/5-600x444.webp 600w, https:\/\/wbp.lublin.pl\/wp-content\/uploads\/2023\/09\/5-400x296.webp 400w, https:\/\/wbp.lublin.pl\/wp-content\/uploads\/2023\/09\/5-768x568.webp 768w, https:\/\/wbp.lublin.pl\/wp-content\/uploads\/2023\/09\/5-1536x1135.webp 1536w, https:\/\/wbp.lublin.pl\/wp-content\/uploads\/2023\/09\/5-2048x1514.webp 2048w, https:\/\/wbp.lublin.pl\/wp-content\/uploads\/2023\/09\/5-947x700.webp 947w, https:\/\/wbp.lublin.pl\/wp-content\/uploads\/2023\/09\/5-624x461.webp 624w\" \/><\/a><figcaption class=\"wp-element-caption\">Dr Zdzis\u0142aw Biele\u0144<\/figcaption><\/figure>\n\n\n\n<figure class=\"wp-block-image size-large\"><a href=\"https:\/\/wbp.lublin.pl\/wp-content\/uploads\/2023\/09\/6-scaled.webp\"><img data-dominant-color=\"5a5256\" data-has-transparency=\"false\" style=\"--dominant-color: #5a5256;\" loading=\"lazy\" decoding=\"async\" width=\"1770\" height=\"1080\" sizes=\"auto, (max-width: 1770px) 100vw, 1770px\" data-id=\"47184\" src=\"https:\/\/wbp.lublin.pl\/wp-content\/uploads\/2023\/09\/6-1770x1080.webp\" alt=\"\" class=\"wp-image-47184 not-transparent\" srcset=\"https:\/\/wbp.lublin.pl\/wp-content\/uploads\/2023\/09\/6-1770x1080.webp 1770w, https:\/\/wbp.lublin.pl\/wp-content\/uploads\/2023\/09\/6-600x366.webp 600w, https:\/\/wbp.lublin.pl\/wp-content\/uploads\/2023\/09\/6-400x244.webp 400w, https:\/\/wbp.lublin.pl\/wp-content\/uploads\/2023\/09\/6-768x469.webp 768w, https:\/\/wbp.lublin.pl\/wp-content\/uploads\/2023\/09\/6-1536x937.webp 1536w, https:\/\/wbp.lublin.pl\/wp-content\/uploads\/2023\/09\/6-2048x1249.webp 2048w, https:\/\/wbp.lublin.pl\/wp-content\/uploads\/2023\/09\/6-947x578.webp 947w, https:\/\/wbp.lublin.pl\/wp-content\/uploads\/2023\/09\/6-624x381.webp 624w\" \/><\/a><figcaption class=\"wp-element-caption\">Prof. dr hab. Wies\u0142aw \u015aladkowski <\/figcaption><\/figure>\n\n\n\n<figure class=\"wp-block-image size-large\"><a href=\"https:\/\/wbp.lublin.pl\/wp-content\/uploads\/2023\/09\/7-scaled.webp\"><img data-dominant-color=\"79655d\" data-has-transparency=\"false\" style=\"--dominant-color: #79655d;\" loading=\"lazy\" decoding=\"async\" width=\"1685\" height=\"1080\" sizes=\"auto, (max-width: 1685px) 100vw, 1685px\" data-id=\"47187\" src=\"https:\/\/wbp.lublin.pl\/wp-content\/uploads\/2023\/09\/7-1685x1080.webp\" alt=\"\" class=\"wp-image-47187 not-transparent\" srcset=\"https:\/\/wbp.lublin.pl\/wp-content\/uploads\/2023\/09\/7-1685x1080.webp 1685w, https:\/\/wbp.lublin.pl\/wp-content\/uploads\/2023\/09\/7-600x385.webp 600w, https:\/\/wbp.lublin.pl\/wp-content\/uploads\/2023\/09\/7-400x256.webp 400w, https:\/\/wbp.lublin.pl\/wp-content\/uploads\/2023\/09\/7-768x492.webp 768w, https:\/\/wbp.lublin.pl\/wp-content\/uploads\/2023\/09\/7-1536x985.webp 1536w, https:\/\/wbp.lublin.pl\/wp-content\/uploads\/2023\/09\/7-2048x1313.webp 2048w, https:\/\/wbp.lublin.pl\/wp-content\/uploads\/2023\/09\/7-947x607.webp 947w, https:\/\/wbp.lublin.pl\/wp-content\/uploads\/2023\/09\/7-624x400.webp 624w\" \/><\/a><figcaption class=\"wp-element-caption\">Ks. prof. dr hab. Edward Walewander oraz mec. S\u0142awomir Wypasek<\/figcaption><\/figure>\n\n\n\n<figure class=\"wp-block-image size-large\"><a href=\"https:\/\/wbp.lublin.pl\/wp-content\/uploads\/2023\/09\/8-scaled.webp\"><img data-dominant-color=\"78625f\" data-has-transparency=\"false\" style=\"--dominant-color: #78625f;\" loading=\"lazy\" decoding=\"async\" width=\"1750\" height=\"1080\" sizes=\"auto, (max-width: 1750px) 100vw, 1750px\" data-id=\"47188\" src=\"https:\/\/wbp.lublin.pl\/wp-content\/uploads\/2023\/09\/8-1750x1080.webp\" alt=\"\" class=\"wp-image-47188 not-transparent\" srcset=\"https:\/\/wbp.lublin.pl\/wp-content\/uploads\/2023\/09\/8-1750x1080.webp 1750w, https:\/\/wbp.lublin.pl\/wp-content\/uploads\/2023\/09\/8-600x370.webp 600w, https:\/\/wbp.lublin.pl\/wp-content\/uploads\/2023\/09\/8-400x247.webp 400w, https:\/\/wbp.lublin.pl\/wp-content\/uploads\/2023\/09\/8-768x474.webp 768w, https:\/\/wbp.lublin.pl\/wp-content\/uploads\/2023\/09\/8-1536x948.webp 1536w, https:\/\/wbp.lublin.pl\/wp-content\/uploads\/2023\/09\/8-2048x1264.webp 2048w, https:\/\/wbp.lublin.pl\/wp-content\/uploads\/2023\/09\/8-947x584.webp 947w, https:\/\/wbp.lublin.pl\/wp-content\/uploads\/2023\/09\/8-624x385.webp 624w\" \/><\/a><\/figure>\n\n\n\n<figure class=\"wp-block-image size-large\"><a href=\"https:\/\/wbp.lublin.pl\/wp-content\/uploads\/2023\/09\/9-scaled.webp\"><img data-dominant-color=\"927367\" data-has-transparency=\"false\" style=\"--dominant-color: #927367;\" loading=\"lazy\" decoding=\"async\" width=\"1842\" height=\"1080\" sizes=\"auto, (max-width: 1842px) 100vw, 1842px\" data-id=\"47189\" src=\"https:\/\/wbp.lublin.pl\/wp-content\/uploads\/2023\/09\/9-1842x1080.webp\" alt=\"\" class=\"wp-image-47189 not-transparent\" srcset=\"https:\/\/wbp.lublin.pl\/wp-content\/uploads\/2023\/09\/9-1842x1080.webp 1842w, https:\/\/wbp.lublin.pl\/wp-content\/uploads\/2023\/09\/9-600x352.webp 600w, https:\/\/wbp.lublin.pl\/wp-content\/uploads\/2023\/09\/9-400x234.webp 400w, https:\/\/wbp.lublin.pl\/wp-content\/uploads\/2023\/09\/9-768x450.webp 768w, https:\/\/wbp.lublin.pl\/wp-content\/uploads\/2023\/09\/9-1536x900.webp 1536w, https:\/\/wbp.lublin.pl\/wp-content\/uploads\/2023\/09\/9-2048x1201.webp 2048w, https:\/\/wbp.lublin.pl\/wp-content\/uploads\/2023\/09\/9-947x555.webp 947w, https:\/\/wbp.lublin.pl\/wp-content\/uploads\/2023\/09\/9-624x366.webp 624w\" \/><\/a><figcaption class=\"wp-element-caption\">Uczestnicy konferencji (od lewej): mec. S\u0142awomir Wypasek, dr Zdzis\u0142aw Biele\u0144, dr Jan S\u0119k, Andrzej Zdunek, prof. dr hab. Andrzej Wac-W\u0142odarczyk, prof. dr hab. Wies\u0142aw \u015aladkowski, dr Grzegorz Figiel, dr Ireneusz Sadurski, Agnieszka Konstankiewicz<\/figcaption><\/figure>\n\n\n\n<figure class=\"wp-block-image size-large\"><a href=\"https:\/\/wbp.lublin.pl\/wp-content\/uploads\/2023\/09\/10-scaled.webp\"><img data-dominant-color=\"94754c\" data-has-transparency=\"false\" style=\"--dominant-color: #94754c;\" loading=\"lazy\" decoding=\"async\" width=\"1920\" height=\"1078\" sizes=\"auto, (max-width: 1920px) 100vw, 1920px\" data-id=\"47190\" src=\"https:\/\/wbp.lublin.pl\/wp-content\/uploads\/2023\/09\/10-1920x1078.webp\" alt=\"\" class=\"wp-image-47190 not-transparent\" srcset=\"https:\/\/wbp.lublin.pl\/wp-content\/uploads\/2023\/09\/10-1920x1078.webp 1920w, https:\/\/wbp.lublin.pl\/wp-content\/uploads\/2023\/09\/10-600x337.webp 600w, https:\/\/wbp.lublin.pl\/wp-content\/uploads\/2023\/09\/10-400x225.webp 400w, https:\/\/wbp.lublin.pl\/wp-content\/uploads\/2023\/09\/10-768x431.webp 768w, https:\/\/wbp.lublin.pl\/wp-content\/uploads\/2023\/09\/10-1536x862.webp 1536w, https:\/\/wbp.lublin.pl\/wp-content\/uploads\/2023\/09\/10-2048x1150.webp 2048w, https:\/\/wbp.lublin.pl\/wp-content\/uploads\/2023\/09\/10-947x532.webp 947w, https:\/\/wbp.lublin.pl\/wp-content\/uploads\/2023\/09\/10-624x350.webp 624w\" \/><\/a><\/figure>\n\n\n\n<figure class=\"wp-block-image size-large\"><a href=\"https:\/\/wbp.lublin.pl\/wp-content\/uploads\/2023\/09\/11-scaled.webp\"><img data-dominant-color=\"987b54\" data-has-transparency=\"false\" style=\"--dominant-color: #987b54;\" loading=\"lazy\" decoding=\"async\" width=\"1910\" height=\"1080\" sizes=\"auto, (max-width: 1910px) 100vw, 1910px\" data-id=\"47191\" src=\"https:\/\/wbp.lublin.pl\/wp-content\/uploads\/2023\/09\/11-1910x1080.webp\" alt=\"\" class=\"wp-image-47191 not-transparent\" srcset=\"https:\/\/wbp.lublin.pl\/wp-content\/uploads\/2023\/09\/11-1910x1080.webp 1910w, https:\/\/wbp.lublin.pl\/wp-content\/uploads\/2023\/09\/11-600x339.webp 600w, https:\/\/wbp.lublin.pl\/wp-content\/uploads\/2023\/09\/11-400x226.webp 400w, https:\/\/wbp.lublin.pl\/wp-content\/uploads\/2023\/09\/11-768x434.webp 768w, https:\/\/wbp.lublin.pl\/wp-content\/uploads\/2023\/09\/11-1536x869.webp 1536w, https:\/\/wbp.lublin.pl\/wp-content\/uploads\/2023\/09\/11-2048x1158.webp 2048w, https:\/\/wbp.lublin.pl\/wp-content\/uploads\/2023\/09\/11-947x536.webp 947w, https:\/\/wbp.lublin.pl\/wp-content\/uploads\/2023\/09\/11-624x353.webp 624w\" \/><\/a><\/figure>\n\n\n\n<figure class=\"wp-block-image size-large\"><a href=\"https:\/\/wbp.lublin.pl\/wp-content\/uploads\/2023\/09\/12-scaled.webp\"><img data-dominant-color=\"8c6f4b\" data-has-transparency=\"false\" style=\"--dominant-color: #8c6f4b;\" loading=\"lazy\" decoding=\"async\" width=\"1920\" height=\"1078\" sizes=\"auto, (max-width: 1920px) 100vw, 1920px\" data-id=\"47192\" src=\"https:\/\/wbp.lublin.pl\/wp-content\/uploads\/2023\/09\/12-1920x1078.webp\" alt=\"\" class=\"wp-image-47192 not-transparent\" srcset=\"https:\/\/wbp.lublin.pl\/wp-content\/uploads\/2023\/09\/12-1920x1078.webp 1920w, https:\/\/wbp.lublin.pl\/wp-content\/uploads\/2023\/09\/12-600x337.webp 600w, https:\/\/wbp.lublin.pl\/wp-content\/uploads\/2023\/09\/12-400x225.webp 400w, https:\/\/wbp.lublin.pl\/wp-content\/uploads\/2023\/09\/12-768x431.webp 768w, https:\/\/wbp.lublin.pl\/wp-content\/uploads\/2023\/09\/12-1536x862.webp 1536w, https:\/\/wbp.lublin.pl\/wp-content\/uploads\/2023\/09\/12-2048x1150.webp 2048w, https:\/\/wbp.lublin.pl\/wp-content\/uploads\/2023\/09\/12-947x532.webp 947w, https:\/\/wbp.lublin.pl\/wp-content\/uploads\/2023\/09\/12-624x350.webp 624w\" \/><\/a><\/figure>\n<\/figure>\n\n\n\n<p class=\"wp-block-paragraph\">Fot. Katarzyna Stanek<\/p>\n","protected":false},"excerpt":{"rendered":"","protected":false},"author":21,"featured_media":47190,"comment_status":"closed","ping_status":"closed","sticky":false,"template":"","format":"standard","meta":{"_tec_requires_first_save":true,"_crdt_document":"","pgc_sgb_lightbox_settings":"","_EventAllDay":false,"_EventTimezone":"","_EventStartDate":"","_EventEndDate":"","_EventStartDateUTC":"","_EventEndDateUTC":"","_EventShowMap":false,"_EventShowMapLink":false,"_EventURL":"","_EventCost":"","_EventCostDescription":"","_EventCurrencySymbol":"","_EventCurrencyCode":"","_EventCurrencyPosition":"","_EventDateTimeSeparator":"","_EventTimeRangeSeparator":"","_EventOrganizerID":[],"_EventVenueID":[],"_OrganizerEmail":"","_OrganizerPhone":"","_OrganizerWebsite":"","_VenueAddress":"","_VenueCity":"","_VenueCountry":"","_VenueProvince":"","_VenueState":"","_VenueZip":"","_VenuePhone":"","_VenueURL":"","_VenueStateProvince":"","_VenueLat":"","_VenueLng":"","_VenueShowMap":false,"_VenueShowMapLink":false,"_tribe_blocks_recurrence_rules":"","_tribe_blocks_recurrence_description":"","_tribe_blocks_recurrence_exclusions":"","footnotes":""},"categories":[679,537,538,10],"tags":[],"class_list":["post-47180","post","type-post","status-publish","format-standard","has-post-thumbnail","hentry","category-rok-2023","category-archiwum-wydarzen","category-imprezy-w-obiektywie","category-aktualnosci"],"publishpress_future_action":{"enabled":false,"date":"2026-05-06 10:14:18","action":"change-status","newStatus":"draft","terms":[],"taxonomy":"category","extraData":[]},"publishpress_future_workflow_manual_trigger":{"enabledWorkflows":[]},"_links":{"self":[{"href":"https:\/\/wbp.lublin.pl\/index.php\/wp-json\/wp\/v2\/posts\/47180","targetHints":{"allow":["GET"]}}],"collection":[{"href":"https:\/\/wbp.lublin.pl\/index.php\/wp-json\/wp\/v2\/posts"}],"about":[{"href":"https:\/\/wbp.lublin.pl\/index.php\/wp-json\/wp\/v2\/types\/post"}],"author":[{"embeddable":true,"href":"https:\/\/wbp.lublin.pl\/index.php\/wp-json\/wp\/v2\/users\/21"}],"replies":[{"embeddable":true,"href":"https:\/\/wbp.lublin.pl\/index.php\/wp-json\/wp\/v2\/comments?post=47180"}],"version-history":[{"count":4,"href":"https:\/\/wbp.lublin.pl\/index.php\/wp-json\/wp\/v2\/posts\/47180\/revisions"}],"predecessor-version":[{"id":47199,"href":"https:\/\/wbp.lublin.pl\/index.php\/wp-json\/wp\/v2\/posts\/47180\/revisions\/47199"}],"wp:featuredmedia":[{"embeddable":true,"href":"https:\/\/wbp.lublin.pl\/index.php\/wp-json\/wp\/v2\/media\/47190"}],"wp:attachment":[{"href":"https:\/\/wbp.lublin.pl\/index.php\/wp-json\/wp\/v2\/media?parent=47180"}],"wp:term":[{"taxonomy":"category","embeddable":true,"href":"https:\/\/wbp.lublin.pl\/index.php\/wp-json\/wp\/v2\/categories?post=47180"},{"taxonomy":"post_tag","embeddable":true,"href":"https:\/\/wbp.lublin.pl\/index.php\/wp-json\/wp\/v2\/tags?post=47180"}],"curies":[{"name":"wp","href":"https:\/\/api.w.org\/{rel}","templated":true}]}}