{"id":47465,"date":"2023-10-16T09:05:31","date_gmt":"2023-10-16T07:05:31","guid":{"rendered":"https:\/\/wbp.lublin.pl\/?p=47465"},"modified":"2023-10-23T10:33:49","modified_gmt":"2023-10-23T08:33:49","slug":"kobiety-z-kornika-w-wbp","status":"publish","type":"post","link":"https:\/\/wbp.lublin.pl\/index.php\/2023\/10\/16\/kobiety-z-kornika-w-wbp\/","title":{"rendered":"\u201eKobiety z K\u00f3rnika&#8221; w WBP &#8211; odwo\u0142ane!!!"},"content":{"rendered":"\n<!--more-->\n\n\n\n<p class=\"wp-block-paragraph\"><strong>\u201eKobiety z K\u00f3rnika&#8221;<\/strong> to cykl wydarze\u0144 przygotowanych przez Teatr Muzyczny w Poznaniu i Fundacj\u0119 Zak\u0142ady K\u00f3rnickie. Projekt po\u015bwi\u0119cony jest tw\u00f3rczo\u015bci Wis\u0142awy Szymborskiej (w setn\u0105 rocznic\u0119 urodzin) oraz Jadwigi Zamoyskiej (w setn\u0105 rocznic\u0119 \u015bmierci). W ramach wydarzenia znani i lubiani aktorzy czytaj\u0105 teksty Wis\u0142awy Szymborskiej oraz Jadwigi Zamoyskiej w bibliotekach w ca\u0142ej Polsce. <\/p>\n\n\n\n<p class=\"wp-block-paragraph\"><\/p>\n\n\n\n<p class=\"has-text-align-center wp-block-paragraph\">Wydarzenie <strong>\u201eKobiety z K\u00f3rnika&#8221;<\/strong> kt\u00f3re mia\u0142o odby\u0107 si\u0119 <br>20 pa\u017adziernika (pi\u0105tek) 2023 r., o godz. 17.00 <br>w Wojew\u00f3dzkiej Bibliotece Publicznej im. Hieronima \u0141opaci\u0144skiego w Lublinie <br>z<strong>osta\u0142o odwo\u0142ane<\/strong>!!!<\/p>\n\n\n\n<p class=\"wp-block-paragraph\">Teksty&nbsp;<strong>Wis\u0142awy Szymborskiej<\/strong>&nbsp;oraz&nbsp;<strong>Jadwigi Zamoyskiej<\/strong>&nbsp;b\u0119dzie czyta\u0142 <strong>W\u0142odzimierz Press<\/strong><\/p>\n\n\n\n<p class=\"wp-block-paragraph\">Bilety w cenie 10 z\u0142 dost\u0119pne pod <a href=\"https:\/\/www.bilety24.pl\/kup-bilet-na-29-kobiety-z-kornika-90373?id=524094\">LINKIEM<\/a><\/p>\n\n\n<div class=\"wp-block-image\">\n<figure class=\"aligncenter size-large\"><img data-dominant-color=\"698577\" data-has-transparency=\"false\" style=\"--dominant-color: #698577;\" loading=\"lazy\" decoding=\"async\" width=\"763\" height=\"1080\" sizes=\"auto, (max-width: 763px) 100vw, 763px\" src=\"https:\/\/wbp.lublin.pl\/wp-content\/uploads\/2023\/10\/KobietyZKornika_Lublin-763x1080.webp\" alt=\"\" class=\"wp-image-47466 not-transparent\" srcset=\"https:\/\/wbp.lublin.pl\/wp-content\/uploads\/2023\/10\/KobietyZKornika_Lublin-763x1080.webp 763w, https:\/\/wbp.lublin.pl\/wp-content\/uploads\/2023\/10\/KobietyZKornika_Lublin-424x600.webp 424w, https:\/\/wbp.lublin.pl\/wp-content\/uploads\/2023\/10\/KobietyZKornika_Lublin-283x400.webp 283w, https:\/\/wbp.lublin.pl\/wp-content\/uploads\/2023\/10\/KobietyZKornika_Lublin-768x1086.webp 768w, https:\/\/wbp.lublin.pl\/wp-content\/uploads\/2023\/10\/KobietyZKornika_Lublin-1086x1536.webp 1086w, https:\/\/wbp.lublin.pl\/wp-content\/uploads\/2023\/10\/KobietyZKornika_Lublin-1448x2048.webp 1448w, https:\/\/wbp.lublin.pl\/wp-content\/uploads\/2023\/10\/KobietyZKornika_Lublin-947x1340.webp 947w, https:\/\/wbp.lublin.pl\/wp-content\/uploads\/2023\/10\/KobietyZKornika_Lublin-624x883.webp 624w, https:\/\/wbp.lublin.pl\/wp-content\/uploads\/2023\/10\/KobietyZKornika_Lublin-scaled.webp 1810w\" \/><\/figure>\n<\/div>\n\n\n<p class=\"wp-block-paragraph\"><a href=\"https:\/\/teatr-muzyczny.pl\/spektakle\/kobiety-z-kornika\/331?fbclid=IwAR2UsvPVyGKPsN7kLXzFRH9hbiqXFp4ZVwfYZ7vri9YR9vWRxdnY4xMVcBE\" target=\"_blank\" rel=\"noreferrer noopener\">Wi\u0119cej o&nbsp;cyklu wydarze\u0144 \u201eKobiety z&nbsp;K\u00f3rnika\u201d<\/a><\/p>\n","protected":false},"excerpt":{"rendered":"<p>20 pa\u017adziernika 2023, godz. 17.00<\/p>\n","protected":false},"author":21,"featured_media":47468,"comment_status":"closed","ping_status":"closed","sticky":false,"template":"","format":"standard","meta":{"_tec_requires_first_save":true,"_crdt_document":"","pgc_sgb_lightbox_settings":"","_EventAllDay":false,"_EventTimezone":"","_EventStartDate":"","_EventEndDate":"","_EventStartDateUTC":"","_EventEndDateUTC":"","_EventShowMap":false,"_EventShowMapLink":false,"_EventURL":"","_EventCost":"","_EventCostDescription":"","_EventCurrencySymbol":"","_EventCurrencyCode":"","_EventCurrencyPosition":"","_EventDateTimeSeparator":"","_EventTimeRangeSeparator":"","_EventOrganizerID":[],"_EventVenueID":[],"_OrganizerEmail":"","_OrganizerPhone":"","_OrganizerWebsite":"","_VenueAddress":"","_VenueCity":"","_VenueCountry":"","_VenueProvince":"","_VenueState":"","_VenueZip":"","_VenuePhone":"","_VenueURL":"","_VenueStateProvince":"","_VenueLat":"","_VenueLng":"","_VenueShowMap":false,"_VenueShowMapLink":false,"_tribe_blocks_recurrence_rules":"","_tribe_blocks_recurrence_description":"","_tribe_blocks_recurrence_exclusions":"","footnotes":""},"categories":[679,537],"tags":[],"class_list":["post-47465","post","type-post","status-publish","format-standard","has-post-thumbnail","hentry","category-rok-2023","category-archiwum-wydarzen"],"publishpress_future_action":{"enabled":false,"date":"2026-05-04 12:15:31","action":"change-status","newStatus":"draft","terms":[],"taxonomy":"category","extraData":[]},"publishpress_future_workflow_manual_trigger":{"enabledWorkflows":[]},"_links":{"self":[{"href":"https:\/\/wbp.lublin.pl\/index.php\/wp-json\/wp\/v2\/posts\/47465","targetHints":{"allow":["GET"]}}],"collection":[{"href":"https:\/\/wbp.lublin.pl\/index.php\/wp-json\/wp\/v2\/posts"}],"about":[{"href":"https:\/\/wbp.lublin.pl\/index.php\/wp-json\/wp\/v2\/types\/post"}],"author":[{"embeddable":true,"href":"https:\/\/wbp.lublin.pl\/index.php\/wp-json\/wp\/v2\/users\/21"}],"replies":[{"embeddable":true,"href":"https:\/\/wbp.lublin.pl\/index.php\/wp-json\/wp\/v2\/comments?post=47465"}],"version-history":[{"count":9,"href":"https:\/\/wbp.lublin.pl\/index.php\/wp-json\/wp\/v2\/posts\/47465\/revisions"}],"predecessor-version":[{"id":47591,"href":"https:\/\/wbp.lublin.pl\/index.php\/wp-json\/wp\/v2\/posts\/47465\/revisions\/47591"}],"wp:featuredmedia":[{"embeddable":true,"href":"https:\/\/wbp.lublin.pl\/index.php\/wp-json\/wp\/v2\/media\/47468"}],"wp:attachment":[{"href":"https:\/\/wbp.lublin.pl\/index.php\/wp-json\/wp\/v2\/media?parent=47465"}],"wp:term":[{"taxonomy":"category","embeddable":true,"href":"https:\/\/wbp.lublin.pl\/index.php\/wp-json\/wp\/v2\/categories?post=47465"},{"taxonomy":"post_tag","embeddable":true,"href":"https:\/\/wbp.lublin.pl\/index.php\/wp-json\/wp\/v2\/tags?post=47465"}],"curies":[{"name":"wp","href":"https:\/\/api.w.org\/{rel}","templated":true}]}}