{"id":47596,"date":"2023-10-23T10:32:20","date_gmt":"2023-10-23T08:32:20","guid":{"rendered":"https:\/\/wbp.lublin.pl\/?p=47596"},"modified":"2023-10-23T10:32:21","modified_gmt":"2023-10-23T08:32:21","slug":"pozegnanie-dyrektora-biblioteki","status":"publish","type":"post","link":"https:\/\/wbp.lublin.pl\/index.php\/2023\/10\/23\/pozegnanie-dyrektora-biblioteki\/","title":{"rendered":"Po\u017cegnanie Dyrektora Biblioteki"},"content":{"rendered":"\n<!--more-->\n\n\n\n<p class=\"wp-block-paragraph\">18 pa\u017adziernika 2023 roku odby\u0142o si\u0119 po\u017cegnanie Pana Tadeusza S\u0142aweckiego, kt\u00f3ry zako\u0144czy\u0142 pe\u0142nienie funkcji Dyrektora Wojew\u00f3dzkiej Biblioteki Publicznej im. Hieronima \u0141opaci\u0144skiego w Lublinie.  <br>W spotkaniu uczestniczy\u0142a Pani El\u017cbieta K\u0119dzierska &#8211; Dyrektor Departamentu Kultury, Edukacji i Dziedzictwa Narodowego i Pan Bart\u0142omiej Ba\u0142aban &#8211; Cz\u0142onek Zarz\u0105du \u00a0Wojew\u00f3dztwa Lubelskiego oraz Pracownicy Biblioteki.<\/p>\n\n\n\n<figure class=\"wp-block-gallery has-nested-images columns-1 is-cropped wp-block-gallery-1 is-layout-flex wp-block-gallery-is-layout-flex\">\n<figure class=\"wp-block-image size-large\"><a href=\"https:\/\/wbp.lublin.pl\/wp-content\/uploads\/2023\/10\/DSC_3473-scaled.webp\"><img data-dominant-color=\"887a64\" data-has-transparency=\"false\" style=\"--dominant-color: #887a64;\" loading=\"lazy\" decoding=\"async\" width=\"675\" height=\"1080\" sizes=\"auto, (max-width: 675px) 100vw, 675px\" data-id=\"47598\" src=\"https:\/\/wbp.lublin.pl\/wp-content\/uploads\/2023\/10\/DSC_3473-675x1080.webp\" alt=\"\" class=\"wp-image-47598 not-transparent\" srcset=\"https:\/\/wbp.lublin.pl\/wp-content\/uploads\/2023\/10\/DSC_3473-675x1080.webp 675w, https:\/\/wbp.lublin.pl\/wp-content\/uploads\/2023\/10\/DSC_3473-375x600.webp 375w, https:\/\/wbp.lublin.pl\/wp-content\/uploads\/2023\/10\/DSC_3473-250x400.webp 250w, https:\/\/wbp.lublin.pl\/wp-content\/uploads\/2023\/10\/DSC_3473-768x1229.webp 768w, https:\/\/wbp.lublin.pl\/wp-content\/uploads\/2023\/10\/DSC_3473-960x1536.webp 960w, https:\/\/wbp.lublin.pl\/wp-content\/uploads\/2023\/10\/DSC_3473-1280x2048.webp 1280w, https:\/\/wbp.lublin.pl\/wp-content\/uploads\/2023\/10\/DSC_3473-947x1515.webp 947w, https:\/\/wbp.lublin.pl\/wp-content\/uploads\/2023\/10\/DSC_3473-624x998.webp 624w, https:\/\/wbp.lublin.pl\/wp-content\/uploads\/2023\/10\/DSC_3473-scaled.webp 1600w\" \/><\/a><figcaption class=\"wp-element-caption\">Tadeusz S\u0142awecki i Bart\u0142omiej Ba\u0142aban &#8211; Cz\u0142onek Zarz\u0105du \u00a0Wojew\u00f3dztwa Lubelskiego<\/figcaption><\/figure>\n\n\n\n<figure class=\"wp-block-image size-large\"><a href=\"https:\/\/wbp.lublin.pl\/wp-content\/uploads\/2023\/10\/DSC_3493-scaled.webp\"><img data-dominant-color=\"776d62\" data-has-transparency=\"false\" style=\"--dominant-color: #776d62;\" loading=\"lazy\" decoding=\"async\" width=\"1728\" height=\"1080\" sizes=\"auto, (max-width: 1728px) 100vw, 1728px\" data-id=\"47600\" src=\"https:\/\/wbp.lublin.pl\/wp-content\/uploads\/2023\/10\/DSC_3493-1728x1080.webp\" alt=\"\" class=\"wp-image-47600 not-transparent\" srcset=\"https:\/\/wbp.lublin.pl\/wp-content\/uploads\/2023\/10\/DSC_3493-1728x1080.webp 1728w, https:\/\/wbp.lublin.pl\/wp-content\/uploads\/2023\/10\/DSC_3493-600x375.webp 600w, https:\/\/wbp.lublin.pl\/wp-content\/uploads\/2023\/10\/DSC_3493-400x250.webp 400w, https:\/\/wbp.lublin.pl\/wp-content\/uploads\/2023\/10\/DSC_3493-768x480.webp 768w, https:\/\/wbp.lublin.pl\/wp-content\/uploads\/2023\/10\/DSC_3493-1536x960.webp 1536w, https:\/\/wbp.lublin.pl\/wp-content\/uploads\/2023\/10\/DSC_3493-2048x1280.webp 2048w, https:\/\/wbp.lublin.pl\/wp-content\/uploads\/2023\/10\/DSC_3493-947x592.webp 947w, https:\/\/wbp.lublin.pl\/wp-content\/uploads\/2023\/10\/DSC_3493-624x390.webp 624w\" \/><\/a><figcaption class=\"wp-element-caption\">Tadeusz S\u0142awecki i Bart\u0142omiej Ba\u0142aban &#8211; Cz\u0142onek Zarz\u0105du \u00a0Wojew\u00f3dztwa Lubelskiego<\/figcaption><\/figure>\n\n\n\n<figure class=\"wp-block-image size-large\"><a href=\"https:\/\/wbp.lublin.pl\/wp-content\/uploads\/2023\/10\/DSC_3497-scaled.webp\"><img data-dominant-color=\"837059\" data-has-transparency=\"false\" style=\"--dominant-color: #837059;\" loading=\"lazy\" decoding=\"async\" width=\"1728\" height=\"1080\" sizes=\"auto, (max-width: 1728px) 100vw, 1728px\" data-id=\"47601\" src=\"https:\/\/wbp.lublin.pl\/wp-content\/uploads\/2023\/10\/DSC_3497-1728x1080.webp\" alt=\"\" class=\"wp-image-47601 not-transparent\" srcset=\"https:\/\/wbp.lublin.pl\/wp-content\/uploads\/2023\/10\/DSC_3497-1728x1080.webp 1728w, https:\/\/wbp.lublin.pl\/wp-content\/uploads\/2023\/10\/DSC_3497-600x375.webp 600w, https:\/\/wbp.lublin.pl\/wp-content\/uploads\/2023\/10\/DSC_3497-400x250.webp 400w, https:\/\/wbp.lublin.pl\/wp-content\/uploads\/2023\/10\/DSC_3497-768x480.webp 768w, https:\/\/wbp.lublin.pl\/wp-content\/uploads\/2023\/10\/DSC_3497-1536x960.webp 1536w, https:\/\/wbp.lublin.pl\/wp-content\/uploads\/2023\/10\/DSC_3497-2048x1280.webp 2048w, https:\/\/wbp.lublin.pl\/wp-content\/uploads\/2023\/10\/DSC_3497-947x592.webp 947w, https:\/\/wbp.lublin.pl\/wp-content\/uploads\/2023\/10\/DSC_3497-624x390.webp 624w\" \/><\/a><figcaption class=\"wp-element-caption\">Tadeusz S\u0142awecki i El\u017cbieta K\u0119dzierska &#8211; Dyrektor Departamentu Kultury, Edukacji i Dziedzictwa Narodowego<\/figcaption><\/figure>\n\n\n\n<figure class=\"wp-block-image size-large\"><a href=\"https:\/\/wbp.lublin.pl\/wp-content\/uploads\/2023\/10\/DSC_3532-scaled.webp\"><img data-dominant-color=\"7a5a49\" data-has-transparency=\"false\" style=\"--dominant-color: #7a5a49;\" loading=\"lazy\" decoding=\"async\" width=\"675\" height=\"1080\" sizes=\"auto, (max-width: 675px) 100vw, 675px\" data-id=\"47603\" src=\"https:\/\/wbp.lublin.pl\/wp-content\/uploads\/2023\/10\/DSC_3532-675x1080.webp\" alt=\"\" class=\"wp-image-47603 not-transparent\" srcset=\"https:\/\/wbp.lublin.pl\/wp-content\/uploads\/2023\/10\/DSC_3532-675x1080.webp 675w, https:\/\/wbp.lublin.pl\/wp-content\/uploads\/2023\/10\/DSC_3532-375x600.webp 375w, https:\/\/wbp.lublin.pl\/wp-content\/uploads\/2023\/10\/DSC_3532-250x400.webp 250w, https:\/\/wbp.lublin.pl\/wp-content\/uploads\/2023\/10\/DSC_3532-768x1229.webp 768w, https:\/\/wbp.lublin.pl\/wp-content\/uploads\/2023\/10\/DSC_3532-960x1536.webp 960w, https:\/\/wbp.lublin.pl\/wp-content\/uploads\/2023\/10\/DSC_3532-1280x2048.webp 1280w, https:\/\/wbp.lublin.pl\/wp-content\/uploads\/2023\/10\/DSC_3532-947x1515.webp 947w, https:\/\/wbp.lublin.pl\/wp-content\/uploads\/2023\/10\/DSC_3532-624x998.webp 624w, https:\/\/wbp.lublin.pl\/wp-content\/uploads\/2023\/10\/DSC_3532-scaled.webp 1600w\" \/><\/a><\/figure>\n\n\n\n<figure class=\"wp-block-image size-large\"><a href=\"https:\/\/wbp.lublin.pl\/wp-content\/uploads\/2023\/10\/DSC_3567-scaled.webp\"><img data-dominant-color=\"7e715c\" data-has-transparency=\"false\" style=\"--dominant-color: #7e715c;\" loading=\"lazy\" decoding=\"async\" width=\"1728\" height=\"1080\" sizes=\"auto, (max-width: 1728px) 100vw, 1728px\" data-id=\"47602\" src=\"https:\/\/wbp.lublin.pl\/wp-content\/uploads\/2023\/10\/DSC_3567-1728x1080.webp\" alt=\"\" class=\"wp-image-47602 not-transparent\" srcset=\"https:\/\/wbp.lublin.pl\/wp-content\/uploads\/2023\/10\/DSC_3567-1728x1080.webp 1728w, https:\/\/wbp.lublin.pl\/wp-content\/uploads\/2023\/10\/DSC_3567-600x375.webp 600w, https:\/\/wbp.lublin.pl\/wp-content\/uploads\/2023\/10\/DSC_3567-400x250.webp 400w, https:\/\/wbp.lublin.pl\/wp-content\/uploads\/2023\/10\/DSC_3567-768x480.webp 768w, https:\/\/wbp.lublin.pl\/wp-content\/uploads\/2023\/10\/DSC_3567-1536x960.webp 1536w, https:\/\/wbp.lublin.pl\/wp-content\/uploads\/2023\/10\/DSC_3567-2048x1280.webp 2048w, https:\/\/wbp.lublin.pl\/wp-content\/uploads\/2023\/10\/DSC_3567-947x592.webp 947w, https:\/\/wbp.lublin.pl\/wp-content\/uploads\/2023\/10\/DSC_3567-624x390.webp 624w\" \/><\/a><\/figure>\n<\/figure>\n\n\n\n<p class=\"wp-block-paragraph\">Fot. Maciej Koz\u0142owski<\/p>\n","protected":false},"excerpt":{"rendered":"","protected":false},"author":21,"featured_media":47608,"comment_status":"closed","ping_status":"closed","sticky":false,"template":"","format":"standard","meta":{"_tec_requires_first_save":true,"_crdt_document":"","pgc_sgb_lightbox_settings":"","_EventAllDay":false,"_EventTimezone":"","_EventStartDate":"","_EventEndDate":"","_EventStartDateUTC":"","_EventEndDateUTC":"","_EventShowMap":false,"_EventShowMapLink":false,"_EventURL":"","_EventCost":"","_EventCostDescription":"","_EventCurrencySymbol":"","_EventCurrencyCode":"","_EventCurrencyPosition":"","_EventDateTimeSeparator":"","_EventTimeRangeSeparator":"","_EventOrganizerID":[],"_EventVenueID":[],"_OrganizerEmail":"","_OrganizerPhone":"","_OrganizerWebsite":"","_VenueAddress":"","_VenueCity":"","_VenueCountry":"","_VenueProvince":"","_VenueState":"","_VenueZip":"","_VenuePhone":"","_VenueURL":"","_VenueStateProvince":"","_VenueLat":"","_VenueLng":"","_VenueShowMap":false,"_VenueShowMapLink":false,"_tribe_blocks_recurrence_rules":"","_tribe_blocks_recurrence_description":"","_tribe_blocks_recurrence_exclusions":"","footnotes":""},"categories":[1,10,53],"tags":[],"class_list":["post-47596","post","type-post","status-publish","format-standard","has-post-thumbnail","hentry","category-bez-kategorii","category-aktualnosci","category-komunikaty"],"publishpress_future_action":{"enabled":false,"date":"2026-05-08 00:35:27","action":"change-status","newStatus":"draft","terms":[],"taxonomy":"category","extraData":[]},"publishpress_future_workflow_manual_trigger":{"enabledWorkflows":[]},"_links":{"self":[{"href":"https:\/\/wbp.lublin.pl\/index.php\/wp-json\/wp\/v2\/posts\/47596","targetHints":{"allow":["GET"]}}],"collection":[{"href":"https:\/\/wbp.lublin.pl\/index.php\/wp-json\/wp\/v2\/posts"}],"about":[{"href":"https:\/\/wbp.lublin.pl\/index.php\/wp-json\/wp\/v2\/types\/post"}],"author":[{"embeddable":true,"href":"https:\/\/wbp.lublin.pl\/index.php\/wp-json\/wp\/v2\/users\/21"}],"replies":[{"embeddable":true,"href":"https:\/\/wbp.lublin.pl\/index.php\/wp-json\/wp\/v2\/comments?post=47596"}],"version-history":[{"count":9,"href":"https:\/\/wbp.lublin.pl\/index.php\/wp-json\/wp\/v2\/posts\/47596\/revisions"}],"predecessor-version":[{"id":47625,"href":"https:\/\/wbp.lublin.pl\/index.php\/wp-json\/wp\/v2\/posts\/47596\/revisions\/47625"}],"wp:featuredmedia":[{"embeddable":true,"href":"https:\/\/wbp.lublin.pl\/index.php\/wp-json\/wp\/v2\/media\/47608"}],"wp:attachment":[{"href":"https:\/\/wbp.lublin.pl\/index.php\/wp-json\/wp\/v2\/media?parent=47596"}],"wp:term":[{"taxonomy":"category","embeddable":true,"href":"https:\/\/wbp.lublin.pl\/index.php\/wp-json\/wp\/v2\/categories?post=47596"},{"taxonomy":"post_tag","embeddable":true,"href":"https:\/\/wbp.lublin.pl\/index.php\/wp-json\/wp\/v2\/tags?post=47596"}],"curies":[{"name":"wp","href":"https:\/\/api.w.org\/{rel}","templated":true}]}}