{"id":47701,"date":"2023-11-21T07:54:50","date_gmt":"2023-11-21T06:54:50","guid":{"rendered":"https:\/\/wbp.lublin.pl\/?p=47701"},"modified":"2023-11-28T08:07:08","modified_gmt":"2023-11-28T07:07:08","slug":"mala-ksiazka-wielki-czlowiek-w-wbp-2","status":"publish","type":"post","link":"https:\/\/wbp.lublin.pl\/index.php\/2023\/11\/21\/mala-ksiazka-wielki-czlowiek-w-wbp-2\/","title":{"rendered":"&#8222;Ma\u0142a Ksi\u0105\u017cka &#8211; Wielki Cz\u0142owiek&#8221; w WBP"},"content":{"rendered":"\n<!--more-->\n\n\n\n<p class=\"wp-block-paragraph\">Ju\u017c po\u00a0raz kolejny Wojew\u00f3dzka Biblioteka Publiczna im. Hieronima \u0141opaci\u0144skiego w Lublinie bierze udzia\u0142 w\u00a0akcji \u201cMa\u0142a ksi\u0105\u017cka -wielki cz\u0142owiek\u201d, kt\u00f3ry jest realizowany w ramach og\u00f3lnopolskiej kampanii promuj\u0105cej czytanie generacyjne. <br>Wszystkie dzieci w wieku przedszkolnym (4\u20136 lat), kt\u00f3re odwiedz\u0105 <strong>Oddzia\u0142 dla Dzieci<\/strong>, otrzymaj\u0105 w prezencie <strong>Wyprawk\u0119 Czytelnicz\u0105<\/strong>, a w niej: <strong>ksi\u0105\u017ck\u0119 \u201eKrasnal w Krzywej Czapce\u201d<\/strong> oraz <strong>Kart\u0119 Ma\u0142ego Czytelnika<\/strong>. <br>\u00a0Za\u00a0ka\u017cd\u0105 wizyt\u0119 w\u00a0Bibliotece, zako\u0144czon\u0105 wypo\u017cyczeniem minimum jednej ksi\u0105\u017cki z\u00a0ksi\u0119gozbioru dzieci\u0119cego, Ma\u0142y Czytelnik otrzyma\u00a0<strong>naklejk\u0119<\/strong>, a\u00a0po\u00a0zebraniu dziesi\u0119ciu\u2026 niespodziank\u0119!<br>W\u00a0Wyprawce\u00a0co\u015b\u00a0dla\u00a0siebie\u00a0znajd\u0105\u00a0r\u00f3wnie\u017c\u00a0rodzice!<\/p>\n\n\n\n<p class=\"wp-block-paragraph\">Zapraszamy!<\/p>\n\n\n<div class=\"wp-block-image\">\n<figure class=\"aligncenter size-full\"><img data-dominant-color=\"dfd7c2\" data-has-transparency=\"false\" style=\"--dominant-color: #dfd7c2;\" decoding=\"async\" sizes=\"(max-width: 500px) 100vw, 500px\" src=\"https:\/\/wbp.lublin.pl\/wp-content\/uploads\/2023\/10\/grafika-sm-500x5001-1.png\" alt=\"\" class=\"wp-image-47715 not-transparent\"\/><\/figure>\n<\/div>\n\n\n<p class=\"wp-block-paragraph\"><a href=\"http:\/\/wielki-czlowiek.pl\/\">Ma\u0142a Ksi\u0105\u017cka Wielki Cz\u0142owiek<\/a><\/p>\n\n\n\n<figure class=\"wp-block-gallery has-nested-images columns-default is-cropped wp-block-gallery-1 is-layout-flex wp-block-gallery-is-layout-flex\">\n<figure class=\"wp-block-image size-full\"><img data-dominant-color=\"f6d9db\" data-has-transparency=\"false\" style=\"--dominant-color: #f6d9db;\" decoding=\"async\" sizes=\"(max-width: 449px) 100vw, 449px\" data-id=\"47716\" src=\"https:\/\/wbp.lublin.pl\/wp-content\/uploads\/2023\/10\/kv-2018-3-1j-jpg.webp\" alt=\"\" class=\"wp-image-47716 not-transparent\"\/><\/figure>\n<\/figure>\n","protected":false},"excerpt":{"rendered":"","protected":false},"author":20,"featured_media":47714,"comment_status":"closed","ping_status":"closed","sticky":false,"template":"","format":"standard","meta":{"_tec_requires_first_save":true,"_crdt_document":"","pgc_sgb_lightbox_settings":"","_EventAllDay":false,"_EventTimezone":"","_EventStartDate":"","_EventEndDate":"","_EventStartDateUTC":"","_EventEndDateUTC":"","_EventShowMap":false,"_EventShowMapLink":false,"_EventURL":"","_EventCost":"","_EventCostDescription":"","_EventCurrencySymbol":"","_EventCurrencyCode":"","_EventCurrencyPosition":"","_EventDateTimeSeparator":"","_EventTimeRangeSeparator":"","_EventOrganizerID":[],"_EventVenueID":[],"_OrganizerEmail":"","_OrganizerPhone":"","_OrganizerWebsite":"","_VenueAddress":"","_VenueCity":"","_VenueCountry":"","_VenueProvince":"","_VenueState":"","_VenueZip":"","_VenuePhone":"","_VenueURL":"","_VenueStateProvince":"","_VenueLat":"","_VenueLng":"","_VenueShowMap":false,"_VenueShowMapLink":false,"_tribe_blocks_recurrence_rules":"","_tribe_blocks_recurrence_description":"","_tribe_blocks_recurrence_exclusions":"","footnotes":""},"categories":[10,53],"tags":[],"class_list":["post-47701","post","type-post","status-publish","format-standard","has-post-thumbnail","hentry","category-aktualnosci","category-komunikaty"],"publishpress_future_action":{"enabled":false,"date":"2026-05-06 17:28:52","action":"change-status","newStatus":"draft","terms":[],"taxonomy":"category","extraData":[]},"publishpress_future_workflow_manual_trigger":{"enabledWorkflows":[]},"_links":{"self":[{"href":"https:\/\/wbp.lublin.pl\/index.php\/wp-json\/wp\/v2\/posts\/47701","targetHints":{"allow":["GET"]}}],"collection":[{"href":"https:\/\/wbp.lublin.pl\/index.php\/wp-json\/wp\/v2\/posts"}],"about":[{"href":"https:\/\/wbp.lublin.pl\/index.php\/wp-json\/wp\/v2\/types\/post"}],"author":[{"embeddable":true,"href":"https:\/\/wbp.lublin.pl\/index.php\/wp-json\/wp\/v2\/users\/20"}],"replies":[{"embeddable":true,"href":"https:\/\/wbp.lublin.pl\/index.php\/wp-json\/wp\/v2\/comments?post=47701"}],"version-history":[{"count":4,"href":"https:\/\/wbp.lublin.pl\/index.php\/wp-json\/wp\/v2\/posts\/47701\/revisions"}],"predecessor-version":[{"id":47795,"href":"https:\/\/wbp.lublin.pl\/index.php\/wp-json\/wp\/v2\/posts\/47701\/revisions\/47795"}],"wp:featuredmedia":[{"embeddable":true,"href":"https:\/\/wbp.lublin.pl\/index.php\/wp-json\/wp\/v2\/media\/47714"}],"wp:attachment":[{"href":"https:\/\/wbp.lublin.pl\/index.php\/wp-json\/wp\/v2\/media?parent=47701"}],"wp:term":[{"taxonomy":"category","embeddable":true,"href":"https:\/\/wbp.lublin.pl\/index.php\/wp-json\/wp\/v2\/categories?post=47701"},{"taxonomy":"post_tag","embeddable":true,"href":"https:\/\/wbp.lublin.pl\/index.php\/wp-json\/wp\/v2\/tags?post=47701"}],"curies":[{"name":"wp","href":"https:\/\/api.w.org\/{rel}","templated":true}]}}