{"id":48659,"date":"2023-11-24T10:21:40","date_gmt":"2023-11-24T09:21:40","guid":{"rendered":"https:\/\/wbp.lublin.pl\/?p=48659"},"modified":"2023-11-24T10:44:45","modified_gmt":"2023-11-24T09:44:45","slug":"promocja-ksiazki-dr-j-ewy-lesniewskiej-sobianowice-dobra-ziemskie-i-ich-wlasciciele-w-obiektywie","status":"publish","type":"post","link":"https:\/\/wbp.lublin.pl\/index.php\/2023\/11\/24\/promocja-ksiazki-dr-j-ewy-lesniewskiej-sobianowice-dobra-ziemskie-i-ich-wlasciciele-w-obiektywie\/","title":{"rendered":"Promocja ksi\u0105\u017cki dr J. Ewy Le\u015bniewskiej \u201eSobianowice. Dobra ziemskie i ich w\u0142a\u015bciciele\u201d w obiektywie"},"content":{"rendered":"\n<!--more-->\n\n\n\n<p class=\"wp-block-paragraph\">23 listopada 2023 w galerii Biblioteki odby\u0142a si\u0119 promocja ksi\u0105\u017cki dr J. Ewy Le\u015bniewskiej \u201eSobianowice. Dobra ziemskie i ich w\u0142a\u015bciciele (XVII-XX w.)&#8221;.  Spotkanie prowadzi\u0142 dr Grzegorz Figiel Zast\u0119pca Dyrektora ds. Merytorycznych WBP w Lublinie.<\/p>\n\n\n\n<p class=\"wp-block-paragraph\">Spotkanie zaszczycili swoj\u0105 obecno\u015bci\u0105 m.in. prof. dr hab. Stanis\u0142aw Micha\u0142owski &#8211; Autor przedmowy do publikacji, prof. dr hab. Anna Sochacka, prof. dr hab. Emil Horoch Edwin Gortat &#8211; W\u00f3jt Gminy W\u00f3lka, Andrzej Zdunek &#8211; Prezes Towarzystwa Biblioteki Publicznej im. Hieronima \u0141opaci\u0144skiego w Lublinie, Krystyna&nbsp;Romer-Patyra&nbsp;&#8211; Prezes Towarzystwa Mi\u0142o\u015bnik\u00f3w Wilna i Ziemi Wile\u0144skiej, Monika Mazurkiewicz &#8211; Dyrektor Miejsko-Gminnej Biblioteki Publicznej im. Zbigniewa Herberta w \u0141\u0119cznej, Ma\u0142gorzata Podniesi\u0144ska &#8211;  Dyrektor Gminnej Biblioteki Publicznej&nbsp;w&nbsp;W\u00f3lce.&nbsp;oraz dr&nbsp;Zenon&nbsp;S\u0142awi\u0144ski.<\/p>\n\n\n\n<figure class=\"wp-block-gallery has-nested-images columns-1 is-cropped wp-block-gallery-1 is-layout-flex wp-block-gallery-is-layout-flex\">\n<figure class=\"wp-block-image size-large\"><a href=\"https:\/\/wbp.lublin.pl\/wp-content\/uploads\/2023\/11\/DSC_9839-jpg.webp\"><img data-dominant-color=\"69547c\" data-has-transparency=\"false\" style=\"--dominant-color: #69547c;\" decoding=\"async\" data-id=\"48666\" src=\"https:\/\/wbp.lublin.pl\/wp-content\/uploads\/2023\/11\/DSC_9839-jpg.webp\" alt=\"\" class=\"wp-image-48666 not-transparent\"\/><\/a><figcaption class=\"wp-element-caption\">dr J. Ewa Le\u015bniewska<\/figcaption><\/figure>\n\n\n\n<figure class=\"wp-block-image size-large\"><a href=\"https:\/\/wbp.lublin.pl\/wp-content\/uploads\/2023\/11\/DSC_9814-jpg.webp\"><img data-dominant-color=\"8a7ead\" data-has-transparency=\"false\" style=\"--dominant-color: #8a7ead;\" decoding=\"async\" data-id=\"48663\" src=\"https:\/\/wbp.lublin.pl\/wp-content\/uploads\/2023\/11\/DSC_9814-jpg.webp\" alt=\"\" class=\"wp-image-48663 not-transparent\"\/><\/a><figcaption class=\"wp-element-caption\">Spotkanie prowadzi\u0142 dr Grzegorz Figiel<\/figcaption><\/figure>\n\n\n\n<figure class=\"wp-block-image size-large\"><a href=\"https:\/\/wbp.lublin.pl\/wp-content\/uploads\/2023\/11\/DSC_9862-jpg.webp\"><img data-dominant-color=\"6a5863\" data-has-transparency=\"false\" style=\"--dominant-color: #6a5863;\" decoding=\"async\" data-id=\"48668\" src=\"https:\/\/wbp.lublin.pl\/wp-content\/uploads\/2023\/11\/DSC_9862-jpg.webp\" alt=\"\" class=\"wp-image-48668 not-transparent\"\/><\/a><\/figure>\n\n\n\n<figure class=\"wp-block-image size-large\"><a href=\"https:\/\/wbp.lublin.pl\/wp-content\/uploads\/2023\/11\/DSC_9899-jpg.webp\"><img data-dominant-color=\"79728e\" data-has-transparency=\"false\" style=\"--dominant-color: #79728e;\" decoding=\"async\" data-id=\"48675\" src=\"https:\/\/wbp.lublin.pl\/wp-content\/uploads\/2023\/11\/DSC_9899-jpg.webp\" alt=\"\" class=\"wp-image-48675 not-transparent\"\/><\/a><figcaption class=\"wp-element-caption\">prof. dr hab. Stanis\u0142aw Micha\u0142owski <\/figcaption><\/figure>\n\n\n\n<figure class=\"wp-block-image size-large\"><a href=\"https:\/\/wbp.lublin.pl\/wp-content\/uploads\/2023\/11\/DSC_9892-jpg.webp\"><img data-dominant-color=\"958bb4\" data-has-transparency=\"false\" style=\"--dominant-color: #958bb4;\" decoding=\"async\" data-id=\"48674\" src=\"https:\/\/wbp.lublin.pl\/wp-content\/uploads\/2023\/11\/DSC_9892-jpg.webp\" alt=\"\" class=\"wp-image-48674 not-transparent\"\/><\/a><figcaption class=\"wp-element-caption\">Edwin Gortat W\u00f3jt Gminy W\u00f3lka<\/figcaption><\/figure>\n\n\n\n<figure class=\"wp-block-image size-large\"><a href=\"https:\/\/wbp.lublin.pl\/wp-content\/uploads\/2023\/11\/DSC_9909-jpg.webp\"><img data-dominant-color=\"8678a1\" data-has-transparency=\"false\" style=\"--dominant-color: #8678a1;\" decoding=\"async\" data-id=\"48677\" src=\"https:\/\/wbp.lublin.pl\/wp-content\/uploads\/2023\/11\/DSC_9909-jpg.webp\" alt=\"\" class=\"wp-image-48677 not-transparent\"\/><\/a><figcaption class=\"wp-element-caption\">Wyst\u0105pienie  Andrzeja Rolli  Dyrektora Wojew\u00f3dzkiej Biblioteki Publicznej im. Hieronima \u0141opaci\u0144skiego w Lublinie<\/figcaption><\/figure>\n\n\n\n<figure class=\"wp-block-image size-large\"><a href=\"https:\/\/wbp.lublin.pl\/wp-content\/uploads\/2023\/11\/DSC_9922-jpg.webp\"><img data-dominant-color=\"73659b\" data-has-transparency=\"false\" style=\"--dominant-color: #73659b;\" decoding=\"async\" data-id=\"48678\" src=\"https:\/\/wbp.lublin.pl\/wp-content\/uploads\/2023\/11\/DSC_9922-jpg.webp\" alt=\"\" class=\"wp-image-48678 not-transparent\"\/><\/a><figcaption class=\"wp-element-caption\">Gratulacje dla Autorki<\/figcaption><\/figure>\n\n\n\n<figure class=\"wp-block-image size-large\"><a href=\"https:\/\/wbp.lublin.pl\/wp-content\/uploads\/2023\/11\/DSC_9835-jpg.webp\"><img data-dominant-color=\"746248\" data-has-transparency=\"false\" style=\"--dominant-color: #746248;\" decoding=\"async\" data-id=\"48667\" src=\"https:\/\/wbp.lublin.pl\/wp-content\/uploads\/2023\/11\/DSC_9835-jpg.webp\" alt=\"\" class=\"wp-image-48667 not-transparent\"\/><\/a><figcaption class=\"wp-element-caption\">dr Zenon S\u0142awi\u0144ski, prof. dr hab. Stanis\u0142aw Micha\u0142owski, mgr in\u017c. Andrzej Rolla, Monika Mazurkiewicz<\/figcaption><\/figure>\n\n\n\n<figure class=\"wp-block-image size-full\"><a href=\"https:\/\/wbp.lublin.pl\/wp-content\/uploads\/2023\/11\/DSC_9838-jpg.webp\"><img data-dominant-color=\"736145\" data-has-transparency=\"false\" style=\"--dominant-color: #736145;\" decoding=\"async\" sizes=\"(max-width: 1330px) 100vw, 1330px\" data-id=\"48703\" src=\"https:\/\/wbp.lublin.pl\/wp-content\/uploads\/2023\/11\/DSC_9838-jpg.webp\" alt=\"\" class=\"wp-image-48703 not-transparent\"\/><\/a><figcaption class=\"wp-element-caption\">Go\u015bcie spotkania<\/figcaption><\/figure>\n\n\n\n<figure class=\"wp-block-image size-large\"><a href=\"https:\/\/wbp.lublin.pl\/wp-content\/uploads\/2023\/11\/DSC_9876-jpg.webp\"><img data-dominant-color=\"5e4f4a\" data-has-transparency=\"false\" style=\"--dominant-color: #5e4f4a;\" decoding=\"async\" data-id=\"48672\" src=\"https:\/\/wbp.lublin.pl\/wp-content\/uploads\/2023\/11\/DSC_9876-jpg.webp\" alt=\"\" class=\"wp-image-48672 not-transparent\"\/><\/a><figcaption class=\"wp-element-caption\">Andrzej Zdunek, Krystyna Romer-Patyra<\/figcaption><\/figure>\n\n\n\n<figure class=\"wp-block-image size-large\"><a href=\"https:\/\/wbp.lublin.pl\/wp-content\/uploads\/2023\/11\/DSC_9883-jpg.webp\"><img data-dominant-color=\"6b5846\" data-has-transparency=\"false\" style=\"--dominant-color: #6b5846;\" decoding=\"async\" data-id=\"48669\" src=\"https:\/\/wbp.lublin.pl\/wp-content\/uploads\/2023\/11\/DSC_9883-jpg.webp\" alt=\"\" class=\"wp-image-48669 not-transparent\"\/><\/a><\/figure>\n\n\n\n<figure class=\"wp-block-image size-large\"><a href=\"https:\/\/wbp.lublin.pl\/wp-content\/uploads\/2023\/11\/DSC_9890-jpg.webp\"><img data-dominant-color=\"735b45\" data-has-transparency=\"false\" style=\"--dominant-color: #735b45;\" decoding=\"async\" data-id=\"48671\" src=\"https:\/\/wbp.lublin.pl\/wp-content\/uploads\/2023\/11\/DSC_9890-jpg.webp\" alt=\"\" class=\"wp-image-48671 not-transparent\"\/><\/a><\/figure>\n\n\n\n<figure class=\"wp-block-image size-large\"><a href=\"https:\/\/wbp.lublin.pl\/wp-content\/uploads\/2023\/11\/DSC_9931-jpg.webp\"><img data-dominant-color=\"9f8e7d\" data-has-transparency=\"false\" style=\"--dominant-color: #9f8e7d;\" decoding=\"async\" data-id=\"48679\" src=\"https:\/\/wbp.lublin.pl\/wp-content\/uploads\/2023\/11\/DSC_9931-jpg.webp\" alt=\"\" class=\"wp-image-48679 not-transparent\"\/><\/a><\/figure>\n\n\n\n<figure class=\"wp-block-image size-large\"><a href=\"https:\/\/wbp.lublin.pl\/wp-content\/uploads\/2023\/11\/DSC_9933-jpg.webp\"><img data-dominant-color=\"756754\" data-has-transparency=\"false\" style=\"--dominant-color: #756754;\" decoding=\"async\" data-id=\"48680\" src=\"https:\/\/wbp.lublin.pl\/wp-content\/uploads\/2023\/11\/DSC_9933-jpg.webp\" alt=\"\" class=\"wp-image-48680 not-transparent\"\/><\/a><\/figure>\n\n\n\n<figure class=\"wp-block-image size-large\"><a href=\"https:\/\/wbp.lublin.pl\/wp-content\/uploads\/2023\/11\/DSC_9937-jpg.webp\"><img data-dominant-color=\"b59b8e\" data-has-transparency=\"false\" style=\"--dominant-color: #b59b8e;\" decoding=\"async\" data-id=\"48681\" src=\"https:\/\/wbp.lublin.pl\/wp-content\/uploads\/2023\/11\/DSC_9937-jpg.webp\" alt=\"\" class=\"wp-image-48681 not-transparent\"\/><\/a><\/figure>\n\n\n\n<figure class=\"wp-block-image size-large\"><a href=\"https:\/\/wbp.lublin.pl\/wp-content\/uploads\/2023\/11\/DSC_9939-jpg.webp\"><img data-dominant-color=\"a99691\" data-has-transparency=\"false\" style=\"--dominant-color: #a99691;\" decoding=\"async\" data-id=\"48682\" src=\"https:\/\/wbp.lublin.pl\/wp-content\/uploads\/2023\/11\/DSC_9939-jpg.webp\" alt=\"\" class=\"wp-image-48682 not-transparent\"\/><\/a><\/figure>\n\n\n\n<figure class=\"wp-block-image size-large\"><a href=\"https:\/\/wbp.lublin.pl\/wp-content\/uploads\/2023\/11\/DSC_9780-jpg.webp\"><img data-dominant-color=\"b2928e\" data-has-transparency=\"false\" style=\"--dominant-color: #b2928e;\" decoding=\"async\" data-id=\"48664\" src=\"https:\/\/wbp.lublin.pl\/wp-content\/uploads\/2023\/11\/DSC_9780-jpg.webp\" alt=\"\" class=\"wp-image-48664 not-transparent\"\/><\/a><\/figure>\n<\/figure>\n\n\n\n<p class=\"wp-block-paragraph\">Fot. Maciej Koz\u0142owski<\/p>\n","protected":false},"excerpt":{"rendered":"","protected":false},"author":21,"featured_media":48692,"comment_status":"closed","ping_status":"closed","sticky":false,"template":"","format":"standard","meta":{"_tec_requires_first_save":true,"_crdt_document":"","pgc_sgb_lightbox_settings":"","_EventAllDay":false,"_EventTimezone":"","_EventStartDate":"","_EventEndDate":"","_EventStartDateUTC":"","_EventEndDateUTC":"","_EventShowMap":false,"_EventShowMapLink":false,"_EventURL":"","_EventCost":"","_EventCostDescription":"","_EventCurrencySymbol":"","_EventCurrencyCode":"","_EventCurrencyPosition":"","_EventDateTimeSeparator":"","_EventTimeRangeSeparator":"","_EventOrganizerID":[],"_EventVenueID":[],"_OrganizerEmail":"","_OrganizerPhone":"","_OrganizerWebsite":"","_VenueAddress":"","_VenueCity":"","_VenueCountry":"","_VenueProvince":"","_VenueState":"","_VenueZip":"","_VenuePhone":"","_VenueURL":"","_VenueStateProvince":"","_VenueLat":"","_VenueLng":"","_VenueShowMap":false,"_VenueShowMapLink":false,"_tribe_blocks_recurrence_rules":"","_tribe_blocks_recurrence_description":"","_tribe_blocks_recurrence_exclusions":"","footnotes":""},"categories":[679,537,540,1,10],"tags":[],"class_list":["post-48659","post","type-post","status-publish","format-standard","has-post-thumbnail","hentry","category-rok-2023","category-archiwum-wydarzen","category-spotkania-autorskie-w-obiektywie","category-bez-kategorii","category-aktualnosci"],"publishpress_future_action":{"enabled":false,"date":"2026-05-04 12:22:45","action":"change-status","newStatus":"draft","terms":[],"taxonomy":"category","extraData":[]},"publishpress_future_workflow_manual_trigger":{"enabledWorkflows":[]},"_links":{"self":[{"href":"https:\/\/wbp.lublin.pl\/index.php\/wp-json\/wp\/v2\/posts\/48659","targetHints":{"allow":["GET"]}}],"collection":[{"href":"https:\/\/wbp.lublin.pl\/index.php\/wp-json\/wp\/v2\/posts"}],"about":[{"href":"https:\/\/wbp.lublin.pl\/index.php\/wp-json\/wp\/v2\/types\/post"}],"author":[{"embeddable":true,"href":"https:\/\/wbp.lublin.pl\/index.php\/wp-json\/wp\/v2\/users\/21"}],"replies":[{"embeddable":true,"href":"https:\/\/wbp.lublin.pl\/index.php\/wp-json\/wp\/v2\/comments?post=48659"}],"version-history":[{"count":10,"href":"https:\/\/wbp.lublin.pl\/index.php\/wp-json\/wp\/v2\/posts\/48659\/revisions"}],"predecessor-version":[{"id":48717,"href":"https:\/\/wbp.lublin.pl\/index.php\/wp-json\/wp\/v2\/posts\/48659\/revisions\/48717"}],"wp:featuredmedia":[{"embeddable":true,"href":"https:\/\/wbp.lublin.pl\/index.php\/wp-json\/wp\/v2\/media\/48692"}],"wp:attachment":[{"href":"https:\/\/wbp.lublin.pl\/index.php\/wp-json\/wp\/v2\/media?parent=48659"}],"wp:term":[{"taxonomy":"category","embeddable":true,"href":"https:\/\/wbp.lublin.pl\/index.php\/wp-json\/wp\/v2\/categories?post=48659"},{"taxonomy":"post_tag","embeddable":true,"href":"https:\/\/wbp.lublin.pl\/index.php\/wp-json\/wp\/v2\/tags?post=48659"}],"curies":[{"name":"wp","href":"https:\/\/api.w.org\/{rel}","templated":true}]}}