{"id":49205,"date":"2023-11-28T10:58:32","date_gmt":"2023-11-28T09:58:32","guid":{"rendered":"https:\/\/wbp.lublin.pl\/?p=49205"},"modified":"2023-11-28T11:06:38","modified_gmt":"2023-11-28T10:06:38","slug":"lubelskie-spotkania-milosnikow-regionu-w-obiektywie","status":"publish","type":"post","link":"https:\/\/wbp.lublin.pl\/index.php\/2023\/11\/28\/lubelskie-spotkania-milosnikow-regionu-w-obiektywie\/","title":{"rendered":"Lubelskie Spotkania Mi\u0142o\u015bnik\u00f3w Regionu\u00a0w obiektywie"},"content":{"rendered":"\n<!--more-->\n\n\n\n<p class=\"wp-block-paragraph\">27 listopada 2023 r. w Wojew\u00f3dzkiej Bibliotece Publicznej im. Hieronima \u0141opaci\u0144skiego w Lublinie odby\u0142a si\u0119 V edycja <strong>Lubelskich Spotka\u0144 Mi\u0142o\u015bnik\u00f3w Regionu<\/strong>\u00a0ph. <strong>Wsp\u00f3\u0142czesny regionalizm mi\u0119dzy tradycj\u0105 a nowoczesno\u015bci\u0105<\/strong>.<\/p>\n\n\n\n<figure class=\"wp-block-gallery has-nested-images columns-1 is-cropped wp-block-gallery-1 is-layout-flex wp-block-gallery-is-layout-flex\">\n<figure class=\"wp-block-image size-large\"><a href=\"https:\/\/wbp.lublin.pl\/wp-content\/uploads\/2023\/11\/1-2-scaled.webp\"><img data-dominant-color=\"6a635d\" data-has-transparency=\"false\" style=\"--dominant-color: #6a635d;\" loading=\"lazy\" decoding=\"async\" width=\"735\" height=\"1080\" sizes=\"auto, (max-width: 735px) 100vw, 735px\" data-id=\"49208\" src=\"https:\/\/wbp.lublin.pl\/wp-content\/uploads\/2023\/11\/1-2-735x1080.webp\" alt=\"\" class=\"wp-image-49208 not-transparent\" srcset=\"https:\/\/wbp.lublin.pl\/wp-content\/uploads\/2023\/11\/1-2-735x1080.webp 735w, https:\/\/wbp.lublin.pl\/wp-content\/uploads\/2023\/11\/1-2-408x600.webp 408w, https:\/\/wbp.lublin.pl\/wp-content\/uploads\/2023\/11\/1-2-272x400.webp 272w, https:\/\/wbp.lublin.pl\/wp-content\/uploads\/2023\/11\/1-2-768x1129.webp 768w, https:\/\/wbp.lublin.pl\/wp-content\/uploads\/2023\/11\/1-2-1045x1536.webp 1045w, https:\/\/wbp.lublin.pl\/wp-content\/uploads\/2023\/11\/1-2-1394x2048.webp 1394w, https:\/\/wbp.lublin.pl\/wp-content\/uploads\/2023\/11\/1-2-947x1392.webp 947w, https:\/\/wbp.lublin.pl\/wp-content\/uploads\/2023\/11\/1-2-624x917.webp 624w, https:\/\/wbp.lublin.pl\/wp-content\/uploads\/2023\/11\/1-2-scaled.webp 1742w\" \/><\/a><figcaption class=\"wp-element-caption\">Powitanie go\u015bci &#8211; Andrzej Rolla Dyrektor Wojew\u00f3dzkiej Biblioteki Publicznej im. Hieronima \u0141opaci\u0144skiego w Lublinie<\/figcaption><\/figure>\n\n\n\n<figure class=\"wp-block-image size-large\"><a href=\"https:\/\/wbp.lublin.pl\/wp-content\/uploads\/2023\/11\/2-1-scaled.webp\"><img data-dominant-color=\"696160\" data-has-transparency=\"false\" style=\"--dominant-color: #696160;\" loading=\"lazy\" decoding=\"async\" width=\"1920\" height=\"1024\" sizes=\"auto, (max-width: 1920px) 100vw, 1920px\" data-id=\"49212\" src=\"https:\/\/wbp.lublin.pl\/wp-content\/uploads\/2023\/11\/2-1-1920x1024.webp\" alt=\"\" class=\"wp-image-49212 not-transparent\" srcset=\"https:\/\/wbp.lublin.pl\/wp-content\/uploads\/2023\/11\/2-1-1920x1024.webp 1920w, https:\/\/wbp.lublin.pl\/wp-content\/uploads\/2023\/11\/2-1-600x320.webp 600w, https:\/\/wbp.lublin.pl\/wp-content\/uploads\/2023\/11\/2-1-400x213.webp 400w, https:\/\/wbp.lublin.pl\/wp-content\/uploads\/2023\/11\/2-1-768x410.webp 768w, https:\/\/wbp.lublin.pl\/wp-content\/uploads\/2023\/11\/2-1-1536x820.webp 1536w, https:\/\/wbp.lublin.pl\/wp-content\/uploads\/2023\/11\/2-1-2048x1093.webp 2048w, https:\/\/wbp.lublin.pl\/wp-content\/uploads\/2023\/11\/2-1-947x505.webp 947w, https:\/\/wbp.lublin.pl\/wp-content\/uploads\/2023\/11\/2-1-624x333.webp 624w\" \/><\/a><figcaption class=\"wp-element-caption\">Seminarium prowadzi\u0142a Lidia G\u0142\u0119bicka \u2013 Dzia\u0142 Instrukcyjno-Metodyczny WBP<\/figcaption><\/figure>\n\n\n\n<figure class=\"wp-block-image size-large\"><a href=\"https:\/\/wbp.lublin.pl\/wp-content\/uploads\/2023\/11\/3-1-scaled.webp\"><img data-dominant-color=\"605c54\" data-has-transparency=\"false\" style=\"--dominant-color: #605c54;\" loading=\"lazy\" decoding=\"async\" width=\"1920\" height=\"1038\" sizes=\"auto, (max-width: 1920px) 100vw, 1920px\" data-id=\"49213\" src=\"https:\/\/wbp.lublin.pl\/wp-content\/uploads\/2023\/11\/3-1-1920x1038.webp\" alt=\"\" class=\"wp-image-49213 not-transparent\" srcset=\"https:\/\/wbp.lublin.pl\/wp-content\/uploads\/2023\/11\/3-1-1920x1038.webp 1920w, https:\/\/wbp.lublin.pl\/wp-content\/uploads\/2023\/11\/3-1-600x324.webp 600w, https:\/\/wbp.lublin.pl\/wp-content\/uploads\/2023\/11\/3-1-400x216.webp 400w, https:\/\/wbp.lublin.pl\/wp-content\/uploads\/2023\/11\/3-1-768x415.webp 768w, https:\/\/wbp.lublin.pl\/wp-content\/uploads\/2023\/11\/3-1-1536x830.webp 1536w, https:\/\/wbp.lublin.pl\/wp-content\/uploads\/2023\/11\/3-1-2048x1107.webp 2048w, https:\/\/wbp.lublin.pl\/wp-content\/uploads\/2023\/11\/3-1-947x512.webp 947w, https:\/\/wbp.lublin.pl\/wp-content\/uploads\/2023\/11\/3-1-624x337.webp 624w\" \/><\/a><\/figure>\n\n\n\n<figure class=\"wp-block-image size-large\"><a href=\"https:\/\/wbp.lublin.pl\/wp-content\/uploads\/2023\/11\/4-1-scaled.webp\"><img data-dominant-color=\"524541\" data-has-transparency=\"false\" style=\"--dominant-color: #524541;\" loading=\"lazy\" decoding=\"async\" width=\"1351\" height=\"1080\" sizes=\"auto, (max-width: 1351px) 100vw, 1351px\" data-id=\"49209\" src=\"https:\/\/wbp.lublin.pl\/wp-content\/uploads\/2023\/11\/4-1-1351x1080.webp\" alt=\"\" class=\"wp-image-49209 not-transparent\" srcset=\"https:\/\/wbp.lublin.pl\/wp-content\/uploads\/2023\/11\/4-1-1351x1080.webp 1351w, https:\/\/wbp.lublin.pl\/wp-content\/uploads\/2023\/11\/4-1-600x480.webp 600w, https:\/\/wbp.lublin.pl\/wp-content\/uploads\/2023\/11\/4-1-400x320.webp 400w, https:\/\/wbp.lublin.pl\/wp-content\/uploads\/2023\/11\/4-1-768x614.webp 768w, https:\/\/wbp.lublin.pl\/wp-content\/uploads\/2023\/11\/4-1-1536x1228.webp 1536w, https:\/\/wbp.lublin.pl\/wp-content\/uploads\/2023\/11\/4-1-2048x1637.webp 2048w, https:\/\/wbp.lublin.pl\/wp-content\/uploads\/2023\/11\/4-1-947x757.webp 947w, https:\/\/wbp.lublin.pl\/wp-content\/uploads\/2023\/11\/4-1-624x499.webp 624w\" \/><\/a><figcaption class=\"wp-element-caption\">Na seminarium uhonorowano kluby DKK bior\u0105ce udzia\u0142 w akcji\u2026\u201eCzytanie na start\u201d. Nagrod\u0119 g\u0142\u00f3wn\u0105 zdoby\u0142 klub \u201eOk\u0142adka\u201d z Aleksandrowa\u2026<\/figcaption><\/figure>\n\n\n\n<figure class=\"wp-block-image size-large\"><a href=\"https:\/\/wbp.lublin.pl\/wp-content\/uploads\/2023\/11\/5-1-scaled.webp\"><img data-dominant-color=\"62544b\" data-has-transparency=\"false\" style=\"--dominant-color: #62544b;\" loading=\"lazy\" decoding=\"async\" width=\"1618\" height=\"1080\" sizes=\"auto, (max-width: 1618px) 100vw, 1618px\" data-id=\"49210\" src=\"https:\/\/wbp.lublin.pl\/wp-content\/uploads\/2023\/11\/5-1-1618x1080.webp\" alt=\"\" class=\"wp-image-49210 not-transparent\" srcset=\"https:\/\/wbp.lublin.pl\/wp-content\/uploads\/2023\/11\/5-1-1618x1080.webp 1618w, https:\/\/wbp.lublin.pl\/wp-content\/uploads\/2023\/11\/5-1-600x400.webp 600w, https:\/\/wbp.lublin.pl\/wp-content\/uploads\/2023\/11\/5-1-400x267.webp 400w, https:\/\/wbp.lublin.pl\/wp-content\/uploads\/2023\/11\/5-1-768x513.webp 768w, https:\/\/wbp.lublin.pl\/wp-content\/uploads\/2023\/11\/5-1-1536x1025.webp 1536w, https:\/\/wbp.lublin.pl\/wp-content\/uploads\/2023\/11\/5-1-2048x1367.webp 2048w, https:\/\/wbp.lublin.pl\/wp-content\/uploads\/2023\/11\/5-1-947x632.webp 947w, https:\/\/wbp.lublin.pl\/wp-content\/uploads\/2023\/11\/5-1-624x417.webp 624w, https:\/\/wbp.lublin.pl\/wp-content\/uploads\/2023\/11\/5-1-84x56.webp 84w\" \/><\/a><figcaption class=\"wp-element-caption\">\u2026za\u015b wyr\u00f3\u017cnienie klub \u201eZaczytani\u201d z Tarnogrodu<\/figcaption><\/figure>\n\n\n\n<figure class=\"wp-block-image size-large\"><a href=\"https:\/\/wbp.lublin.pl\/wp-content\/uploads\/2023\/11\/6-1-scaled.webp\"><img data-dominant-color=\"584f46\" data-has-transparency=\"false\" style=\"--dominant-color: #584f46;\" loading=\"lazy\" decoding=\"async\" width=\"762\" height=\"1080\" sizes=\"auto, (max-width: 762px) 100vw, 762px\" data-id=\"49211\" src=\"https:\/\/wbp.lublin.pl\/wp-content\/uploads\/2023\/11\/6-1-762x1080.webp\" alt=\"\" class=\"wp-image-49211 not-transparent\" srcset=\"https:\/\/wbp.lublin.pl\/wp-content\/uploads\/2023\/11\/6-1-762x1080.webp 762w, https:\/\/wbp.lublin.pl\/wp-content\/uploads\/2023\/11\/6-1-423x600.webp 423w, https:\/\/wbp.lublin.pl\/wp-content\/uploads\/2023\/11\/6-1-282x400.webp 282w, https:\/\/wbp.lublin.pl\/wp-content\/uploads\/2023\/11\/6-1-768x1088.webp 768w, https:\/\/wbp.lublin.pl\/wp-content\/uploads\/2023\/11\/6-1-1084x1536.webp 1084w, https:\/\/wbp.lublin.pl\/wp-content\/uploads\/2023\/11\/6-1-1446x2048.webp 1446w, https:\/\/wbp.lublin.pl\/wp-content\/uploads\/2023\/11\/6-1-947x1342.webp 947w, https:\/\/wbp.lublin.pl\/wp-content\/uploads\/2023\/11\/6-1-624x884.webp 624w, https:\/\/wbp.lublin.pl\/wp-content\/uploads\/2023\/11\/6-1-scaled.webp 1807w\" \/><\/a><figcaption class=\"wp-element-caption\">Prof. dr hab. Marian Surdacki<\/figcaption><\/figure>\n\n\n\n<figure class=\"wp-block-image size-large\"><img data-dominant-color=\"70706c\" data-has-transparency=\"false\" style=\"--dominant-color: #70706c;\" loading=\"lazy\" decoding=\"async\" width=\"1618\" height=\"1080\" sizes=\"auto, (max-width: 1618px) 100vw, 1618px\" data-id=\"49214\" src=\"https:\/\/wbp.lublin.pl\/wp-content\/uploads\/2023\/11\/7-2-1618x1080.webp\" alt=\"\" class=\"wp-image-49214 not-transparent\" srcset=\"https:\/\/wbp.lublin.pl\/wp-content\/uploads\/2023\/11\/7-2-1618x1080.webp 1618w, https:\/\/wbp.lublin.pl\/wp-content\/uploads\/2023\/11\/7-2-600x401.webp 600w, https:\/\/wbp.lublin.pl\/wp-content\/uploads\/2023\/11\/7-2-400x267.webp 400w, https:\/\/wbp.lublin.pl\/wp-content\/uploads\/2023\/11\/7-2-768x513.webp 768w, https:\/\/wbp.lublin.pl\/wp-content\/uploads\/2023\/11\/7-2-1536x1025.webp 1536w, https:\/\/wbp.lublin.pl\/wp-content\/uploads\/2023\/11\/7-2-2048x1367.webp 2048w, https:\/\/wbp.lublin.pl\/wp-content\/uploads\/2023\/11\/7-2-947x632.webp 947w, https:\/\/wbp.lublin.pl\/wp-content\/uploads\/2023\/11\/7-2-624x417.webp 624w, https:\/\/wbp.lublin.pl\/wp-content\/uploads\/2023\/11\/7-2-84x56.webp 84w\" \/><\/figure>\n\n\n\n<figure class=\"wp-block-image size-large\"><a href=\"https:\/\/wbp.lublin.pl\/wp-content\/uploads\/2023\/11\/8-1-scaled.webp\"><img data-dominant-color=\"857a6e\" data-has-transparency=\"false\" style=\"--dominant-color: #857a6e;\" loading=\"lazy\" decoding=\"async\" width=\"707\" height=\"1080\" sizes=\"auto, (max-width: 707px) 100vw, 707px\" data-id=\"49215\" src=\"https:\/\/wbp.lublin.pl\/wp-content\/uploads\/2023\/11\/8-1-707x1080.webp\" alt=\"\" class=\"wp-image-49215 not-transparent\" srcset=\"https:\/\/wbp.lublin.pl\/wp-content\/uploads\/2023\/11\/8-1-707x1080.webp 707w, https:\/\/wbp.lublin.pl\/wp-content\/uploads\/2023\/11\/8-1-393x600.webp 393w, https:\/\/wbp.lublin.pl\/wp-content\/uploads\/2023\/11\/8-1-262x400.webp 262w, https:\/\/wbp.lublin.pl\/wp-content\/uploads\/2023\/11\/8-1-768x1174.webp 768w, https:\/\/wbp.lublin.pl\/wp-content\/uploads\/2023\/11\/8-1-1005x1536.webp 1005w, https:\/\/wbp.lublin.pl\/wp-content\/uploads\/2023\/11\/8-1-1340x2048.webp 1340w, https:\/\/wbp.lublin.pl\/wp-content\/uploads\/2023\/11\/8-1-947x1447.webp 947w, https:\/\/wbp.lublin.pl\/wp-content\/uploads\/2023\/11\/8-1-624x954.webp 624w, https:\/\/wbp.lublin.pl\/wp-content\/uploads\/2023\/11\/8-1-scaled.webp 1675w\" \/><\/a><figcaption class=\"wp-element-caption\">Bo\u017cena Lech-Jab\u0142o\u0144ska \u2013 Zarz\u0105d G\u0142\u00f3wny SBP<\/figcaption><\/figure>\n\n\n\n<figure class=\"wp-block-image size-large\"><img data-dominant-color=\"6d675e\" data-has-transparency=\"false\" style=\"--dominant-color: #6d675e;\" loading=\"lazy\" decoding=\"async\" width=\"1618\" height=\"1080\" sizes=\"auto, (max-width: 1618px) 100vw, 1618px\" data-id=\"49216\" src=\"https:\/\/wbp.lublin.pl\/wp-content\/uploads\/2023\/11\/9-1-1618x1080.webp\" alt=\"\" class=\"wp-image-49216 not-transparent\" srcset=\"https:\/\/wbp.lublin.pl\/wp-content\/uploads\/2023\/11\/9-1-1618x1080.webp 1618w, https:\/\/wbp.lublin.pl\/wp-content\/uploads\/2023\/11\/9-1-600x401.webp 600w, https:\/\/wbp.lublin.pl\/wp-content\/uploads\/2023\/11\/9-1-400x267.webp 400w, https:\/\/wbp.lublin.pl\/wp-content\/uploads\/2023\/11\/9-1-768x513.webp 768w, https:\/\/wbp.lublin.pl\/wp-content\/uploads\/2023\/11\/9-1-1536x1025.webp 1536w, https:\/\/wbp.lublin.pl\/wp-content\/uploads\/2023\/11\/9-1-2048x1367.webp 2048w, https:\/\/wbp.lublin.pl\/wp-content\/uploads\/2023\/11\/9-1-947x632.webp 947w, https:\/\/wbp.lublin.pl\/wp-content\/uploads\/2023\/11\/9-1-624x417.webp 624w, https:\/\/wbp.lublin.pl\/wp-content\/uploads\/2023\/11\/9-1-84x56.webp 84w\" \/><\/figure>\n\n\n\n<figure class=\"wp-block-image size-large\"><a href=\"https:\/\/wbp.lublin.pl\/wp-content\/uploads\/2023\/11\/10-1-scaled.webp\"><img data-dominant-color=\"565354\" data-has-transparency=\"false\" style=\"--dominant-color: #565354;\" loading=\"lazy\" decoding=\"async\" width=\"804\" height=\"1080\" sizes=\"auto, (max-width: 804px) 100vw, 804px\" data-id=\"49217\" src=\"https:\/\/wbp.lublin.pl\/wp-content\/uploads\/2023\/11\/10-1-804x1080.webp\" alt=\"\" class=\"wp-image-49217 not-transparent\" srcset=\"https:\/\/wbp.lublin.pl\/wp-content\/uploads\/2023\/11\/10-1-804x1080.webp 804w, https:\/\/wbp.lublin.pl\/wp-content\/uploads\/2023\/11\/10-1-447x600.webp 447w, https:\/\/wbp.lublin.pl\/wp-content\/uploads\/2023\/11\/10-1-298x400.webp 298w, https:\/\/wbp.lublin.pl\/wp-content\/uploads\/2023\/11\/10-1-768x1032.webp 768w, https:\/\/wbp.lublin.pl\/wp-content\/uploads\/2023\/11\/10-1-1143x1536.webp 1143w, https:\/\/wbp.lublin.pl\/wp-content\/uploads\/2023\/11\/10-1-1524x2048.webp 1524w, https:\/\/wbp.lublin.pl\/wp-content\/uploads\/2023\/11\/10-1-947x1272.webp 947w, https:\/\/wbp.lublin.pl\/wp-content\/uploads\/2023\/11\/10-1-624x838.webp 624w, https:\/\/wbp.lublin.pl\/wp-content\/uploads\/2023\/11\/10-1-scaled.webp 1905w\" \/><\/a><figcaption class=\"wp-element-caption\">Andrzej Borz\u0119cki \u2013 Dyrektor Miejskiej Biblioteki Publicznej w Krasnymstawie<\/figcaption><\/figure>\n\n\n\n<figure class=\"wp-block-image size-large\"><img data-dominant-color=\"6f716e\" data-has-transparency=\"false\" style=\"--dominant-color: #6f716e;\" loading=\"lazy\" decoding=\"async\" width=\"1618\" height=\"1080\" sizes=\"auto, (max-width: 1618px) 100vw, 1618px\" data-id=\"49218\" src=\"https:\/\/wbp.lublin.pl\/wp-content\/uploads\/2023\/11\/11-1618x1080.webp\" alt=\"\" class=\"wp-image-49218 not-transparent\" srcset=\"https:\/\/wbp.lublin.pl\/wp-content\/uploads\/2023\/11\/11-1618x1080.webp 1618w, https:\/\/wbp.lublin.pl\/wp-content\/uploads\/2023\/11\/11-600x401.webp 600w, https:\/\/wbp.lublin.pl\/wp-content\/uploads\/2023\/11\/11-400x267.webp 400w, https:\/\/wbp.lublin.pl\/wp-content\/uploads\/2023\/11\/11-768x513.webp 768w, https:\/\/wbp.lublin.pl\/wp-content\/uploads\/2023\/11\/11-1536x1025.webp 1536w, https:\/\/wbp.lublin.pl\/wp-content\/uploads\/2023\/11\/11-2048x1367.webp 2048w, https:\/\/wbp.lublin.pl\/wp-content\/uploads\/2023\/11\/11-947x632.webp 947w, https:\/\/wbp.lublin.pl\/wp-content\/uploads\/2023\/11\/11-624x417.webp 624w, https:\/\/wbp.lublin.pl\/wp-content\/uploads\/2023\/11\/11-84x56.webp 84w\" \/><\/figure>\n\n\n\n<figure class=\"wp-block-image size-large\"><img data-dominant-color=\"7b7d76\" data-has-transparency=\"false\" style=\"--dominant-color: #7b7d76;\" loading=\"lazy\" decoding=\"async\" width=\"721\" height=\"1080\" sizes=\"auto, (max-width: 721px) 100vw, 721px\" data-id=\"49219\" src=\"https:\/\/wbp.lublin.pl\/wp-content\/uploads\/2023\/11\/12-721x1080.webp\" alt=\"\" class=\"wp-image-49219 not-transparent\" srcset=\"https:\/\/wbp.lublin.pl\/wp-content\/uploads\/2023\/11\/12-721x1080.webp 721w, https:\/\/wbp.lublin.pl\/wp-content\/uploads\/2023\/11\/12-401x600.webp 401w, https:\/\/wbp.lublin.pl\/wp-content\/uploads\/2023\/11\/12-267x400.webp 267w, https:\/\/wbp.lublin.pl\/wp-content\/uploads\/2023\/11\/12-768x1150.webp 768w, https:\/\/wbp.lublin.pl\/wp-content\/uploads\/2023\/11\/12-1025x1536.webp 1025w, https:\/\/wbp.lublin.pl\/wp-content\/uploads\/2023\/11\/12-1367x2048.webp 1367w, https:\/\/wbp.lublin.pl\/wp-content\/uploads\/2023\/11\/12-947x1419.webp 947w, https:\/\/wbp.lublin.pl\/wp-content\/uploads\/2023\/11\/12-624x935.webp 624w, https:\/\/wbp.lublin.pl\/wp-content\/uploads\/2023\/11\/12-scaled.webp 1709w\" \/><figcaption class=\"wp-element-caption\">od lewej: Bo\u017cena Lech-Jab\u0142o\u0144ska, Tadeusz S\u0142awecki<\/figcaption><\/figure>\n\n\n\n<figure class=\"wp-block-image size-large\"><img data-dominant-color=\"574d48\" data-has-transparency=\"false\" style=\"--dominant-color: #574d48;\" loading=\"lazy\" decoding=\"async\" width=\"634\" height=\"1080\" sizes=\"auto, (max-width: 634px) 100vw, 634px\" data-id=\"49220\" src=\"https:\/\/wbp.lublin.pl\/wp-content\/uploads\/2023\/11\/13-634x1080.webp\" alt=\"\" class=\"wp-image-49220 not-transparent\" srcset=\"https:\/\/wbp.lublin.pl\/wp-content\/uploads\/2023\/11\/13-634x1080.webp 634w, https:\/\/wbp.lublin.pl\/wp-content\/uploads\/2023\/11\/13-352x600.webp 352w, https:\/\/wbp.lublin.pl\/wp-content\/uploads\/2023\/11\/13-235x400.webp 235w, https:\/\/wbp.lublin.pl\/wp-content\/uploads\/2023\/11\/13-768x1309.webp 768w, https:\/\/wbp.lublin.pl\/wp-content\/uploads\/2023\/11\/13-901x1536.webp 901w, https:\/\/wbp.lublin.pl\/wp-content\/uploads\/2023\/11\/13-1202x2048.webp 1202w, https:\/\/wbp.lublin.pl\/wp-content\/uploads\/2023\/11\/13-947x1614.webp 947w, https:\/\/wbp.lublin.pl\/wp-content\/uploads\/2023\/11\/13-624x1063.webp 624w, https:\/\/wbp.lublin.pl\/wp-content\/uploads\/2023\/11\/13-scaled.webp 1502w\" \/><figcaption class=\"wp-element-caption\">Waldemar Kawecki \u2013 Dzia\u0142 Bibliografii Lubelszczyzny i Wiedzy o Regionie<\/figcaption><\/figure>\n\n\n\n<figure class=\"wp-block-image size-large\"><img data-dominant-color=\"3c312e\" data-has-transparency=\"false\" style=\"--dominant-color: #3c312e;\" loading=\"lazy\" decoding=\"async\" width=\"721\" height=\"1080\" sizes=\"auto, (max-width: 721px) 100vw, 721px\" data-id=\"49221\" src=\"https:\/\/wbp.lublin.pl\/wp-content\/uploads\/2023\/11\/15-721x1080.webp\" alt=\"\" class=\"wp-image-49221 not-transparent\" srcset=\"https:\/\/wbp.lublin.pl\/wp-content\/uploads\/2023\/11\/15-721x1080.webp 721w, https:\/\/wbp.lublin.pl\/wp-content\/uploads\/2023\/11\/15-401x600.webp 401w, https:\/\/wbp.lublin.pl\/wp-content\/uploads\/2023\/11\/15-267x400.webp 267w, https:\/\/wbp.lublin.pl\/wp-content\/uploads\/2023\/11\/15-768x1150.webp 768w, https:\/\/wbp.lublin.pl\/wp-content\/uploads\/2023\/11\/15-1025x1536.webp 1025w, https:\/\/wbp.lublin.pl\/wp-content\/uploads\/2023\/11\/15-1367x2048.webp 1367w, https:\/\/wbp.lublin.pl\/wp-content\/uploads\/2023\/11\/15-947x1419.webp 947w, https:\/\/wbp.lublin.pl\/wp-content\/uploads\/2023\/11\/15-624x935.webp 624w, https:\/\/wbp.lublin.pl\/wp-content\/uploads\/2023\/11\/15-scaled.webp 1709w\" \/><\/figure>\n\n\n\n<figure class=\"wp-block-image size-large\"><img data-dominant-color=\"4d4b4b\" data-has-transparency=\"false\" style=\"--dominant-color: #4d4b4b;\" loading=\"lazy\" decoding=\"async\" width=\"863\" height=\"1080\" sizes=\"auto, (max-width: 863px) 100vw, 863px\" data-id=\"49222\" src=\"https:\/\/wbp.lublin.pl\/wp-content\/uploads\/2023\/11\/16-863x1080.webp\" alt=\"\" class=\"wp-image-49222 not-transparent\" srcset=\"https:\/\/wbp.lublin.pl\/wp-content\/uploads\/2023\/11\/16-863x1080.webp 863w, https:\/\/wbp.lublin.pl\/wp-content\/uploads\/2023\/11\/16-480x600.webp 480w, https:\/\/wbp.lublin.pl\/wp-content\/uploads\/2023\/11\/16-320x400.webp 320w, https:\/\/wbp.lublin.pl\/wp-content\/uploads\/2023\/11\/16-768x961.webp 768w, https:\/\/wbp.lublin.pl\/wp-content\/uploads\/2023\/11\/16-1228x1536.webp 1228w, https:\/\/wbp.lublin.pl\/wp-content\/uploads\/2023\/11\/16-1637x2048.webp 1637w, https:\/\/wbp.lublin.pl\/wp-content\/uploads\/2023\/11\/16-947x1185.webp 947w, https:\/\/wbp.lublin.pl\/wp-content\/uploads\/2023\/11\/16-624x781.webp 624w, https:\/\/wbp.lublin.pl\/wp-content\/uploads\/2023\/11\/16-scaled.webp 2046w\" \/><\/figure>\n<\/figure>\n\n\n\n<p class=\"wp-block-paragraph\">Fot. Maciej Koz\u0142owski<\/p>\n","protected":false},"excerpt":{"rendered":"","protected":false},"author":21,"featured_media":49223,"comment_status":"closed","ping_status":"closed","sticky":false,"template":"","format":"standard","meta":{"_tec_requires_first_save":true,"_crdt_document":"","pgc_sgb_lightbox_settings":"","_EventAllDay":false,"_EventTimezone":"","_EventStartDate":"","_EventEndDate":"","_EventStartDateUTC":"","_EventEndDateUTC":"","_EventShowMap":false,"_EventShowMapLink":false,"_EventURL":"","_EventCost":"","_EventCostDescription":"","_EventCurrencySymbol":"","_EventCurrencyCode":"","_EventCurrencyPosition":"","_EventDateTimeSeparator":"","_EventTimeRangeSeparator":"","_EventOrganizerID":[],"_EventVenueID":[],"_OrganizerEmail":"","_OrganizerPhone":"","_OrganizerWebsite":"","_VenueAddress":"","_VenueCity":"","_VenueCountry":"","_VenueProvince":"","_VenueState":"","_VenueZip":"","_VenuePhone":"","_VenueURL":"","_VenueStateProvince":"","_VenueLat":"","_VenueLng":"","_VenueShowMap":false,"_VenueShowMapLink":false,"_tribe_blocks_recurrence_rules":"","_tribe_blocks_recurrence_description":"","_tribe_blocks_recurrence_exclusions":"","footnotes":""},"categories":[679,537,538,10],"tags":[],"class_list":["post-49205","post","type-post","status-publish","format-standard","has-post-thumbnail","hentry","category-rok-2023","category-archiwum-wydarzen","category-imprezy-w-obiektywie","category-aktualnosci"],"publishpress_future_action":{"enabled":false,"date":"2026-05-04 12:20:17","action":"change-status","newStatus":"draft","terms":[],"taxonomy":"category","extraData":[]},"publishpress_future_workflow_manual_trigger":{"enabledWorkflows":[]},"_links":{"self":[{"href":"https:\/\/wbp.lublin.pl\/index.php\/wp-json\/wp\/v2\/posts\/49205","targetHints":{"allow":["GET"]}}],"collection":[{"href":"https:\/\/wbp.lublin.pl\/index.php\/wp-json\/wp\/v2\/posts"}],"about":[{"href":"https:\/\/wbp.lublin.pl\/index.php\/wp-json\/wp\/v2\/types\/post"}],"author":[{"embeddable":true,"href":"https:\/\/wbp.lublin.pl\/index.php\/wp-json\/wp\/v2\/users\/21"}],"replies":[{"embeddable":true,"href":"https:\/\/wbp.lublin.pl\/index.php\/wp-json\/wp\/v2\/comments?post=49205"}],"version-history":[{"count":3,"href":"https:\/\/wbp.lublin.pl\/index.php\/wp-json\/wp\/v2\/posts\/49205\/revisions"}],"predecessor-version":[{"id":49230,"href":"https:\/\/wbp.lublin.pl\/index.php\/wp-json\/wp\/v2\/posts\/49205\/revisions\/49230"}],"wp:featuredmedia":[{"embeddable":true,"href":"https:\/\/wbp.lublin.pl\/index.php\/wp-json\/wp\/v2\/media\/49223"}],"wp:attachment":[{"href":"https:\/\/wbp.lublin.pl\/index.php\/wp-json\/wp\/v2\/media?parent=49205"}],"wp:term":[{"taxonomy":"category","embeddable":true,"href":"https:\/\/wbp.lublin.pl\/index.php\/wp-json\/wp\/v2\/categories?post=49205"},{"taxonomy":"post_tag","embeddable":true,"href":"https:\/\/wbp.lublin.pl\/index.php\/wp-json\/wp\/v2\/tags?post=49205"}],"curies":[{"name":"wp","href":"https:\/\/api.w.org\/{rel}","templated":true}]}}